{"id":75757,"date":"2026-01-19T12:25:04","date_gmt":"2026-01-19T15:25:04","guid":{"rendered":"https:\/\/www.paranapraia.com.br\/?p=75757"},"modified":"2026-01-19T12:25:06","modified_gmt":"2026-01-19T15:25:06","slug":"praia-acessivel-supera-11-mil-atendimentos-e-bate-recorde-de-banhos-de-mar-em-20-dias","status":"publish","type":"post","link":"https:\/\/www.paranapraia.com.br\/index.php\/2026\/01\/19\/praia-acessivel-supera-11-mil-atendimentos-e-bate-recorde-de-banhos-de-mar-em-20-dias\/","title":{"rendered":"Praia Acess\u00edvel supera 1,1 mil atendimentos e bate recorde de banhos de mar em 20 dias"},"content":{"rendered":"\n<p>O programa Praia Acess\u00edvel registrou neste final de semana o recorde de atendimentos desde que foi implementado, na temporada de 2016-2017. Em apenas 20 dias de funcionamento na temporada 2025\/2026, a iniciativa j\u00e1 contabilizou 1.187 atendimentos a pessoas com defici\u00eancia ou mobilidade reduzida, sendo 501 homens e 686 mulheres, em pontos do Litoral e do Interior do Paran\u00e1.<\/p>\n\n\n\n<p>Coordenado pela Secretaria do Desenvolvimento Social e Fam\u00edlia (Sedef), em parceria com a Sanepar e a Secretaria do Esporte, o programa integra as a\u00e7\u00f5es do Ver\u00e3o Maior Paran\u00e1 e tem como objetivo garantir o acesso seguro ao lazer. A iniciativa possibilita banhos de mar e passeios na areia, promovendo inclus\u00e3o e qualidade de vida.<\/p>\n\n\n\n<p>Os n\u00fameros desta temporada superam os resultados de anos anteriores em um curto per\u00edodo. Ao longo de toda a temporada 2024\/2025, foram registrados 1.108 atendimentos em sete pontos do Litoral, enquanto na temporada 2023\/2024 o total foi de 763 atendimentos. \u201cO desempenho refor\u00e7a a tend\u00eancia de crescimento devido a import\u00e2ncia do programa\u201d, explica o secret\u00e1rio da pasta, Rog\u00e9rio Carboni.<\/p>\n\n\n\n<p>Para os usu\u00e1rios do programa, as cadeiras anf\u00edbias s\u00e3o a \u00fanica forma de ter acesso a este momento de lazer no mar. Foi o que explicou Roberta Bigliardi, de 58 anos, ex-t\u00e9cnica em enfermagem. A aposentada voltou a entrar no mar ap\u00f3s quatro anos gra\u00e7as ao programa Praia Acess\u00edvel.<\/p>\n\n\n\n<p>Cadeirante em decorr\u00eancia de um AVC hemorr\u00e1gico sofrido durante uma cirurgia no c\u00e9rebro, seguido por um segundo AVC, ela ficou com o lado esquerdo do corpo comprometido e, apesar de recuperar os movimentos do bra\u00e7o com fisioterapia, ainda n\u00e3o movimenta a perna. Moradora de Curitiba e ex-residente da Ilha do Mel, onde o mar fazia parte de sua rotina por 15 anos, Roberta vivenciou no programa um reencontro emocional com o oceano.<\/p>\n\n\n\n<p>\u201cEsta experi\u00eancia \u00e9 uma felicidade enorme. A iniciativa \u00e9 s\u00edmbolo de inclus\u00e3o, transforma\u00e7\u00e3o e retomada de momentos que pareciam inacess\u00edveis para mim\u201d, afirma.<\/p>\n\n\n\n<p>A professora Josete do Carmo, 65 anos, de Curitiba, comemora ver o filho Jo\u00e3o Paulo, de 45 anos, entrar no mar na vida adulta gra\u00e7as ao programa Praia Acess\u00edvel. Jo\u00e3o Paulo, que nasceu com defici\u00eancia e mobilidade reduzida, frequentava o litoral desde beb\u00ea, mas s\u00f3 conseguia se aproximar da \u00e1gua com ajuda. H\u00e1 cerca de tr\u00eas anos, a fam\u00edlia passou a usar a cadeira anf\u00edbia do programa e, desde ent\u00e3o, ele participa das atividades quase diariamente durante o ver\u00e3o. Josete destaca que o banho de mar relaxa os m\u00fasculos, melhora a mobilidade e eleva o humor do filho.<\/p>\n\n\n\n<p>\u201cEsta cadeira \u00e9 muito importante para inclus\u00e3o e qualidade de vida\u201d, diz.<\/p>\n\n\n\n<p>Nesta edi\u00e7\u00e3o, o Praia Acess\u00edvel conta com uma estrutura ampliada, incluindo 11 cadeiras anf\u00edbias. Os equipamentos est\u00e3o distribu\u00eddos em postos de atendimento no Litoral, na Costa Noroeste e na Costa Oeste do Estado.<\/p>\n\n\n\n<p>No Litoral, o atendimento ocorre nos munic\u00edpios de Matinhos, Guaratuba e Pontal do Paran\u00e1. J\u00e1 nas regi\u00f5es de \u00e1gua doce, a a\u00e7\u00e3o est\u00e1 presente em Marilena (Porto Maring\u00e1) e S\u00e3o Pedro do Paran\u00e1 (Porto S\u00e3o Jos\u00e9), na Costa Noroeste, al\u00e9m de Marechal C\u00e2ndido Rondon, na Costa Oeste, no ponto fixo da Praia de Porto Mendes, onde o atendimento \u00e9 realizado mediante agendamento pr\u00e9vio.<\/p>\n\n\n\n<p>As cadeiras anf\u00edbias utilizadas no programa s\u00e3o projetadas para garantir seguran\u00e7a e conforto aos usu\u00e1rios, com rodas especiais para areia e \u00e1gua, cinto de seguran\u00e7a regul\u00e1vel, apoio cervical e estrutura flutuante. O atendimento \u00e9 realizado por profissionais de Educa\u00e7\u00e3o F\u00edsica e equipes capacitadas, que acompanham os participantes durante toda a atividade, promovendo autonomia, inclus\u00e3o e momentos de conviv\u00eancia em fam\u00edlia.<\/p>\n\n\n\n<p>O Praia Acess\u00edvel funciona de ter\u00e7a a domingo, das 8h \u00e0s 12h e das 15h \u00e0s 19h, at\u00e9 1\u00ba de fevereiro de 2026, com per\u00edodos adicionais em algumas regi\u00f5es do Estado.<\/p>\n\n\n\n<p><strong>Servi\u00e7o:<\/strong><\/p>\n\n\n\n<p><strong>LITORAL<\/strong><\/p>\n\n\n\n<p>Matinhos (2 pontos fixos):<\/p>\n\n\n\n<p>Matinhos: Entre os Balne\u00e1rios de Flamingo e Riviera.<\/p>\n\n\n\n<p>Balne\u00e1rio Caiob\u00e1: Avenida Atl\u00e2ntica, entre as ruas Apucarana, Paranagu\u00e1 e Ponta Grossa.<\/p>\n\n\n\n<p>Guaratuba (1 fixo + 1 itinerante):<\/p>\n\n\n\n<p>Praia do Cristo (Ponto fixo): Final da Avenida Atl\u00e2ntica.<\/p>\n\n\n\n<p>Pontal do Paran\u00e1 (3 fixos + 1 itinerante):<\/p>\n\n\n\n<p>Shangri-l\u00e1: Avenida Deputado An\u00edbal Khury, no final da Avenida Edo Puhl.<\/p>\n\n\n\n<p>Praia de Leste: Avenida Deputado An\u00edbal Khury, no final da Rua Baroneza do Cerro Azul.<\/p>\n\n\n\n<p>Ipanema: Avenida Deputado An\u00edbal Khury, no final da Avenida S\u00e3o Lu\u00eds.<\/p>\n\n\n\n<p>Dias e hor\u00e1rios: At\u00e9 1.\u00ba de fevereiro, de ter\u00e7a a domingo, das 8h \u00e0s 12h e das 15h \u00e0s 19h.<\/p>\n\n\n\n<p>Per\u00edodo adicional: de 07 a 18\/02, com funcionamento aos fins de semana e durante o Carnaval nos pontos fixos de Matinhos, Caiob\u00e1, Guaratuba e Shangri-l\u00e1.<\/p>\n\n\n\n<p><strong>COSTA NOROESTE<\/strong><\/p>\n\n\n\n<p>Marilena: Porto Maring\u00e1 (ponto fixo na orla).<\/p>\n\n\n\n<p>S\u00e3o Pedro do Paran\u00e1: Praia de Porto S\u00e3o Jos\u00e9 (ponto fixo na orla).<\/p>\n\n\n\n<p>Funcionamento: At\u00e9 1\u00ba de fevereiro, de ter\u00e7a a domingo, das 8h \u00e0s 12h e das 15h \u00e0s 19h.<\/p>\n\n\n\n<p><strong>COSTA OESTE<\/strong><\/p>\n\n\n\n<p>Marechal C\u00e2ndido Rondon: Praia de Porto Mendes (ponto fixo).<\/p>\n\n\n\n<p>Funcionamento: At\u00e9 1.\u00ba de fevereiro. O atendimento ocorre somente com agendamento pr\u00e9vio pelos telefones (45) 2384-8061 ou (45) 2384-8062.<\/p>\n\n\n\n<p>AEN\/PR<\/p>\n","protected":false},"excerpt":{"rendered":"<p>O programa Praia Acess\u00edvel registrou neste final de semana o recorde de atendimentos desde que foi implementado, na temporada de 2016-2017. Em apenas 20 dias de funcionamento na temporada 2025\/2026, a iniciativa j\u00e1 contabilizou 1.187 atendimentos a pessoas com defici\u00eancia ou mobilidade reduzida, sendo 501 homens e 686 mulheres, em pontos do Litoral e do [&hellip;]<\/p>\n","protected":false},"author":2,"featured_media":75758,"comment_status":"open","ping_status":"open","sticky":false,"template":"","format":"standard","meta":{"advanced_seo_description":"","jetpack_seo_html_title":"","jetpack_seo_noindex":false,"_jetpack_memberships_contains_paid_content":false,"footnotes":""},"categories":[40],"tags":[],"class_list":{"0":"post-75757","1":"post","2":"type-post","3":"status-publish","4":"format-standard","5":"has-post-thumbnail","7":"category-destaques"},"jetpack_featured_media_url":"https:\/\/www.paranapraia.com.br\/wp-content\/uploads\/2026\/01\/55041656788_b5a8b5a7d1_o-scaled.jpg","jetpack_sharing_enabled":true,"_links":{"self":[{"href":"https:\/\/www.paranapraia.com.br\/index.php\/wp-json\/wp\/v2\/posts\/75757"}],"collection":[{"href":"https:\/\/www.paranapraia.com.br\/index.php\/wp-json\/wp\/v2\/posts"}],"about":[{"href":"https:\/\/www.paranapraia.com.br\/index.php\/wp-json\/wp\/v2\/types\/post"}],"author":[{"embeddable":true,"href":"https:\/\/www.paranapraia.com.br\/index.php\/wp-json\/wp\/v2\/users\/2"}],"replies":[{"embeddable":true,"href":"https:\/\/www.paranapraia.com.br\/index.php\/wp-json\/wp\/v2\/comments?post=75757"}],"version-history":[{"count":1,"href":"https:\/\/www.paranapraia.com.br\/index.php\/wp-json\/wp\/v2\/posts\/75757\/revisions"}],"predecessor-version":[{"id":75759,"href":"https:\/\/www.paranapraia.com.br\/index.php\/wp-json\/wp\/v2\/posts\/75757\/revisions\/75759"}],"wp:featuredmedia":[{"embeddable":true,"href":"https:\/\/www.paranapraia.com.br\/index.php\/wp-json\/wp\/v2\/media\/75758"}],"wp:attachment":[{"href":"https:\/\/www.paranapraia.com.br\/index.php\/wp-json\/wp\/v2\/media?parent=75757"}],"wp:term":[{"taxonomy":"category","embeddable":true,"href":"https:\/\/www.paranapraia.com.br\/index.php\/wp-json\/wp\/v2\/categories?post=75757"},{"taxonomy":"post_tag","embeddable":true,"href":"https:\/\/www.paranapraia.com.br\/index.php\/wp-json\/wp\/v2\/tags?post=75757"}],"curies":[{"name":"wp","href":"https:\/\/api.w.org\/{rel}","templated":true}]}}