{"id":75745,"date":"2026-01-19T11:24:47","date_gmt":"2026-01-19T14:24:47","guid":{"rendered":"https:\/\/www.paranapraia.com.br\/?p=75745"},"modified":"2026-01-19T11:24:49","modified_gmt":"2026-01-19T14:24:49","slug":"prefeitura-de-paranagua-atende-ocorrencias-apos-chuvas-intensas-e-ventos-fortes-na-cidade","status":"publish","type":"post","link":"https:\/\/www.paranapraia.com.br\/index.php\/2026\/01\/19\/prefeitura-de-paranagua-atende-ocorrencias-apos-chuvas-intensas-e-ventos-fortes-na-cidade\/","title":{"rendered":"Prefeitura de Paranagu\u00e1 atende ocorr\u00eancias ap\u00f3s chuvas intensas e ventos fortes na cidade"},"content":{"rendered":"\n<p>A Prefeitura de Paranagu\u00e1 atendeu diversas ocorr\u00eancias registradas na noite de domingo, dia 18, em decorr\u00eancia das chuvas intensas e dos ventos fortes que atingiram o munic\u00edpio. De acordo com dados do Sistema de Tecnologia e Monitoramento Ambiental do Paran\u00e1 (Simepar), foram registradas rajadas de vento de at\u00e9 70,6 km\/h, al\u00e9m de volumes elevados de chuva concentrados em curtos per\u00edodos.<\/p>\n\n\n\n<p>Segundo o Simepar, os maiores volumes de precipita\u00e7\u00e3o ocorreram em intervalos de apenas 15 minutos, o que aumentou o risco de alagamentos pontuais em diferentes regi\u00f5es da cidade. Na esta\u00e7\u00e3o da BR-277, no km 10, foram registrados 13,8 mm, sendo 12,2 mm em 15 minutos. A esta\u00e7\u00e3o da Sanepar apontou 14,4 mm, praticamente todo o volume no mesmo intervalo. Na Floresta do Palmito, o acumulado foi de 14 mm, com 13 mm concentrados em 15 minutos. No Morro Ingl\u00eas, choveu 10,6 mm, enquanto no posto da Pol\u00edcia de Alexandra foram registrados 17,8 mm, sendo 10,6 mm em 15 minutos.<\/p>\n\n\n\n<p>Diante do cen\u00e1rio, as equipes da Secretaria Municipal de Seguran\u00e7a (Semseg) e do Departamento de Defesa Civil realizaram atendimentos emergenciais em diferentes bairros. No Jardim Guaraituba, foram registrados destelhamentos em 10 im\u00f3veis, afetando 42 pessoas, com a distribui\u00e7\u00e3o de 55 metros de lona para prote\u00e7\u00e3o provis\u00f3ria. No mesmo bairro, a queda de \u00e1rvores sobre im\u00f3veis atingiu tr\u00eas resid\u00eancias, impactando oito pessoas.<\/p>\n\n\n\n<p>Ainda no Jardim Guaraituba, um im\u00f3vel precisou ser interditado por medida de seguran\u00e7a. Os moradores foram acolhidos temporariamente em resid\u00eancia de familiares, enquanto a Defesa Civil avalia a possibilidade de concess\u00e3o de aluguel social, conforme os crit\u00e9rios t\u00e9cnicos estabelecidos.<\/p>\n\n\n\n<p>No Centro Hist\u00f3rico, foram registrados dois casos de queda de \u00e1rvore em via p\u00fablica. As \u00e1reas foram devidamente sinalizadas e isoladas, e a retirada das \u00e1rvores foi programada para esta segunda-feira, dia 19, garantindo a seguran\u00e7a da popula\u00e7\u00e3o.<\/p>\n\n\n\n<p>O secret\u00e1rio municipal interino de Seguran\u00e7a, Elton Neves, destacou a pronta resposta do Munic\u00edpio \u00e0s ocorr\u00eancias. \u201cA Prefeitura de Paranagu\u00e1 mobilizou imediatamente as equipes da Defesa Civil para atender as demandas registradas, prestando assist\u00eancia \u00e0s fam\u00edlias afetadas e atuando de forma preventiva nos pontos de risco\u201d, afirmou.<\/p>\n\n\n\n<p>Neves tamb\u00e9m ressaltou que o Munic\u00edpio segue em monitoramento. \u201cContinuamos acompanhando as condi\u00e7\u00f5es clim\u00e1ticas e mantendo as equipes de prontid\u00e3o para garantir a seguran\u00e7a da popula\u00e7\u00e3o e atender novas ocorr\u00eancias, se necess\u00e1rio\u201d, completou.<\/p>\n\n\n\n<p><strong>NUPDEC fortalece resposta da Defesa Civil com participa\u00e7\u00e3o comunit\u00e1ria<\/strong><\/p>\n\n\n\n<p>Al\u00e9m do trabalho direto das equipes municipais, a atua\u00e7\u00e3o da Defesa Civil em Paranagu\u00e1 tem sido fortalecida pela implanta\u00e7\u00e3o e consolida\u00e7\u00e3o do N\u00facleo Comunit\u00e1rio de Prote\u00e7\u00e3o e Defesa Civil (NUPDEC), iniciativa que passou a ser estruturada a partir da atual Gest\u00e3o Municipal. O NUPDEC \u00e9 formado por volunt\u00e1rios locais, especialmente moradores de \u00e1reas de risco, que atuam em parceria com a Defesa Civil no mapeamento de riscos, na organiza\u00e7\u00e3o de rotas de fuga, na cria\u00e7\u00e3o de pontos de encontro e na promo\u00e7\u00e3o de a\u00e7\u00f5es preventivas junto \u00e0s comunidades.<\/p>\n\n\n\n<p>Os volunt\u00e1rios recebem capacita\u00e7\u00e3o t\u00e9cnica da Defesa Civil Municipal e passam a atuar de forma organizada em seus pr\u00f3prios bairros, contribuindo para a identifica\u00e7\u00e3o antecipada de situa\u00e7\u00f5es de risco e para a mobiliza\u00e7\u00e3o r\u00e1pida da popula\u00e7\u00e3o em momentos de emerg\u00eancia. Essa atua\u00e7\u00e3o local tem se mostrado fundamental para tornar as comunidades mais resilientes e para facilitar a resposta do Poder P\u00fablico em ocorr\u00eancias clim\u00e1ticas e outros eventos adversos.<\/p>\n\n\n\n<p>A iniciativa est\u00e1 alinhada \u00e0 Lei Federal n\u00ba 12.608, de 10 de abril de 2012, que institui a Pol\u00edtica Nacional de Prote\u00e7\u00e3o e Defesa Civil e estabelece, em seu artigo 8\u00ba, a responsabilidade dos munic\u00edpios em estimular a participa\u00e7\u00e3o das associa\u00e7\u00f5es comunit\u00e1rias para atua\u00e7\u00e3o conjunta com o poder p\u00fablico, sob coordena\u00e7\u00e3o municipal.<\/p>\n\n\n\n<p>Em Paranagu\u00e1, dentro dessa perspectiva, a Prefeitura mant\u00e9m di\u00e1logo permanente com lideran\u00e7as de bairro, que v\u00eam aderindo ao modelo de atua\u00e7\u00e3o integrada em Defesa Civil. Essa articula\u00e7\u00e3o ficou evidenciada durante as ocorr\u00eancias registradas na noite do dia 18, quando a atua\u00e7\u00e3o conjunta entre comunidade e equipes municipais contribuiu para respostas mais r\u00e1pidas, organizadas e eficazes no atendimento \u00e0s demandas da popula\u00e7\u00e3o.<\/p>\n\n\n\n<p>A Prefeitura de Paranagu\u00e1 orienta que, em situa\u00e7\u00f5es de emerg\u00eancia, a popula\u00e7\u00e3o entre em contato com a Defesa Civil pelo telefone 3721-1846 &#8211; Op\u00e7\u00e3o 1.&nbsp;<\/p>\n\n\n\n<p>Prefeitura de Paranagu\u00e1 <\/p>\n","protected":false},"excerpt":{"rendered":"<p>A Prefeitura de Paranagu\u00e1 atendeu diversas ocorr\u00eancias registradas na noite de domingo, dia 18, em decorr\u00eancia das chuvas intensas e dos ventos fortes que atingiram o munic\u00edpio. De acordo com dados do Sistema de Tecnologia e Monitoramento Ambiental do Paran\u00e1 (Simepar), foram registradas rajadas de vento de at\u00e9 70,6 km\/h, al\u00e9m de volumes elevados de [&hellip;]<\/p>\n","protected":false},"author":2,"featured_media":75746,"comment_status":"open","ping_status":"open","sticky":false,"template":"","format":"standard","meta":{"advanced_seo_description":"","jetpack_seo_html_title":"","jetpack_seo_noindex":false,"_jetpack_memberships_contains_paid_content":false,"footnotes":""},"categories":[77],"tags":[],"class_list":{"0":"post-75745","1":"post","2":"type-post","3":"status-publish","4":"format-standard","5":"has-post-thumbnail","7":"category-paranagua"},"jetpack_featured_media_url":"https:\/\/www.paranapraia.com.br\/wp-content\/uploads\/2026\/01\/22188.jpg","jetpack_sharing_enabled":true,"_links":{"self":[{"href":"https:\/\/www.paranapraia.com.br\/index.php\/wp-json\/wp\/v2\/posts\/75745"}],"collection":[{"href":"https:\/\/www.paranapraia.com.br\/index.php\/wp-json\/wp\/v2\/posts"}],"about":[{"href":"https:\/\/www.paranapraia.com.br\/index.php\/wp-json\/wp\/v2\/types\/post"}],"author":[{"embeddable":true,"href":"https:\/\/www.paranapraia.com.br\/index.php\/wp-json\/wp\/v2\/users\/2"}],"replies":[{"embeddable":true,"href":"https:\/\/www.paranapraia.com.br\/index.php\/wp-json\/wp\/v2\/comments?post=75745"}],"version-history":[{"count":1,"href":"https:\/\/www.paranapraia.com.br\/index.php\/wp-json\/wp\/v2\/posts\/75745\/revisions"}],"predecessor-version":[{"id":75747,"href":"https:\/\/www.paranapraia.com.br\/index.php\/wp-json\/wp\/v2\/posts\/75745\/revisions\/75747"}],"wp:featuredmedia":[{"embeddable":true,"href":"https:\/\/www.paranapraia.com.br\/index.php\/wp-json\/wp\/v2\/media\/75746"}],"wp:attachment":[{"href":"https:\/\/www.paranapraia.com.br\/index.php\/wp-json\/wp\/v2\/media?parent=75745"}],"wp:term":[{"taxonomy":"category","embeddable":true,"href":"https:\/\/www.paranapraia.com.br\/index.php\/wp-json\/wp\/v2\/categories?post=75745"},{"taxonomy":"post_tag","embeddable":true,"href":"https:\/\/www.paranapraia.com.br\/index.php\/wp-json\/wp\/v2\/tags?post=75745"}],"curies":[{"name":"wp","href":"https:\/\/api.w.org\/{rel}","templated":true}]}}