{"id":75739,"date":"2026-01-19T10:50:44","date_gmt":"2026-01-19T13:50:44","guid":{"rendered":"https:\/\/www.paranapraia.com.br\/?p=75739"},"modified":"2026-01-19T10:50:47","modified_gmt":"2026-01-19T13:50:47","slug":"carreta-da-inovacao-oferta-atividades-em-antonina-e-paranagua-nesta-semana","status":"publish","type":"post","link":"https:\/\/www.paranapraia.com.br\/index.php\/2026\/01\/19\/carreta-da-inovacao-oferta-atividades-em-antonina-e-paranagua-nesta-semana\/","title":{"rendered":"Carreta da Inova\u00e7\u00e3o oferta atividades em Antonina e Paranagu\u00e1 nesta semana"},"content":{"rendered":"\n<p>Os munic\u00edpios de Antonina e Paranagu\u00e1, no Litoral, recebem nesta semana a Carreta da Inova\u00e7\u00e3o, projeto itinerante do Governo do Estado, coordenado pela Secretaria da Inova\u00e7\u00e3o e Intelig\u00eancia Artificial, que tem como objetivo democratizar o acesso \u00e0 inova\u00e7\u00e3o. Nas duas cidades, as atividades acontecem de quarta-feira a domingo (21 a 25), das 9h \u00e0s 12h e de 13h30 \u00e0s 18h.<\/p>\n\n\n\n<p>A iniciativa est\u00e1 percorrendo o Litoral durante o m\u00eas de janeiro como parte das a\u00e7\u00f5es do Ver\u00e3o Maior Paran\u00e1. Desde o in\u00edcio do ano, a Carreta da Inova\u00e7\u00e3o j\u00e1 passou por Matinhos, Guaratuba e Pontal do Paran\u00e1.<\/p>\n\n\n\n<p>A a\u00e7\u00e3o \u00e9 promovida em parceria com Secretaria da Ci\u00eancia, Tecnologia e Ensino Superior (Seti), Funda\u00e7\u00e3o Arauc\u00e1ria, Celepar, Senai, Sesc, Senac e Universidade Estadual do Centro-Oeste (Unicentro).<\/p>\n\n\n\n<p>Em Antonina o projeto atender\u00e1 no Centro Esportivo Joubert Gonzaga Vieira. J\u00e1 em Paranagu\u00e1, as atividades acontecem na Pra\u00e7a 29 de Julho.<\/p>\n\n\n\n<p>Segundo o secret\u00e1rio da Inova\u00e7\u00e3o, Alex Canziani, a Carreta da Inova\u00e7\u00e3o \u00e9 uma ferramenta para fomentar o interesse da popula\u00e7\u00e3o pela ci\u00eancia, tecnologia e inova\u00e7\u00e3o. \u201cEstamos oferecendo uma oportunidade de conhecimento para a popula\u00e7\u00e3o, mas principalmente, plantando aquela sementinha de curiosidade em jovens e crian\u00e7as e, consequentemente, fortalecendo o nosso ecossistema de inova\u00e7\u00e3o estadual\u201d.<\/p>\n\n\n\n<p>Durante a semana os moradores e turistas da cidade poder\u00e3o participar de a\u00e7\u00f5es com equipamentos de cria\u00e7\u00e3o digital e entretenimento, como \u00f3culos de realidade virtual, impressora 3D e de corte a laser, al\u00e9m de um console de v\u00eddeo game Nintendo Switch.<\/p>\n\n\n\n<p>Os ve\u00edculos s\u00e3o adaptados como salas de aula, contando com mesas, cadeiras e computadores com acesso \u00e0 internet via sat\u00e9lite, o que viabiliza a realiza\u00e7\u00e3o de aulas, cursos, palestras e workshops.<\/p>\n\n\n\n<p>Na pr\u00f3xima semana, a Carreta da Inova\u00e7\u00e3o passa por Morretes e Guaraque\u00e7aba entre os dias 28 de janeiro e 1\u00ba de fevereiro, fechando a Rota do Ver\u00e3o do projeto. Durante 2026, o projeto continua a percorrer o Estado levando atividades de inova\u00e7\u00e3o, tecnologia, ci\u00eancia e lazer para os paranaenses.<\/p>\n\n\n\n<p>AEN\/PR<\/p>\n","protected":false},"excerpt":{"rendered":"<p>Os munic\u00edpios de Antonina e Paranagu\u00e1, no Litoral, recebem nesta semana a Carreta da Inova\u00e7\u00e3o, projeto itinerante do Governo do Estado, coordenado pela Secretaria da Inova\u00e7\u00e3o e Intelig\u00eancia Artificial, que tem como objetivo democratizar o acesso \u00e0 inova\u00e7\u00e3o. Nas duas cidades, as atividades acontecem de quarta-feira a domingo (21 a 25), das 9h \u00e0s 12h [&hellip;]<\/p>\n","protected":false},"author":2,"featured_media":75740,"comment_status":"open","ping_status":"open","sticky":false,"template":"","format":"standard","meta":{"advanced_seo_description":"","jetpack_seo_html_title":"","jetpack_seo_noindex":false,"_jetpack_memberships_contains_paid_content":false,"footnotes":""},"categories":[132,77],"tags":[],"class_list":{"0":"post-75739","1":"post","2":"type-post","3":"status-publish","4":"format-standard","5":"has-post-thumbnail","7":"category-antonina","8":"category-paranagua"},"jetpack_featured_media_url":"https:\/\/www.paranapraia.com.br\/wp-content\/uploads\/2026\/01\/carreta_antonina_-_creditos_raphaella_piovezan_sei_1-scaled.jpg","jetpack_sharing_enabled":true,"_links":{"self":[{"href":"https:\/\/www.paranapraia.com.br\/index.php\/wp-json\/wp\/v2\/posts\/75739"}],"collection":[{"href":"https:\/\/www.paranapraia.com.br\/index.php\/wp-json\/wp\/v2\/posts"}],"about":[{"href":"https:\/\/www.paranapraia.com.br\/index.php\/wp-json\/wp\/v2\/types\/post"}],"author":[{"embeddable":true,"href":"https:\/\/www.paranapraia.com.br\/index.php\/wp-json\/wp\/v2\/users\/2"}],"replies":[{"embeddable":true,"href":"https:\/\/www.paranapraia.com.br\/index.php\/wp-json\/wp\/v2\/comments?post=75739"}],"version-history":[{"count":1,"href":"https:\/\/www.paranapraia.com.br\/index.php\/wp-json\/wp\/v2\/posts\/75739\/revisions"}],"predecessor-version":[{"id":75741,"href":"https:\/\/www.paranapraia.com.br\/index.php\/wp-json\/wp\/v2\/posts\/75739\/revisions\/75741"}],"wp:featuredmedia":[{"embeddable":true,"href":"https:\/\/www.paranapraia.com.br\/index.php\/wp-json\/wp\/v2\/media\/75740"}],"wp:attachment":[{"href":"https:\/\/www.paranapraia.com.br\/index.php\/wp-json\/wp\/v2\/media?parent=75739"}],"wp:term":[{"taxonomy":"category","embeddable":true,"href":"https:\/\/www.paranapraia.com.br\/index.php\/wp-json\/wp\/v2\/categories?post=75739"},{"taxonomy":"post_tag","embeddable":true,"href":"https:\/\/www.paranapraia.com.br\/index.php\/wp-json\/wp\/v2\/tags?post=75739"}],"curies":[{"name":"wp","href":"https:\/\/api.w.org\/{rel}","templated":true}]}}