{"id":75734,"date":"2026-01-19T10:39:33","date_gmt":"2026-01-19T13:39:33","guid":{"rendered":"https:\/\/www.paranapraia.com.br\/?p=75734"},"modified":"2026-01-19T10:39:35","modified_gmt":"2026-01-19T13:39:35","slug":"fabio-jr-gusttavo-lima-e-raca-negra-agitam-proximo-fim-de-semana-do-verao-maior","status":"publish","type":"post","link":"https:\/\/www.paranapraia.com.br\/index.php\/2026\/01\/19\/fabio-jr-gusttavo-lima-e-raca-negra-agitam-proximo-fim-de-semana-do-verao-maior\/","title":{"rendered":"F\u00e1bio Jr., Gusttavo Lima e Ra\u00e7a Negra agitam pr\u00f3ximo fim de semana do Ver\u00e3o Maior"},"content":{"rendered":"\n<p>Ap\u00f3s bater 1,2 milh\u00e3o de pessoas, o Ver\u00e3o Maior Paran\u00e1 chega ao terceiro final de semana de shows gratuitos com expectativa de levar ao Litoral do Estado ainda mais gente. Isso porque as atra\u00e7\u00f5es envolvem grandes nomes da m\u00fasica nacional, como Ra\u00e7a Negra, F\u00e1bio Jr. e Gusttavo Lima em Matinhos, e Israel &amp; Rodolffo, Bruno &amp; Denner e Ra\u00e7a Negra, que repete a dose em Pontal do Paran\u00e1.<\/p>\n\n\n\n<p>A programa\u00e7\u00e3o come\u00e7a na sexta-feira (23), com Ra\u00e7a Negra abrindo os trabalhos em Matinhos, a partir das 22 horas. Donos de sucessos do pagode nos anos 1980 at\u00e9 os dias atuais, o grupo comandado por Luiz Carlos deve trazer ao p\u00fablico can\u00e7\u00f5es como \u201cCigana\u201d, \u201c\u00c9 Tarde Demais\u201d e \u201cCheia de Manias\u201d, com uma das aberturas mais inconfund\u00edveis da m\u00fasica brasileira. Eles j\u00e1 se apresentaram no Ver\u00e3o Maior Paran\u00e1 em 2024, quando levaram 110 mil pessoas para as areias de Matinhos.<\/p>\n\n\n\n<p>Formada em S\u00e3o Paulo, a banda Ra\u00e7a Negra foi pioneira no segmento do samba rom\u00e2ntico e respons\u00e1vel pela populariza\u00e7\u00e3o do g\u00eanero em todo o Pa\u00eds, a partir da participa\u00e7\u00e3o em programas de r\u00e1dio e TV. Com quase 40 anos de hist\u00f3ria, conta com mais de cinco milh\u00f5es de ouvintes mensais no Spotify. Hit mais famoso, \u201cCheia de Manias\u201d possui mais de 100 milh\u00f5es de reprodu\u00e7\u00f5es apenas em uma das vers\u00f5es dispon\u00edveis na plataforma.<\/p>\n\n\n\n<p>Seguindo com o clima de romantismo, no s\u00e1bado (24) quem sobe ao palco da Arena de Caiob\u00e1 \u00e9 F\u00e1bio Jr., dono de um repert\u00f3rio de 50 anos de hist\u00f3ria. Cantando pela primeira vez no Ver\u00e3o Maior Paran\u00e1, ele promete trazer can\u00e7\u00f5es de todas as \u00e9pocas e trilhas de novelas, como \u201cPai\u201d, \u201cS\u00f3 Voc\u00ea\u201d, \u201cVida\u201d e \u201cAlma G\u00eamea\u201d. O show tem in\u00edcio \u00e0s 22 horas.<\/p>\n\n\n\n<p>No domingo (25), \u00e9 a vez da atra\u00e7\u00e3o surpresa desta edi\u00e7\u00e3o do Ver\u00e3o Maior Paran\u00e1. O sertanejo Gusttavo Lima, tamb\u00e9m conhecido como \u201cEmbaixador\u201d, tem hoje uma das agendas mais disputadas do Brasil, fruto de uma sucess\u00e3o de m\u00fasicas entre as mais tocadas no Top 50 brasileiro. \u201cDesejo Imortal\u201d, \u201cBloqueado\u201d, \u201cA Gente Fez Amor\u201d e \u201cInventor dos Amores\u201d s\u00e3o algumas das m\u00fasicas que v\u00e3o fazer com que o p\u00fablico cante do in\u00edcio ao fim. O show est\u00e1 marcado para \u00e0s 17 horas.<\/p>\n\n\n\n<p><strong>PONTAL DO PARAN\u00c1&nbsp;<\/strong>\u2013 A sexta-feira (23) em Pontal do Paran\u00e1 ser\u00e1 marcada pela m\u00fasica sertaneja. A dupla Bruno &amp; Denner, que tem como padrinho Gusttavo Lima, sobe ao palco \u00e0s 20 horas, com m\u00fasicas como \u201cCavalo de Pau\u201d, \u201cNamora Ela\u201d, \u201cCora\u00e7\u00e3o na Contra M\u00e3o\u201d e sucessos do \u00faltimo \u00e1lbum, como \u201cSabonete de Motel\u201d e \u201cPor Amor Estou Assim\u201d.<\/p>\n\n\n\n<p>Na sequ\u00eancia, Israel &amp; Rodolffo, donos do grande sucesso \u201cBatom de Cereja\u201d, animam o p\u00fablico a partir das 22 horas. Outras can\u00e7\u00f5es, como \u201cSeu Brilho Sumiu\u201d, \u201cT\u00f4 Play\u201d, \u201cMarca Evidente\u201d e \u201cArruma Um B\u00e3o\u201d, tamb\u00e9m v\u00e3o estar no setlist da dupla.<\/p>\n\n\n\n<p>No s\u00e1bado (24), o grupo Ra\u00e7a Negra troca de palco e vai a Pontal do Paran\u00e1 levar o pagode de qualidade para o p\u00fablico. O in\u00edcio do show est\u00e1 marcado para \u00e0s 22 horas. A programa\u00e7\u00e3o completa est\u00e1&nbsp;<a href=\"https:\/\/www.verao.pr.gov.br\/\" target=\"_blank\" rel=\"noreferrer noopener\">AQUI<\/a>.<\/p>\n\n\n\n<p><strong>P\u00daBLICO RECORDE<\/strong>\u00a0\u2013 Na \u00faltima semana, o\u00a0Ver\u00e3o Maior Paran\u00e1 bateu n\u00fameros impressionantes: 1,2 milh\u00e3o de pessoas\u00a0foram at\u00e9 as arenas de Caiob\u00e1 e do Centro de Eventos Marissol acompanhar ao vivo 17 shows gratuitos realizados em dois finais de semana. Esse n\u00famero superou toda a edi\u00e7\u00e3o de 2024 e j\u00e1 \u00e9 mais da metade do total de 2025. A expectativa \u00e9 que mais de 2 milh\u00f5es de pessoas assistam aos shows neste ano.<\/p>\n\n\n\n<p>AEN\/PR<\/p>\n","protected":false},"excerpt":{"rendered":"<p>Ap\u00f3s bater 1,2 milh\u00e3o de pessoas, o Ver\u00e3o Maior Paran\u00e1 chega ao terceiro final de semana de shows gratuitos com expectativa de levar ao Litoral do Estado ainda mais gente. Isso porque as atra\u00e7\u00f5es envolvem grandes nomes da m\u00fasica nacional, como Ra\u00e7a Negra, F\u00e1bio Jr. e Gusttavo Lima em Matinhos, e Israel &amp; Rodolffo, Bruno [&hellip;]<\/p>\n","protected":false},"author":2,"featured_media":75735,"comment_status":"open","ping_status":"open","sticky":false,"template":"","format":"standard","meta":{"advanced_seo_description":"","jetpack_seo_html_title":"","jetpack_seo_noindex":false,"_jetpack_memberships_contains_paid_content":false,"footnotes":""},"categories":[40],"tags":[],"class_list":{"0":"post-75734","1":"post","2":"type-post","3":"status-publish","4":"format-standard","5":"has-post-thumbnail","7":"category-destaques"},"jetpack_featured_media_url":"https:\/\/www.paranapraia.com.br\/wp-content\/uploads\/2026\/01\/gusttavo-lima.jpg","jetpack_sharing_enabled":true,"_links":{"self":[{"href":"https:\/\/www.paranapraia.com.br\/index.php\/wp-json\/wp\/v2\/posts\/75734"}],"collection":[{"href":"https:\/\/www.paranapraia.com.br\/index.php\/wp-json\/wp\/v2\/posts"}],"about":[{"href":"https:\/\/www.paranapraia.com.br\/index.php\/wp-json\/wp\/v2\/types\/post"}],"author":[{"embeddable":true,"href":"https:\/\/www.paranapraia.com.br\/index.php\/wp-json\/wp\/v2\/users\/2"}],"replies":[{"embeddable":true,"href":"https:\/\/www.paranapraia.com.br\/index.php\/wp-json\/wp\/v2\/comments?post=75734"}],"version-history":[{"count":1,"href":"https:\/\/www.paranapraia.com.br\/index.php\/wp-json\/wp\/v2\/posts\/75734\/revisions"}],"predecessor-version":[{"id":75736,"href":"https:\/\/www.paranapraia.com.br\/index.php\/wp-json\/wp\/v2\/posts\/75734\/revisions\/75736"}],"wp:featuredmedia":[{"embeddable":true,"href":"https:\/\/www.paranapraia.com.br\/index.php\/wp-json\/wp\/v2\/media\/75735"}],"wp:attachment":[{"href":"https:\/\/www.paranapraia.com.br\/index.php\/wp-json\/wp\/v2\/media?parent=75734"}],"wp:term":[{"taxonomy":"category","embeddable":true,"href":"https:\/\/www.paranapraia.com.br\/index.php\/wp-json\/wp\/v2\/categories?post=75734"},{"taxonomy":"post_tag","embeddable":true,"href":"https:\/\/www.paranapraia.com.br\/index.php\/wp-json\/wp\/v2\/tags?post=75734"}],"curies":[{"name":"wp","href":"https:\/\/api.w.org\/{rel}","templated":true}]}}