{"id":75703,"date":"2026-01-16T11:32:36","date_gmt":"2026-01-16T14:32:36","guid":{"rendered":"https:\/\/www.paranapraia.com.br\/?p=75703"},"modified":"2026-01-16T11:32:38","modified_gmt":"2026-01-16T14:32:38","slug":"operacao-verao-unidade-de-saude-da-ilha-do-mel-reforca-atendimento-e-foca-na-prevencao","status":"publish","type":"post","link":"https:\/\/www.paranapraia.com.br\/index.php\/2026\/01\/16\/operacao-verao-unidade-de-saude-da-ilha-do-mel-reforca-atendimento-e-foca-na-prevencao\/","title":{"rendered":"Opera\u00e7\u00e3o Ver\u00e3o: Unidade de Sa\u00fade da Ilha do Mel refor\u00e7a atendimento e foca na preven\u00e7\u00e3o"},"content":{"rendered":"\n<p>O aumento significativo de visitantes na Ilha do Mel durante a temporada de ver\u00e3o exige uma log\u00edstica diferenciada para o setor de sa\u00fade. Para garantir assist\u00eancia tanto aos veranistas quanto \u00e0 comunidade fixa, a Unidade B\u00e1sica de Sa\u00fade (UBS) de Nova Bras\u00edlia opera em um sistema h\u00edbrido que combina o acompanhamento preventivo da Estrat\u00e9gia Sa\u00fade da Fam\u00edlia (ESF) com o regime de urg\u00eancia e emerg\u00eancia.<\/p>\n\n\n\n<p><strong>Atendimento 24 horas no ver\u00e3o<\/strong><\/p>\n\n\n\n<p>Durante a maior parte do ano, o atendimento de urg\u00eancia 24 horas ocorre apenas nos fins de semana (de sexta-feira \u00e0 tarde at\u00e9 segunda-feira de manh\u00e3). No entanto, com a chegada da alta temporada, a unidade ativou a Opera\u00e7\u00e3o Ver\u00e3o.<\/p>\n\n\n\n<p>At\u00e9 o dia 22 de fevereiro de 2026, a unidade mant\u00e9m as portas abertas 24 horas por dia, de segunda a segunda. Ap\u00f3s este per\u00edodo, o fluxo retorna ao padr\u00e3o habitual, mantendo o foco preventivo nos dias \u00fateis e o plant\u00e3o nos feriados e fins de semana.<\/p>\n\n\n\n<p><strong>Preven\u00e7\u00e3o: O principal desafio<\/strong><\/p>\n\n\n\n<p>Apesar da estrutura de pronto-atendimento, a gest\u00e3o de sa\u00fade local enfrenta um desafio cultural.<\/p>\n\n\n\n<p>Segundo Michelle Karla Grossi, enfermeira-chefe da UBS Nova Bras\u00edlia, busca-se transpor a barreira do &#8220;atendimento curativo&#8221;, quando o paciente s\u00f3 procura o m\u00e9dico ap\u00f3s adoecer.<\/p>\n\n\n\n<p>O objetivo da Estrat\u00e9gia Sa\u00fade da Fam\u00edlia (ESF) \u00e9 consolidar a cultura da preven\u00e7\u00e3o. Para os moradores, a unidade oferece um calend\u00e1rio fixo de segunda a sexta, com dias dedicados a grupos como gestantes, crian\u00e7as, idosos e pacientes do programa Hiperdia (hipertensos e diab\u00e9ticos).<\/p>\n\n\n\n<p>Para quem n\u00e3o pode se deslocar, a equipe de sa\u00fade realiza visitas domiciliares, levando m\u00e9dicos e enfermeiros para consultas e curativos diretamente nas resid\u00eancias dos pacientes com dificuldade de locomo\u00e7\u00e3o.<\/p>\n\n\n\n<p><strong>Dicas de Ouro: como evitar as doen\u00e7as de ver\u00e3o<\/strong><\/p>\n\n\n\n<p>Com o calor intenso de janeiro, as ocorr\u00eancias mais comuns na Ilha s\u00e3o casos de insola\u00e7\u00e3o e gastroenterites (conhecidas tecnicamente como JECAs). Para evitar que o mal-estar interrompa as f\u00e9rias, a enfermeira Michelle Karla Grossi refor\u00e7a tr\u00eas recomenda\u00e7\u00f5es fundamentais:<\/p>\n\n\n\n<p>Cuidado com o Sol: Utilizar protetor solar rigorosamente e evitar a exposi\u00e7\u00e3o direta entre as 10h e 16h.<\/p>\n\n\n\n<p>Assessoria <\/p>\n","protected":false},"excerpt":{"rendered":"<p>O aumento significativo de visitantes na Ilha do Mel durante a temporada de ver\u00e3o exige uma log\u00edstica diferenciada para o setor de sa\u00fade. Para garantir assist\u00eancia tanto aos veranistas quanto \u00e0 comunidade fixa, a Unidade B\u00e1sica de Sa\u00fade (UBS) de Nova Bras\u00edlia opera em um sistema h\u00edbrido que combina o acompanhamento preventivo da Estrat\u00e9gia Sa\u00fade [&hellip;]<\/p>\n","protected":false},"author":2,"featured_media":75704,"comment_status":"open","ping_status":"open","sticky":false,"template":"","format":"standard","meta":{"advanced_seo_description":"","jetpack_seo_html_title":"","jetpack_seo_noindex":false,"_jetpack_memberships_contains_paid_content":false,"footnotes":""},"categories":[76],"tags":[715,321],"class_list":{"0":"post-75703","1":"post","2":"type-post","3":"status-publish","4":"format-standard","5":"has-post-thumbnail","7":"category-ilha-do-mel","8":"tag-ilha-do-mel","9":"tag-paranagua"},"jetpack_featured_media_url":"https:\/\/www.paranapraia.com.br\/wp-content\/uploads\/2026\/01\/thumb-40.jpeg","jetpack_sharing_enabled":true,"_links":{"self":[{"href":"https:\/\/www.paranapraia.com.br\/index.php\/wp-json\/wp\/v2\/posts\/75703"}],"collection":[{"href":"https:\/\/www.paranapraia.com.br\/index.php\/wp-json\/wp\/v2\/posts"}],"about":[{"href":"https:\/\/www.paranapraia.com.br\/index.php\/wp-json\/wp\/v2\/types\/post"}],"author":[{"embeddable":true,"href":"https:\/\/www.paranapraia.com.br\/index.php\/wp-json\/wp\/v2\/users\/2"}],"replies":[{"embeddable":true,"href":"https:\/\/www.paranapraia.com.br\/index.php\/wp-json\/wp\/v2\/comments?post=75703"}],"version-history":[{"count":1,"href":"https:\/\/www.paranapraia.com.br\/index.php\/wp-json\/wp\/v2\/posts\/75703\/revisions"}],"predecessor-version":[{"id":75705,"href":"https:\/\/www.paranapraia.com.br\/index.php\/wp-json\/wp\/v2\/posts\/75703\/revisions\/75705"}],"wp:featuredmedia":[{"embeddable":true,"href":"https:\/\/www.paranapraia.com.br\/index.php\/wp-json\/wp\/v2\/media\/75704"}],"wp:attachment":[{"href":"https:\/\/www.paranapraia.com.br\/index.php\/wp-json\/wp\/v2\/media?parent=75703"}],"wp:term":[{"taxonomy":"category","embeddable":true,"href":"https:\/\/www.paranapraia.com.br\/index.php\/wp-json\/wp\/v2\/categories?post=75703"},{"taxonomy":"post_tag","embeddable":true,"href":"https:\/\/www.paranapraia.com.br\/index.php\/wp-json\/wp\/v2\/tags?post=75703"}],"curies":[{"name":"wp","href":"https:\/\/api.w.org\/{rel}","templated":true}]}}