{"id":75697,"date":"2026-01-16T10:35:47","date_gmt":"2026-01-16T13:35:47","guid":{"rendered":"https:\/\/www.paranapraia.com.br\/?p=75697"},"modified":"2026-01-16T10:35:49","modified_gmt":"2026-01-16T13:35:49","slug":"onda-inclusiva-transforma-a-praca-de-eventos-em-espaco-de-esporte-lazer-e-acessibilidade-em-paranagua","status":"publish","type":"post","link":"https:\/\/www.paranapraia.com.br\/index.php\/2026\/01\/16\/onda-inclusiva-transforma-a-praca-de-eventos-em-espaco-de-esporte-lazer-e-acessibilidade-em-paranagua\/","title":{"rendered":"Onda Inclusiva transforma a Pra\u00e7a de Eventos em espa\u00e7o de esporte, lazer e acessibilidade em Paranagu\u00e1"},"content":{"rendered":"\n<p>A Prefeitura de Paranagu\u00e1 promove, no pr\u00f3ximo dia 31, a partir das 9h, o Projeto Onda Inclusiva, que vai ocupar o Palco Tut\u00f3ia, na Pra\u00e7a de Eventos do Centro Hist\u00f3rico, com uma programa\u00e7\u00e3o voltada ao esporte adaptado, ao lazer e \u00e0 conviv\u00eancia comunit\u00e1ria. O evento \u00e9 gratuito e aberto a toda a popula\u00e7\u00e3o, com foco especial no acolhimento de pessoas com defici\u00eancia e suas fam\u00edlias.<\/p>\n\n\n\n<p>A iniciativa prop\u00f5e uma ocupa\u00e7\u00e3o inclusiva dos espa\u00e7os p\u00fablicos, reunindo atividades recreativas e esportivas que garantem participa\u00e7\u00e3o ampla e segura. Est\u00e3o previstas atra\u00e7\u00f5es como banana boat, jet ski, brinquedos infl\u00e1veis e equipamentos adaptados, como balan\u00e7os e gangorras, al\u00e9m de brincadeiras pensadas para diferentes p\u00fablicos.<\/p>\n\n\n\n<p>\u201cO Onda Inclusiva mostra, na pr\u00e1tica, que o esporte e o lazer s\u00e3o direitos de todos. \u00c9 um evento que acolhe pessoas com defici\u00eancia, mas que tamb\u00e9m \u00e9 aberto a toda a comunidade, para que todos possam compartilhar esse espa\u00e7o\u201d, afirma a secret\u00e1ria municipal de Inclus\u00e3o, Camila Naomi.<\/p>\n\n\n\n<p>O projeto \u00e9 realizado em parceria com o Governo do Estado do Paran\u00e1 e envolve as secretarias municipais de Inclus\u00e3o (Semi), Esportes e Juventude (Sespor), Educa\u00e7\u00e3o e Ensino Integral (Semedi), Seguran\u00e7a (Semseg) e Sa\u00fade (Semsa), que atuar\u00e3o de forma integrada para garantir estrutura, acessibilidade e atendimento aos participantes.<\/p>\n\n\n\n<p>\u201cVamos oferecer esportes aqu\u00e1ticos, brinquedos adaptados e uma s\u00e9rie de atividades recreativas. Tamb\u00e9m teremos equipes da Sa\u00fade, da Seguran\u00e7a e do Esporte no local, al\u00e9m do apoio do Governo do Estado. Toda a estrutura foi pensada para que as pessoas possam aproveitar com tranquilidade\u201d, explica Camila.<\/p>\n\n\n\n<p>Al\u00e9m do car\u00e1ter recreativo, o evento tamb\u00e9m busca fortalecer a conviv\u00eancia entre diferentes p\u00fablicos e ampliar a presen\u00e7a de pessoas com defici\u00eancia nos espa\u00e7os urbanos da cidade.<\/p>\n\n\n\n<p>\u201cO Palco Tut\u00f3ia vai se transformar em um grande ambiente de lazer e integra\u00e7\u00e3o. Queremos que as fam\u00edlias ocupem esse espa\u00e7o e que a cidade se reconhe\u00e7a como um lugar onde todos podem participar\u201d, completa a secret\u00e1ria.<\/p>\n\n\n\n<p>A Prefeitura de Paranagu\u00e1 convida a popula\u00e7\u00e3o a participar da Onda Inclusiva e a viver uma manh\u00e3 dedicada ao esporte, ao encontro e \u00e0 diversidade.<\/p>\n\n\n\n<p>Assessoria <\/p>\n","protected":false},"excerpt":{"rendered":"<p>A Prefeitura de Paranagu\u00e1 promove, no pr\u00f3ximo dia 31, a partir das 9h, o Projeto Onda Inclusiva, que vai ocupar o Palco Tut\u00f3ia, na Pra\u00e7a de Eventos do Centro Hist\u00f3rico, com uma programa\u00e7\u00e3o voltada ao esporte adaptado, ao lazer e \u00e0 conviv\u00eancia comunit\u00e1ria. O evento \u00e9 gratuito e aberto a toda a popula\u00e7\u00e3o, com foco [&hellip;]<\/p>\n","protected":false},"author":2,"featured_media":75698,"comment_status":"open","ping_status":"open","sticky":false,"template":"","format":"standard","meta":{"advanced_seo_description":"","jetpack_seo_html_title":"","jetpack_seo_noindex":false,"_jetpack_memberships_contains_paid_content":false,"footnotes":""},"categories":[40,77],"tags":[1571,321],"class_list":{"0":"post-75697","1":"post","2":"type-post","3":"status-publish","4":"format-standard","5":"has-post-thumbnail","7":"category-destaques","8":"category-paranagua","9":"tag-eventos","10":"tag-paranagua"},"jetpack_featured_media_url":"https:\/\/www.paranapraia.com.br\/wp-content\/uploads\/2026\/01\/thumb-39.jpeg","jetpack_sharing_enabled":true,"_links":{"self":[{"href":"https:\/\/www.paranapraia.com.br\/index.php\/wp-json\/wp\/v2\/posts\/75697"}],"collection":[{"href":"https:\/\/www.paranapraia.com.br\/index.php\/wp-json\/wp\/v2\/posts"}],"about":[{"href":"https:\/\/www.paranapraia.com.br\/index.php\/wp-json\/wp\/v2\/types\/post"}],"author":[{"embeddable":true,"href":"https:\/\/www.paranapraia.com.br\/index.php\/wp-json\/wp\/v2\/users\/2"}],"replies":[{"embeddable":true,"href":"https:\/\/www.paranapraia.com.br\/index.php\/wp-json\/wp\/v2\/comments?post=75697"}],"version-history":[{"count":1,"href":"https:\/\/www.paranapraia.com.br\/index.php\/wp-json\/wp\/v2\/posts\/75697\/revisions"}],"predecessor-version":[{"id":75699,"href":"https:\/\/www.paranapraia.com.br\/index.php\/wp-json\/wp\/v2\/posts\/75697\/revisions\/75699"}],"wp:featuredmedia":[{"embeddable":true,"href":"https:\/\/www.paranapraia.com.br\/index.php\/wp-json\/wp\/v2\/media\/75698"}],"wp:attachment":[{"href":"https:\/\/www.paranapraia.com.br\/index.php\/wp-json\/wp\/v2\/media?parent=75697"}],"wp:term":[{"taxonomy":"category","embeddable":true,"href":"https:\/\/www.paranapraia.com.br\/index.php\/wp-json\/wp\/v2\/categories?post=75697"},{"taxonomy":"post_tag","embeddable":true,"href":"https:\/\/www.paranapraia.com.br\/index.php\/wp-json\/wp\/v2\/tags?post=75697"}],"curies":[{"name":"wp","href":"https:\/\/api.w.org\/{rel}","templated":true}]}}