{"id":75681,"date":"2026-01-15T17:41:02","date_gmt":"2026-01-15T20:41:02","guid":{"rendered":"https:\/\/www.paranapraia.com.br\/?p=75681"},"modified":"2026-01-15T17:41:05","modified_gmt":"2026-01-15T20:41:05","slug":"novo-posto-avacando-do-detran-pr-em-matinhos-amplia-gama-de-servicos-a-populacao","status":"publish","type":"post","link":"https:\/\/www.paranapraia.com.br\/index.php\/2026\/01\/15\/novo-posto-avacando-do-detran-pr-em-matinhos-amplia-gama-de-servicos-a-populacao\/","title":{"rendered":"Novo Posto Ava\u00e7ando do Detran-PR em Matinhos amplia gama de servi\u00e7os \u00e0 popula\u00e7\u00e3o"},"content":{"rendered":"\n<p>O Departamento de Tr\u00e2nsito do Paran\u00e1 (Detran-PR) inaugurou, nesta quinta-feira (15), o Posto de Atendimento Avan\u00e7ado em Matinhos, no Litoral, consolidando a atua\u00e7\u00e3o da autarquia na regi\u00e3o, em parceria com a prefeitura. A cerim\u00f4nia, liderada pelo vice-governador Darci Piana, contou com a participa\u00e7\u00e3o do diretor-presidente do Detran-PR, Santin Roveda, e do prefeito de Matinhos, Eduardo Dalmora, al\u00e9m de autoridades e da popula\u00e7\u00e3o local.<\/p>\n\n\n\n<p>\u201cMais uma a\u00e7\u00e3o do nosso Governo, trazendo a facilidade para o nosso povo do Litoral. Al\u00e9m de grandes obras, como a quase pronta Ponte de Guaratuba e a revitaliza\u00e7\u00e3o das orlas, teremos o novo hospital, ou seja, servi\u00e7os do Governo do Estado mais perto da popula\u00e7\u00e3o, em especial, de Guaratuba, Matinhos e Pontal do Paran\u00e1\u201d, destacou o vice-governador Darci Piana.<\/p>\n\n\n\n<p>O novo posto amplia a gama de servi\u00e7os que eram realizados no antigo Posto de Atendimento, vinculado \u00e0 Prefeitura de Matinhos. Ele est\u00e1 localizado junto ao Terminal Rodovi\u00e1rio da cidade, atr\u00e1s do Gin\u00e1sio Gurski. A prefeitura cedeu o im\u00f3vel e&nbsp;o Detran-PR reformou o espa\u00e7o e instalou o mobili\u00e1rio.<\/p>\n\n\n\n<p>\u201cO Detran est\u00e1 dentro do agro, da ind\u00fastria, do empreendedorismo, e trazendo os servi\u00e7os mais para perto da popula\u00e7\u00e3o h\u00e1 efeitos positivos em todas essas esferas. O Litoral vem percebendo que o governo Ratinho J\u00fanior faz a regi\u00e3o viver um momento espetacular, uma presen\u00e7a massiva de investimento do Governo do Estado\u201d, afirmou o diretor-presidente Santin Roveda.<\/p>\n\n\n\n<p>A promo\u00e7\u00e3o do posto anterior para Posto de Atendimento Avan\u00e7ado descentraliza servi\u00e7os que antes eram realizados apenas na sede da 3\u00aa Ciretran (Circunscri\u00e7\u00e3o Regional de Tr\u00e2nsito), em Paranagu\u00e1, como os testes te\u00f3rico e pr\u00e1tico para obten\u00e7\u00e3o da Carteira Nacional de Habilita\u00e7\u00e3o, dispensando assim a necessidade de deslocamento da popula\u00e7\u00e3o e desafogando o atendimento na sede.<\/p>\n\n\n\n<p>\u201cN\u00f3s estamos muito felizes com essa unidade avan\u00e7ada do Detran-PR, era uma demanda antiga. N\u00e3o era poss\u00edvel que o matinhense tivesse que se deslocar 100 quil\u00f4metros, praticamente perder o dia inteiro, para renovar a CNH. Essa unidade vai ajudar muito a nossa popula\u00e7\u00e3o\u201d, agradeceu o prefeito.<\/p>\n\n\n\n<p>Com o Posto Avan\u00e7ado tamb\u00e9m ser\u00e1 poss\u00edvel credenciar cl\u00ednicas da regi\u00e3o para que os condutores possam realizar os exames de aptid\u00e3o f\u00edsica e mental (exame m\u00e9dico) e de avalia\u00e7\u00e3o psicol\u00f3gica, necess\u00e1rios para obten\u00e7\u00e3o e renova\u00e7\u00e3o da CNH, na pr\u00f3pria cidade de Matinhos.<\/p>\n\n\n\n<p><strong>PRESEN\u00c7AS<\/strong>&nbsp;&#8211; Tamb\u00e9m participaram da solenidade o secret\u00e1rio de Estado da Seguran\u00e7a P\u00fablica, Hudson Le\u00f4ncio Teixeira, o presidente da Assembleia Legislativa do Paran\u00e1, Alexandre Curi, os deputados estaduais Alisson Wandscheer, M\u00e1rcia Hu\u00e7ulak, Anibelli Neto, e Batatinha, e o presidente do Sindicato dos Propriet\u00e1rios de Centros de Forma\u00e7\u00e3o de Condutores do Paran\u00e1, Justino Rodrigues da Fonseca.<\/p>\n","protected":false},"excerpt":{"rendered":"<p>O Departamento de Tr\u00e2nsito do Paran\u00e1 (Detran-PR) inaugurou, nesta quinta-feira (15), o Posto de Atendimento Avan\u00e7ado em Matinhos, no Litoral, consolidando a atua\u00e7\u00e3o da autarquia na regi\u00e3o, em parceria com a prefeitura. A cerim\u00f4nia, liderada pelo vice-governador Darci Piana, contou com a participa\u00e7\u00e3o do diretor-presidente do Detran-PR, Santin Roveda, e do prefeito de Matinhos, Eduardo [&hellip;]<\/p>\n","protected":false},"author":2,"featured_media":75682,"comment_status":"open","ping_status":"open","sticky":false,"template":"","format":"standard","meta":{"advanced_seo_description":"","jetpack_seo_html_title":"","jetpack_seo_noindex":false,"_jetpack_memberships_contains_paid_content":false,"footnotes":""},"categories":[40,88],"tags":[851,317],"class_list":{"0":"post-75681","1":"post","2":"type-post","3":"status-publish","4":"format-standard","5":"has-post-thumbnail","7":"category-destaques","8":"category-matinhos","9":"tag-detran","10":"tag-matinhos"},"jetpack_featured_media_url":"https:\/\/www.paranapraia.com.br\/wp-content\/uploads\/2026\/01\/20260115_agb_detran_matinhos_-6-scaled.jpg","jetpack_sharing_enabled":true,"_links":{"self":[{"href":"https:\/\/www.paranapraia.com.br\/index.php\/wp-json\/wp\/v2\/posts\/75681"}],"collection":[{"href":"https:\/\/www.paranapraia.com.br\/index.php\/wp-json\/wp\/v2\/posts"}],"about":[{"href":"https:\/\/www.paranapraia.com.br\/index.php\/wp-json\/wp\/v2\/types\/post"}],"author":[{"embeddable":true,"href":"https:\/\/www.paranapraia.com.br\/index.php\/wp-json\/wp\/v2\/users\/2"}],"replies":[{"embeddable":true,"href":"https:\/\/www.paranapraia.com.br\/index.php\/wp-json\/wp\/v2\/comments?post=75681"}],"version-history":[{"count":1,"href":"https:\/\/www.paranapraia.com.br\/index.php\/wp-json\/wp\/v2\/posts\/75681\/revisions"}],"predecessor-version":[{"id":75683,"href":"https:\/\/www.paranapraia.com.br\/index.php\/wp-json\/wp\/v2\/posts\/75681\/revisions\/75683"}],"wp:featuredmedia":[{"embeddable":true,"href":"https:\/\/www.paranapraia.com.br\/index.php\/wp-json\/wp\/v2\/media\/75682"}],"wp:attachment":[{"href":"https:\/\/www.paranapraia.com.br\/index.php\/wp-json\/wp\/v2\/media?parent=75681"}],"wp:term":[{"taxonomy":"category","embeddable":true,"href":"https:\/\/www.paranapraia.com.br\/index.php\/wp-json\/wp\/v2\/categories?post=75681"},{"taxonomy":"post_tag","embeddable":true,"href":"https:\/\/www.paranapraia.com.br\/index.php\/wp-json\/wp\/v2\/tags?post=75681"}],"curies":[{"name":"wp","href":"https:\/\/api.w.org\/{rel}","templated":true}]}}