{"id":75669,"date":"2026-01-15T16:11:11","date_gmt":"2026-01-15T19:11:11","guid":{"rendered":"https:\/\/www.paranapraia.com.br\/?p=75669"},"modified":"2026-01-15T16:11:14","modified_gmt":"2026-01-15T19:11:14","slug":"ja-no-parana-gipsy-kings-by-andre-reyes-fara-publico-bailar-no-verao-maior","status":"publish","type":"post","link":"https:\/\/www.paranapraia.com.br\/index.php\/2026\/01\/15\/ja-no-parana-gipsy-kings-by-andre-reyes-fara-publico-bailar-no-verao-maior\/","title":{"rendered":"J\u00e1 no Paran\u00e1, Gipsy Kings by Andre Reyes far\u00e1 p\u00fablico bailar no Ver\u00e3o Maior"},"content":{"rendered":"\n<p>F\u00e3s da m\u00fasica e do futebol do Brasil, a banda Gipsy Kings by Andre Reyes \u00e9 a primeira atra\u00e7\u00e3o internacional a subir no palco do Ver\u00e3o Maior Paran\u00e1. Eles se apresentam em Matinhos, no Litoral, nesta sexta-feira (16), mas j\u00e1 est\u00e3o no Paran\u00e1, onde tocam pela primeira vez com a atual forma\u00e7\u00e3o.<\/p>\n\n\n\n<p>Um dos maiores nomes da chamada worldmusic, eles trazem para o palco uma m\u00fasica fortemente influenciada pela cultura cigana, com 10 integrantes \u2013 a maioria da fam\u00edlia Reyes \u2013 tocando rumbla catal\u00e3, estilo derivado do tradicional flamenco.<\/p>\n\n\n\n<p>Em entrevista \u00e0 Ag\u00eancia Estadual de Not\u00edcias (AEN), o patriarca e fundador da banda, Andre Reyes, se re\u00fane com o filho, o primo e os sobrinhos para falar sobre a expectativa de tocar no Ver\u00e3o Maior Paran\u00e1, que se consolida como o maior festival gratuito de ver\u00e3o do Brasil e pela primeira vez recebe atra\u00e7\u00f5es internacionais \u2013 al\u00e9m de Gipsy Kings by Andre Reyes, os jamaicanos do Inner Circle se apresentam em Matinhos no dia 31 de janeiro.<\/p>\n\n\n\n<p>Formada por m\u00fasicos de origem cigana espanhola radicados no sul da Fran\u00e7a, o grupo vendeu mais de 60 milh\u00f5es de discos em todo o mundo e embalou sucessos como \u201cBambol\u00e9o\u201d, \u201cDjobi-Djob\u00e1\u201d e \u201cVolare\u201d. Formada no final dos anos 1970, o Gipsy Kings se tornou um grande sucesso de p\u00fablico e cr\u00edtica, e tem no Brasil um de seus p\u00fablicos mais fi\u00e9is.<\/p>\n\n\n\n<p>Atualmente, a banda capitaneada por Andre Reyes, derivada da forma\u00e7\u00e3o original, tem como integrantes seu filho Thomas Reyes, o primo Mario Reyes, os sobrinhos Kakou Reyes, Jordan Reyes e Canut Reyes, al\u00e9m dos m\u00fasicos L\u00e9o Chazallet, Joseph Cortes, Guilherme Alves e Fred Bret\u00f3n.<\/p>\n\n\n\n<p>Depois da passagem por Matinhos, o grupo continua sua turn\u00ea internacional chamada \u201cViva el Arte\u201d que conta com mais de 85 espet\u00e1culos. A agenda da banda tem shows marcados at\u00e9 novembro de 2026.<\/p>\n\n\n\n<p>Confira a entrevista:<\/p>\n\n\n\n<p><strong>Voc\u00eas s\u00e3o a primeira atra\u00e7\u00e3o internacional a tocar no Ver\u00e3o Maior Paran\u00e1, que tem trazido a seus palcos artistas de diversos estilos. Qual \u00e9 a expectativa de apresentar ao p\u00fablico do festival, pela primeira vez, o flamenco e a rumbla catal\u00e3?<\/strong><\/p>\n\n\n\n<p><strong>Andre Reyes \u2013<\/strong>&nbsp;Eu j\u00e1 tive a oportunidade de estar no Brasil em outras ocasi\u00f5es com a banda anterior, o Gipsy Kings, da qual sou um dos fundadores. Agora com o Gipsy Kings by Andre Reyes, \u00e9 a primeira vez. Estamos muito felizes de estar aqui no Brasil com essa nova gera\u00e7\u00e3o e espero que no futuro isso possa se repetir, para termos mais oportunidades de apresentar o show ao p\u00fablico brasileiro, que \u00e9 um p\u00fablico que conhece bastante nossa m\u00fasica.<\/p>\n\n\n\n<p><strong>Mario Reyes \u2013<\/strong>&nbsp;Estamos todos em fam\u00edlia aqui no grupo, e para n\u00f3s \u00e9 muito importante tocar aqui porque eu aprecio muito a m\u00fasica brasileira, escuto muito Lenine e tamb\u00e9m gosto muito de samba. Acho que a sonoridade do samba \u00e9 semelhante \u00e0 m\u00fasica que fazemos, tem muita coisa em comum.<\/p>\n\n\n\n<p><strong>Qual \u00e9 a expectativa de tocar no Paran\u00e1, durante o Ver\u00e3o Maior, que na semana passada chegou a reunir um p\u00fablico de mais de 300 mil pessoas?<\/strong><\/p>\n\n\n\n<p><strong>Andre Reyes \u2013<\/strong>&nbsp;J\u00e1 estive no Paran\u00e1 em outra oportunidade, fizemos at\u00e9 uma m\u00fasica especial chamada \u201cCanto para o Brasil\u201d, porque \u00e9 um pa\u00eds que gosta e conhece muito nossa m\u00fasica. Gostamos muito de viajar e de estar presente em muito locais. Por isso, estar aqui no Paran\u00e1 \u00e9 algo especial, at\u00e9 por causa dessa identifica\u00e7\u00e3o do p\u00fablico com a nossa m\u00fasica.<\/p>\n\n\n\n<figure class=\"wp-block-image\"><img decoding=\"async\" src=\"https:\/\/www.parana.pr.gov.br\/sites\/default\/arquivos_restritos\/files\/imagem\/2026-01\/whatsapp_image_2026-01-15_at_14.14.55.jpg\" alt=\"J\u00e1 no Paran\u00e1, Gipsy Kings by Andre Reyes falam da expectativa de se apresentar no Ver\u00e3o Maior \"\/><\/figure>\n\n\n\n<p><strong>Voc\u00eas s\u00e3o uma grande fam\u00edlia que toca junta e trazem uma importante heran\u00e7a cigana e catal\u00e3. Como isso influencia na sonoridade da banda?<\/strong><\/p>\n\n\n\n<p><strong>Andre Reyes \u2013&nbsp;<\/strong>Nossa fam\u00edlia \u00e9 origin\u00e1ria da Catalunha, mas com a Guerra Civil Espanhola e o franquismo, ela se dispersou para v\u00e1rios pa\u00edses. Tiveram pessoas que foram para a Fran\u00e7a, a Espanha e a It\u00e1lia, ent\u00e3o estamos um pouco espalhados. Por causa de nossa origem, \u00e9 muito importante dizer que trazemos em nossa m\u00fasica uma mensagem de amor e pela paz. Somos todos Reyes, me sinto como o patriarca da banda, que tem meu filho, meu primo e meus sobrinhos. Somos a fam\u00edlia Reyes.<\/p>\n\n\n\n<p><strong>Como voc\u00eas incluem em sua m\u00fasica a cultura cigana, que \u00e9 muito forte em todo o mundo, inclusive no Brasil, e faz parte da origem da banda?<\/strong><\/p>\n\n\n\n<p><strong>Andre Reyes \u2013<\/strong>&nbsp;Desde forma\u00e7\u00e3o anterior, sempre trabalhamos com as m\u00fasicas que t\u00eam essa sonoridade cigana, que trouxemos ao palco e as tornamos populares, como \u201cDjobi-Djob\u00e1\u201d e \u201cVolare\u201d. Agora queremos retomar essa chama com o novo grupo e continuar divulgando esse estilo e essa musicalidade que s\u00e3o muito pr\u00f3prios a mim.<\/p>\n\n\n\n<p>AEN\/PR<\/p>\n","protected":false},"excerpt":{"rendered":"<p>F\u00e3s da m\u00fasica e do futebol do Brasil, a banda Gipsy Kings by Andre Reyes \u00e9 a primeira atra\u00e7\u00e3o internacional a subir no palco do Ver\u00e3o Maior Paran\u00e1. Eles se apresentam em Matinhos, no Litoral, nesta sexta-feira (16), mas j\u00e1 est\u00e3o no Paran\u00e1, onde tocam pela primeira vez com a atual forma\u00e7\u00e3o. Um dos maiores [&hellip;]<\/p>\n","protected":false},"author":2,"featured_media":75670,"comment_status":"open","ping_status":"open","sticky":false,"template":"","format":"standard","meta":{"advanced_seo_description":"","jetpack_seo_html_title":"","jetpack_seo_noindex":false,"_jetpack_memberships_contains_paid_content":false,"footnotes":""},"categories":[40],"tags":[],"class_list":{"0":"post-75669","1":"post","2":"type-post","3":"status-publish","4":"format-standard","5":"has-post-thumbnail","7":"category-destaques"},"jetpack_featured_media_url":"https:\/\/www.paranapraia.com.br\/wp-content\/uploads\/2026\/01\/dsc03559-scaled.jpg","jetpack_sharing_enabled":true,"_links":{"self":[{"href":"https:\/\/www.paranapraia.com.br\/index.php\/wp-json\/wp\/v2\/posts\/75669"}],"collection":[{"href":"https:\/\/www.paranapraia.com.br\/index.php\/wp-json\/wp\/v2\/posts"}],"about":[{"href":"https:\/\/www.paranapraia.com.br\/index.php\/wp-json\/wp\/v2\/types\/post"}],"author":[{"embeddable":true,"href":"https:\/\/www.paranapraia.com.br\/index.php\/wp-json\/wp\/v2\/users\/2"}],"replies":[{"embeddable":true,"href":"https:\/\/www.paranapraia.com.br\/index.php\/wp-json\/wp\/v2\/comments?post=75669"}],"version-history":[{"count":1,"href":"https:\/\/www.paranapraia.com.br\/index.php\/wp-json\/wp\/v2\/posts\/75669\/revisions"}],"predecessor-version":[{"id":75671,"href":"https:\/\/www.paranapraia.com.br\/index.php\/wp-json\/wp\/v2\/posts\/75669\/revisions\/75671"}],"wp:featuredmedia":[{"embeddable":true,"href":"https:\/\/www.paranapraia.com.br\/index.php\/wp-json\/wp\/v2\/media\/75670"}],"wp:attachment":[{"href":"https:\/\/www.paranapraia.com.br\/index.php\/wp-json\/wp\/v2\/media?parent=75669"}],"wp:term":[{"taxonomy":"category","embeddable":true,"href":"https:\/\/www.paranapraia.com.br\/index.php\/wp-json\/wp\/v2\/categories?post=75669"},{"taxonomy":"post_tag","embeddable":true,"href":"https:\/\/www.paranapraia.com.br\/index.php\/wp-json\/wp\/v2\/tags?post=75669"}],"curies":[{"name":"wp","href":"https:\/\/api.w.org\/{rel}","templated":true}]}}