{"id":75666,"date":"2026-01-15T14:33:21","date_gmt":"2026-01-15T17:33:21","guid":{"rendered":"https:\/\/www.paranapraia.com.br\/?p=75666"},"modified":"2026-01-15T14:33:23","modified_gmt":"2026-01-15T17:33:23","slug":"sanepar-reforca-abastecimento-no-litoral-com-tecnologia-26-caminhoes-pipa-e-intervencoes","status":"publish","type":"post","link":"https:\/\/www.paranapraia.com.br\/index.php\/2026\/01\/15\/sanepar-reforca-abastecimento-no-litoral-com-tecnologia-26-caminhoes-pipa-e-intervencoes\/","title":{"rendered":"Sanepar refor\u00e7a abastecimento no Litoral com tecnologia, 26 caminh\u00f5es-pipa e interven\u00e7\u00f5es"},"content":{"rendered":"\n<p>Para garantir a seguran\u00e7a h\u00eddrica de moradores e veranistas no Litoral do Paran\u00e1 durante o Carnaval \u2014 per\u00edodo de grande fluxo tur\u00edstico em que o consumo de \u00e1gua per capita triplica \u2014, a Sanepar colocou em pr\u00e1tica um plano de a\u00e7\u00e3o robusto. A estrat\u00e9gia envolve o uso de tecnologias inovadoras de reserva\u00e7\u00e3o, aumento expressivo da frota de apoio e interven\u00e7\u00f5es estruturais na rede de distribui\u00e7\u00e3o.<\/p>\n\n\n\n<p>As medidas foram detalhadas pelo diretor-presidente da Sanepar, Wilson Bley, para os prefeitos e administradores p\u00fablicos de Matinhos, Guaratuba e Pontal do Paran\u00e1. No encontro, foi apresentada a nova tecnologia adotada pela empresa para esta temporada: os flexitanks. As estruturas m\u00f3veis s\u00e3o bolsas flex\u00edveis e resistentes, que funcionam como\u00a0\u201ccolch\u00f5es gigantes\u201d para \u00e1gua pot\u00e1vel.\u00a0Elas v\u00e3o refor\u00e7ar em 4 milh\u00f5es de litros a capacidade de armazenamento.<\/p>\n\n\n\n<p>Segundo o diretor-presidente, a tecnologia oferece agilidade e seguran\u00e7a. \u201cEsses reservat\u00f3rios s\u00e3o ideais para reservar grandes volumes de forma tempor\u00e1ria. Eles s\u00e3o herm\u00e9ticos, preservando a qualidade da \u00e1gua tratada, e nos auxiliam a atender a alta demanda de consumo nos dias mais quentes e movimentados, como o Carnaval\u201d, disse.<\/p>\n\n\n\n<p><strong>FROTA&nbsp;<\/strong>&#8211; Para atuar de forma preventiva e corretiva, a Sanepar tamb\u00e9m vai operar com sua capacidade m\u00e1xima de transporte. A frota foi ampliada para 26 caminh\u00f5es-pipa, que ficam de prontid\u00e3o 24 horas por dia. Esses ve\u00edculos n\u00e3o servem apenas para o abastecimento pontual de im\u00f3veis; eles s\u00e3o pe\u00e7as-chave na engenharia do sistema, sendo utilizados para injetar \u00e1gua diretamente na rede de distribui\u00e7\u00e3o, garantindo a pressuriza\u00e7\u00e3o das tubula\u00e7\u00f5es em hor\u00e1rios de maior consumo.<\/p>\n\n\n\n<p>\u201cTemos um sistema de monitoramento em tempo real na nossa Central de Controle de Opera\u00e7\u00f5es. Quando os sensores apontam baixa press\u00e3o em algum local, deslocamos os caminh\u00f5es estrategicamente para injetar volume extra na rede daquela regi\u00e3o, normalizando o abastecimento de forma r\u00e1pida\u201d, explica F\u00e1bio Basso, gerente-geral da Sanepar para Curitiba, Regi\u00e3o Metropolitana e Litoral.<\/p>\n\n\n\n<p><strong>OBRAS EM GUARATUBA<\/strong>&nbsp;&#8211; Al\u00e9m das medidas operacionais, a Sanepar vai realizar interven\u00e7\u00f5es f\u00edsicas importantes. Em Guaratuba, a Companhia vai substituir uma adutora (rede de grande porte) que faz a transfer\u00eancia de \u00e1gua da esta\u00e7\u00e3o de tratamento para os reservat\u00f3rios que abastecem a cidade. A obra, or\u00e7ada em R$ 2 milh\u00f5es, \u00e9 fundamental para dar mais robustez ao sistema de distribui\u00e7\u00e3o da cidade. A melhoria visa prevenir rompimentos e aumentar a vaz\u00e3o de \u00e1gua tratada para as regi\u00f5es mais populosas do munic\u00edpio.<\/p>\n\n\n\n<p>A reuni\u00e3o de apresenta\u00e7\u00e3o do plano operacional contou com a presen\u00e7a do prefeito de Matinhos, Eduardo Dalmora, do prefeito de Guaratuba, Maur\u00edcio Lense, e da vice-prefeita de Pontal do Paran\u00e1, Patr\u00edcia Millo Marcomini.&nbsp; Por parte da Sanepar, estiveram presentes, al\u00e9m do diretor-presidente, Wilson Bley, o diretor comercial, Bihl Zanetti, o diretor de opera\u00e7\u00f5es,&nbsp; Sergio Wippel, o diretor administrativo, Marcos Domakoski, o gerente-geral comercial, Sergio Portela, e o gerente-geral para Curitiba, regi\u00e3o metropolitana e Litoral, Fabio Basso.<\/p>\n\n\n\n<p><strong>VER\u00c3O MAIOR<\/strong>&nbsp;&#8211;&nbsp;A Sanepar tamb\u00e9m refor\u00e7ou sua opera\u00e7\u00e3o no Litoral com a contrata\u00e7\u00e3o de 31 geradores de energia, 21 cont\u00eaineres reservat\u00f3rios e 130 novos pontos de telemetria nas redes de \u00e1gua e esgoto. Al\u00e9m das melhorias feitas ao longo do ano nas tubula\u00e7\u00f5es da rede de distribui\u00e7\u00e3o e capta\u00e7\u00e3o e nas esta\u00e7\u00f5es de tratamento, como a implanta\u00e7\u00e3o do sistema floco-decantador na capta\u00e7\u00e3o do Rio Cambar\u00e1, principal manancial de abastecimento da Esta\u00e7\u00e3o de Tratamento de \u00c1gua (ETA) Matinhos. Com investimento de R$ 6,1 milh\u00f5es, o sistema evita a paralisa\u00e7\u00e3o da esta\u00e7\u00e3o durante per\u00edodos de chuvas mais intensas ao fazer o pr\u00e9-tratamento da \u00e1gua quando a turbidez est\u00e1 elevada.<\/p>\n\n\n\n<p><strong>USO RACIONAL<\/strong>&nbsp;&#8211; Embora a Sanepar tenha investido mais de R$ 22 milh\u00f5es na temporada 2025\/2026 e mobilizado estrutura m\u00e1xima, a Companhia alerta que o consumo consciente da popula\u00e7\u00e3o \u00e9 vital para evitar o desabastecimento. A recomenda\u00e7\u00e3o \u00e9 priorizar o uso da \u00e1gua para alimenta\u00e7\u00e3o e higiene pessoal.<\/p>\n\n\n\n<p>&#8211; Banhos r\u00e1pidos: Reduzir o tempo no chuveiro economiza centenas de litros por dia.<\/p>\n\n\n\n<p>&#8211; Torneira fechada: Ao escovar os dentes, fazer a barba ou ensaboar a lou\u00e7a, mantenha a torneira fechada.<\/p>\n\n\n\n<p>&#8211; Vazamentos: Verifique se h\u00e1 torneiras pingando ou descargas desreguladas no im\u00f3vel de veraneio.<\/p>\n\n\n\n<p>&#8211; Limpeza: N\u00e3o use mangueiras para lavar cal\u00e7adas, varandas ou carros. Utilize a vassoura e baldes com \u00e1gua reaproveitada, se poss\u00edvel.<\/p>\n\n\n\n<p>&#8211; Servi\u00e7o e Atendimento &#8211; Em caso de falta de \u00e1gua ou vazamentos na rua, a popula\u00e7\u00e3o deve entrar em contato imediatamente com a Sanepar pelos canais oficiais:<\/p>\n\n\n\n<p>Telefone: 0800 200 0115<\/p>\n\n\n\n<p>WhatsApp: (41) 99544-0115<\/p>\n\n\n\n<p><strong><a href=\"https:\/\/apps.apple.com\/br\/app\/sanepar-mobile\/id1145385894\" target=\"_blank\" rel=\"noreferrer noopener\">App: Sanepar Mobile<\/a><\/strong><\/p>\n\n\n\n<p>AEN\/PR<\/p>\n","protected":false},"excerpt":{"rendered":"<p>Para garantir a seguran\u00e7a h\u00eddrica de moradores e veranistas no Litoral do Paran\u00e1 durante o Carnaval \u2014 per\u00edodo de grande fluxo tur\u00edstico em que o consumo de \u00e1gua per capita triplica \u2014, a Sanepar colocou em pr\u00e1tica um plano de a\u00e7\u00e3o robusto. A estrat\u00e9gia envolve o uso de tecnologias inovadoras de reserva\u00e7\u00e3o, aumento expressivo da [&hellip;]<\/p>\n","protected":false},"author":2,"featured_media":75667,"comment_status":"open","ping_status":"open","sticky":false,"template":"","format":"standard","meta":{"advanced_seo_description":"","jetpack_seo_html_title":"","jetpack_seo_noindex":false,"_jetpack_memberships_contains_paid_content":false,"footnotes":""},"categories":[40],"tags":[],"class_list":{"0":"post-75666","1":"post","2":"type-post","3":"status-publish","4":"format-standard","5":"has-post-thumbnail","7":"category-destaques"},"jetpack_featured_media_url":"https:\/\/www.paranapraia.com.br\/wp-content\/uploads\/2026\/01\/20260110_-_12_novos_caminhoes_pipa_-_litoral_-0358.jpg","jetpack_sharing_enabled":true,"_links":{"self":[{"href":"https:\/\/www.paranapraia.com.br\/index.php\/wp-json\/wp\/v2\/posts\/75666"}],"collection":[{"href":"https:\/\/www.paranapraia.com.br\/index.php\/wp-json\/wp\/v2\/posts"}],"about":[{"href":"https:\/\/www.paranapraia.com.br\/index.php\/wp-json\/wp\/v2\/types\/post"}],"author":[{"embeddable":true,"href":"https:\/\/www.paranapraia.com.br\/index.php\/wp-json\/wp\/v2\/users\/2"}],"replies":[{"embeddable":true,"href":"https:\/\/www.paranapraia.com.br\/index.php\/wp-json\/wp\/v2\/comments?post=75666"}],"version-history":[{"count":1,"href":"https:\/\/www.paranapraia.com.br\/index.php\/wp-json\/wp\/v2\/posts\/75666\/revisions"}],"predecessor-version":[{"id":75668,"href":"https:\/\/www.paranapraia.com.br\/index.php\/wp-json\/wp\/v2\/posts\/75666\/revisions\/75668"}],"wp:featuredmedia":[{"embeddable":true,"href":"https:\/\/www.paranapraia.com.br\/index.php\/wp-json\/wp\/v2\/media\/75667"}],"wp:attachment":[{"href":"https:\/\/www.paranapraia.com.br\/index.php\/wp-json\/wp\/v2\/media?parent=75666"}],"wp:term":[{"taxonomy":"category","embeddable":true,"href":"https:\/\/www.paranapraia.com.br\/index.php\/wp-json\/wp\/v2\/categories?post=75666"},{"taxonomy":"post_tag","embeddable":true,"href":"https:\/\/www.paranapraia.com.br\/index.php\/wp-json\/wp\/v2\/tags?post=75666"}],"curies":[{"name":"wp","href":"https:\/\/api.w.org\/{rel}","templated":true}]}}