{"id":75645,"date":"2026-01-15T09:12:16","date_gmt":"2026-01-15T12:12:16","guid":{"rendered":"https:\/\/www.paranapraia.com.br\/?p=75645"},"modified":"2026-01-15T09:12:18","modified_gmt":"2026-01-15T12:12:18","slug":"estudantes-e-responsaveis-tem-ate-sexta-feira-para-efetuar-matricula-na-rede-estadual","status":"publish","type":"post","link":"https:\/\/www.paranapraia.com.br\/index.php\/2026\/01\/15\/estudantes-e-responsaveis-tem-ate-sexta-feira-para-efetuar-matricula-na-rede-estadual\/","title":{"rendered":"Estudantes e respons\u00e1veis t\u00eam at\u00e9 sexta-feira para efetuar matr\u00edcula na rede estadual"},"content":{"rendered":"\n<p>O per\u00edodo de matr\u00edculas presenciais na rede estadual de educa\u00e7\u00e3o do Paran\u00e1 vai at\u00e9 esta sexta-feira (16). A etapa \u00e9 voltada a estudantes e respons\u00e1veis que perderam o prazo regular de matr\u00edculas, aberto no final do ano passado. Nesta fase, as matr\u00edculas devem ser realizadas presencialmente, nas secretarias das escolas estaduais.<\/p>\n\n\n\n<p>\u201cEfetivar a matr\u00edcula \u00e9 a forma de garantir que todos os estudantes tenham acesso \u00e0 rede p\u00fablica de ensino, mesmo aqueles que, por algum motivo, n\u00e3o conseguiram realizar a matr\u00edcula no per\u00edodo regular. Nosso objetivo \u00e9 assegurar que nenhum aluno fique fora da escola e que o ano letivo comece com acolhimento e oportunidade para todos\u201d, apontou o secret\u00e1rio de Estado da Educa\u00e7\u00e3o, Roni Miranda.<\/p>\n\n\n\n<p>A rede estadual de ensino do Paran\u00e1 atende cerca de um milh\u00e3o de estudantes, distribu\u00eddos em mais de 2 mil escolas em todo o Estado. Desse total, 486 s\u00e3o escolas de ensino em tempo integral, 345 funcionam no modelo c\u00edvico-militar e 533 s\u00e3o escolas do campo. J\u00e1 a Educa\u00e7\u00e3o Profissional e Tecnol\u00f3gica (EPT) \u00e9 ofertada por meio de 45 cursos t\u00e9cnicos diferentes em 870 escolas estaduais, distribu\u00eddas pelos 32 N\u00facleos Regionais de Educa\u00e7\u00e3o (NREs).<\/p>\n\n\n\n<p>As modalidades de ensino ofertadas e a disponibilidade de vagas tamb\u00e9m podem ser consultadas junto \u00e0s secretarias das escolas.<\/p>\n\n\n\n<p><strong>EDUCA\u00c7\u00c3O PROFISSIONAL&nbsp;<\/strong>\u2013&nbsp;Tamb\u00e9m se encerra nesta sexta-feira (16) o prazo para matr\u00edculas em cursos t\u00e9cnicos da Educa\u00e7\u00e3o Profissional e Tecnol\u00f3gica (EPT), modalidade educacional que visa facilitar a inser\u00e7\u00e3o e a atua\u00e7\u00e3o do estudante no mundo do trabalho e no Ensino Superior. O processo de matr\u00edcula tamb\u00e9m deve ser realizado presencialmente, na secretaria das escolas ofertantes, mediante apresenta\u00e7\u00e3o da documenta\u00e7\u00e3o obrigat\u00f3ria.<\/p>\n\n\n\n<p>Foram abertas at\u00e9 55 mil vagas para estudantes concluintes do Ensino Fundamental que desejam ingressar na Educa\u00e7\u00e3o Profissional de forma integrada \u00e0 1\u00aa s\u00e9rie do Ensino M\u00e9dio. J\u00e1 a oferta de cursos t\u00e9cnicos subsequentes, tamb\u00e9m conhecida como p\u00f3s-M\u00e9dio, soma cerca de 8 mil vagas para estudantes que j\u00e1 conclu\u00edram a Educa\u00e7\u00e3o B\u00e1sica.<\/p>\n\n\n\n<p>Os mais de 45 cursos gratuitos de qualifica\u00e7\u00e3o, habilita\u00e7\u00e3o t\u00e9cnica e tecnol\u00f3gica abrangem diferentes \u00e1reas do conhecimento &#8211; entre eles, Agroneg\u00f3cio, Administra\u00e7\u00e3o, Biotecnologia, Enfermagem, Gastronomia, Forma\u00e7\u00e3o Docente, Intelig\u00eancia Artificial, Turismo e muitos outros.<\/p>\n\n\n\n<p><strong>DOCUMENTOS OBRIGAT\u00d3RIOS&nbsp;<\/strong>\u2013&nbsp;Para efetuar matr\u00edcula, \u00e9 necess\u00e1rio apresentar comprovante de resid\u00eancia atualizado; certid\u00e3o de nascimento ou documento oficial com foto; RG para estudantes do Ensino M\u00e9dio, Educa\u00e7\u00e3o Profissional, EJA ou maiores de 16 anos; CPF para estudantes da Educa\u00e7\u00e3o Profissional, EJA, Ensino M\u00e9dio e para nascidos a partir de 2017; comprovante de vacina\u00e7\u00e3o para menores de 18 anos; hist\u00f3rico escolar ou comprovante de escolaridade; al\u00e9m de laudo m\u00e9dico e documento de tutela\/guarda, quando aplic\u00e1vel.<\/p>\n\n\n\n<p>J\u00e1 para a rematr\u00edcula de alunos que seguir\u00e3o estudando na mesma escola, devem ser apresentados comprovante de resid\u00eancia atualizado, comprovante de vacina\u00e7\u00e3o e eventuais documentos pendentes solicitados pela unidade. Toda documenta\u00e7\u00e3o entregue presencialmente deve ser digitalizada e inserida na Pasta Individual Virtual do Estudante (PIVE), conforme as normas da Lei Geral de Prote\u00e7\u00e3o de Dados (LGPD).<\/p>\n\n\n\n<p>AEN<\/p>\n","protected":false},"excerpt":{"rendered":"<p>O per\u00edodo de matr\u00edculas presenciais na rede estadual de educa\u00e7\u00e3o do Paran\u00e1 vai at\u00e9 esta sexta-feira (16). A etapa \u00e9 voltada a estudantes e respons\u00e1veis que perderam o prazo regular de matr\u00edculas, aberto no final do ano passado. Nesta fase, as matr\u00edculas devem ser realizadas presencialmente, nas secretarias das escolas estaduais. \u201cEfetivar a matr\u00edcula \u00e9 [&hellip;]<\/p>\n","protected":false},"author":2,"featured_media":75646,"comment_status":"open","ping_status":"open","sticky":false,"template":"","format":"standard","meta":{"advanced_seo_description":"","jetpack_seo_html_title":"","jetpack_seo_noindex":false,"_jetpack_memberships_contains_paid_content":false,"footnotes":""},"categories":[40,72],"tags":[461,319],"class_list":{"0":"post-75645","1":"post","2":"type-post","3":"status-publish","4":"format-standard","5":"has-post-thumbnail","7":"category-destaques","8":"category-educacao","9":"tag-educacao","10":"tag-parana"},"jetpack_featured_media_url":"https:\/\/www.paranapraia.com.br\/wp-content\/uploads\/2026\/01\/lucas_fermin_regular-01999-scaled.jpg","jetpack_sharing_enabled":true,"_links":{"self":[{"href":"https:\/\/www.paranapraia.com.br\/index.php\/wp-json\/wp\/v2\/posts\/75645"}],"collection":[{"href":"https:\/\/www.paranapraia.com.br\/index.php\/wp-json\/wp\/v2\/posts"}],"about":[{"href":"https:\/\/www.paranapraia.com.br\/index.php\/wp-json\/wp\/v2\/types\/post"}],"author":[{"embeddable":true,"href":"https:\/\/www.paranapraia.com.br\/index.php\/wp-json\/wp\/v2\/users\/2"}],"replies":[{"embeddable":true,"href":"https:\/\/www.paranapraia.com.br\/index.php\/wp-json\/wp\/v2\/comments?post=75645"}],"version-history":[{"count":1,"href":"https:\/\/www.paranapraia.com.br\/index.php\/wp-json\/wp\/v2\/posts\/75645\/revisions"}],"predecessor-version":[{"id":75647,"href":"https:\/\/www.paranapraia.com.br\/index.php\/wp-json\/wp\/v2\/posts\/75645\/revisions\/75647"}],"wp:featuredmedia":[{"embeddable":true,"href":"https:\/\/www.paranapraia.com.br\/index.php\/wp-json\/wp\/v2\/media\/75646"}],"wp:attachment":[{"href":"https:\/\/www.paranapraia.com.br\/index.php\/wp-json\/wp\/v2\/media?parent=75645"}],"wp:term":[{"taxonomy":"category","embeddable":true,"href":"https:\/\/www.paranapraia.com.br\/index.php\/wp-json\/wp\/v2\/categories?post=75645"},{"taxonomy":"post_tag","embeddable":true,"href":"https:\/\/www.paranapraia.com.br\/index.php\/wp-json\/wp\/v2\/tags?post=75645"}],"curies":[{"name":"wp","href":"https:\/\/api.w.org\/{rel}","templated":true}]}}