{"id":75639,"date":"2026-01-15T08:48:13","date_gmt":"2026-01-15T11:48:13","guid":{"rendered":"https:\/\/www.paranapraia.com.br\/?p=75639"},"modified":"2026-01-15T08:48:15","modified_gmt":"2026-01-15T11:48:15","slug":"rock-da-big-time-orchestra-anima-veranistas-no-palco-sunset-em-guaratuba","status":"publish","type":"post","link":"https:\/\/www.paranapraia.com.br\/index.php\/2026\/01\/15\/rock-da-big-time-orchestra-anima-veranistas-no-palco-sunset-em-guaratuba\/","title":{"rendered":"Rock da Big Time Orchestra anima veranistas no Palco Sunset em Guaratuba"},"content":{"rendered":"\n<p>O Palco Sunset do Ver\u00e3o Maior Paran\u00e1 em Guaratuba recebeu, na noite desta quarta-feira (14), mais uma apresenta\u00e7\u00e3o da programa\u00e7\u00e3o musical gratuita \u00e0 beira-mar. A atra\u00e7\u00e3o da vez foi a Big Time Orchestra, banda paranaense que animou as centenas de pessoas presentes com releituras de sucessos nacionais e internacionais em ritmos como rock, rockabilly, soul e jazz, com metais, coreografias e participa\u00e7\u00e3o ativa da plateia.<\/p>\n\n\n\n<p>Formada em Curitiba, a Big Time Orchestra \u00e9 conhecida pelo formato inspirado nas grandes big bands, com forte presen\u00e7a de metais, m\u00faltiplos vocais e uma performance marcada pela intera\u00e7\u00e3o com o p\u00fablico. Com 20 anos de trajet\u00f3ria, o grupo re\u00fane m\u00fasicos experientes da cena paranaense e construiu carreira com apresenta\u00e7\u00f5es em praticamente todos os estados brasileiros e no exterior, com shows no Jap\u00e3o, Europa e Estados Unidos.<\/p>\n\n\n\n<p>Ao comentar a experi\u00eancia de tocar na orla da Oraia Central de Guaratuba, o trombonista e vocalista Raule Alves destacou a import\u00e2ncia da iniciativa para os artistas locais. \u201cA gente agradece ao Governo do Estado por abrir essa oportunidade para as bandas paranaenses. Esse contato com o p\u00fablico \u00e9 muito importante, \u00e9 inclus\u00e3o de verdade\u201d, afirmou.<\/p>\n\n\n\n<p>Raule acrescentou que o show em Guaratuba marcou um momento especial para o grupo. \u201cTodo mundo saiu encharcado de suor, mas feliz, com uma energia incr\u00edvel, ainda mais aqui, com esse visual\u201d, afirmou. A apresenta\u00e7\u00e3o integra o in\u00edcio das comemora\u00e7\u00f5es pelos 20 anos da banda, que em 2026 inicia uma turn\u00ea comemorativa.<\/p>\n\n\n\n<p>Para o saxofonista M\u00e1rcio Rangel, as apresenta\u00e7\u00f5es gratuitas ampliam o alcance do trabalho da banda e criam um ambiente democr\u00e1tico. \u201cTem crian\u00e7a, fam\u00edlia inteira, todo mundo junto. O pessoal dan\u00e7a, pula com a gente. \u00c9 inclus\u00e3o total\u201d, disse. Ele ressaltou ainda o clima proporcionado pelo cen\u00e1rio natural. \u201cO visual da praia \u00e9 maravilhoso e o p\u00fablico responde na mesma vibra\u00e7\u00e3o\u201d, completou.<\/p>\n\n\n\n<p><strong>SUCESSO DE P\u00daBLICO&nbsp;<\/strong>\u2013<strong>&nbsp;<\/strong>A percep\u00e7\u00e3o positiva tamb\u00e9m foi compartilhada por turistas e veranistas que acompanharam o espet\u00e1culo. De Guarapuava, Edson Luiz Schultz, que est\u00e1 no litoral desde o dia 10, elogiou a estrutura e a organiza\u00e7\u00e3o do evento. \u201cEst\u00e1 muito bom, a cidade \u00e9 bem receptiva e, para quem gosta de rock, esse show foi sensacional\u201d, comentou.<\/p>\n\n\n\n<p>De Corn\u00e9lio Proc\u00f3pio, Joselaine de Andrade Mariano tamb\u00e9m vem acompanhado a programa\u00e7\u00e3o musical em Guaratuba, que segundo ela oferece um clima familiar. \u201cEssa combina\u00e7\u00e3o entre praia e m\u00fasica ao vivo \u00e9 um diferencial. \u00c9 a primeira vez que participamos e achamos \u00f3timo\u201d, revelou.<\/p>\n\n\n\n<p>J\u00e1 Bruna Rodrigues, de Apia\u00ed, no interior de S\u00e3o Paulo, considera que a m\u00fasica ao vivo valoriza o fim de tarde na praia. \u201cIsso faz a diferen\u00e7a, principalmente nesse hor\u00e1rio do por do sol, com uma programa\u00e7\u00e3o que atende p\u00fablicos de todas as idades, a fam\u00edlia toda\u201d, contou.<\/p>\n\n\n\n<p><strong>ARTISTAS LOCAIS&nbsp;<\/strong>\u2013 Os Palcos Sunset integram uma programa\u00e7\u00e3o estadual que re\u00fane 52 artistas paranaenses, selecionados por meio do edital Palco Paran\u00e1, da Secretaria de Estado da Cultura, que registrou recorde de inscri\u00e7\u00f5es nesta edi\u00e7\u00e3o.<\/p>\n\n\n\n<p>Al\u00e9m de Guaratuba, os Palcos Sunset est\u00e3o instalados em Caiob\u00e1 e Shangri-l\u00e1, no Litoral, e tamb\u00e9m em Porto Rico e Porto S\u00e3o Jos\u00e9, no Noroeste do Paran\u00e1, levando apresenta\u00e7\u00f5es gratuitas para praias e regi\u00f5es ribeirinhas.<\/p>\n\n\n\n<p>De acordo com a secret\u00e1ria estadual da Cultura, Luciana Casagrande Pereira, a iniciativa fortalece a produ\u00e7\u00e3o musical local e amplia o acesso \u00e0 cultura. \u201c\u00c9 uma pol\u00edtica p\u00fablica que valoriza os artistas paranaenses e leva m\u00fasica de qualidade para diferentes regi\u00f5es do Estado\u201d, destacou.<\/p>\n\n\n\n<p><strong>Confira a programa\u00e7\u00e3o dos pr\u00f3ximos shows do palco Sunset, cujas apresenta\u00e7\u00f5es iniciam sempre \u00e0s 18h:<\/strong><\/p>\n\n\n\n<p><strong>Confira a programa\u00e7\u00e3o de 15 a 17 de janeiro:<\/strong><\/p>\n\n\n\n<p><strong>Palco Sunset Caiob\u00e1&nbsp;&#8211;&nbsp;Avenida Atl\u00e2ntica, entre as ruas Londrina e Paranagu\u00e1<\/strong><\/p>\n\n\n\n<p>15 de janeiro (quinta-feira), \u00e0s 18h \u2013 Raissa Fayet<\/p>\n\n\n\n<p>15 de janeiro (quinta-feira), \u00e0s 19h \u2013 MUV (Movimento Uniformemente Variado)<\/p>\n\n\n\n<p>16 de janeiro (sexta-feira), \u00e0s 18h \u2013 Bruninho Scandalous<\/p>\n\n\n\n<p>17 de janeiro (s\u00e1bado), \u00e0s 18h \u2013 Black Bear Ranch<\/p>\n\n\n\n<p><strong>Palco Sunset Guaratuba&nbsp;&#8211; Avenida Atl\u00e2ntica, 3 \u2013 Brejatuba<\/strong><\/p>\n\n\n\n<p>15 de janeiro (quinta-feira), \u00e0s 18h \u2013 Luane Mattia<\/p>\n\n\n\n<p>16 de janeiro (sexta-feira), \u00e0s 18h \u2013 Nova Tenta\u00e7\u00e3o<\/p>\n\n\n\n<p>17 de janeiro (s\u00e1bado), \u00e0s 18h \u2013 Andr\u00e9 Galharte<\/p>\n\n\n\n<p><strong>Palco Sunset Porto Rico&nbsp;&#8211; Avenida Jo\u00e3o Carraro<\/strong><\/p>\n\n\n\n<p>16 de janeiro (sexta-feira), \u00e0s 20h \u2013 Kauanzinho<\/p>\n\n\n\n<p><strong>Palco Sunset Porto S\u00e3o Jos\u00e9&nbsp;&#8211; Cal\u00e7ad\u00e3o do Porto S\u00e3o Jos\u00e9, orla do Rio Paran\u00e1<\/strong><\/p>\n\n\n\n<p>17 de janeiro (s\u00e1bado), \u00e0s 20h \u2013 Gustavo Toleto e Gabriel<\/p>\n\n\n\n<p>AEN<\/p>\n","protected":false},"excerpt":{"rendered":"<p>O Palco Sunset do Ver\u00e3o Maior Paran\u00e1 em Guaratuba recebeu, na noite desta quarta-feira (14), mais uma apresenta\u00e7\u00e3o da programa\u00e7\u00e3o musical gratuita \u00e0 beira-mar. A atra\u00e7\u00e3o da vez foi a Big Time Orchestra, banda paranaense que animou as centenas de pessoas presentes com releituras de sucessos nacionais e internacionais em ritmos como rock, rockabilly, soul [&hellip;]<\/p>\n","protected":false},"author":2,"featured_media":75640,"comment_status":"open","ping_status":"open","sticky":false,"template":"","format":"standard","meta":{"advanced_seo_description":"","jetpack_seo_html_title":"","jetpack_seo_noindex":false,"_jetpack_memberships_contains_paid_content":false,"footnotes":""},"categories":[40,99,1545],"tags":[333,795],"class_list":{"0":"post-75639","1":"post","2":"type-post","3":"status-publish","4":"format-standard","5":"has-post-thumbnail","7":"category-destaques","8":"category-guaratuba","9":"category-verao-maior","10":"tag-guaratuba","11":"tag-verao-maior"},"jetpack_featured_media_url":"https:\/\/www.paranapraia.com.br\/wp-content\/uploads\/2026\/01\/20260114_agb_bto_-_verao_maior-16-scaled.jpg","jetpack_sharing_enabled":true,"_links":{"self":[{"href":"https:\/\/www.paranapraia.com.br\/index.php\/wp-json\/wp\/v2\/posts\/75639"}],"collection":[{"href":"https:\/\/www.paranapraia.com.br\/index.php\/wp-json\/wp\/v2\/posts"}],"about":[{"href":"https:\/\/www.paranapraia.com.br\/index.php\/wp-json\/wp\/v2\/types\/post"}],"author":[{"embeddable":true,"href":"https:\/\/www.paranapraia.com.br\/index.php\/wp-json\/wp\/v2\/users\/2"}],"replies":[{"embeddable":true,"href":"https:\/\/www.paranapraia.com.br\/index.php\/wp-json\/wp\/v2\/comments?post=75639"}],"version-history":[{"count":1,"href":"https:\/\/www.paranapraia.com.br\/index.php\/wp-json\/wp\/v2\/posts\/75639\/revisions"}],"predecessor-version":[{"id":75641,"href":"https:\/\/www.paranapraia.com.br\/index.php\/wp-json\/wp\/v2\/posts\/75639\/revisions\/75641"}],"wp:featuredmedia":[{"embeddable":true,"href":"https:\/\/www.paranapraia.com.br\/index.php\/wp-json\/wp\/v2\/media\/75640"}],"wp:attachment":[{"href":"https:\/\/www.paranapraia.com.br\/index.php\/wp-json\/wp\/v2\/media?parent=75639"}],"wp:term":[{"taxonomy":"category","embeddable":true,"href":"https:\/\/www.paranapraia.com.br\/index.php\/wp-json\/wp\/v2\/categories?post=75639"},{"taxonomy":"post_tag","embeddable":true,"href":"https:\/\/www.paranapraia.com.br\/index.php\/wp-json\/wp\/v2\/tags?post=75639"}],"curies":[{"name":"wp","href":"https:\/\/api.w.org\/{rel}","templated":true}]}}