{"id":75633,"date":"2026-01-14T16:53:36","date_gmt":"2026-01-14T19:53:36","guid":{"rendered":"https:\/\/www.paranapraia.com.br\/?p=75633"},"modified":"2026-01-14T16:53:38","modified_gmt":"2026-01-14T19:53:38","slug":"prefeito-adriano-ramos-vistoria-centro-da-juventude-e-fala-sobre-inauguracao","status":"publish","type":"post","link":"https:\/\/www.paranapraia.com.br\/index.php\/2026\/01\/14\/prefeito-adriano-ramos-vistoria-centro-da-juventude-e-fala-sobre-inauguracao\/","title":{"rendered":"Prefeito Adriano Ramos vistoria Centro da Juventude e fala sobre inaugura\u00e7\u00e3o"},"content":{"rendered":"\n<p>O prefeito Adriano Ramos, acompanhado do chefe de gabinete Andr\u00e9 Ferruci, realizou na manh\u00e3 desta quarta-feira, dia 14, uma vistoria t\u00e9cnica nas instala\u00e7\u00f5es do Centro da Juventude. A inaugura\u00e7\u00e3o do local est\u00e1 prevista para ocorrer entre o fim de janeiro e o in\u00edcio de fevereiro.<\/p>\n\n\n\n<p>O equipamento p\u00fablico ser\u00e1 voltado ao atendimento de jovens e adolescentes de 12 a 18 anos, com foco na promo\u00e7\u00e3o da cidadania, da conviv\u00eancia comunit\u00e1ria e da forma\u00e7\u00e3o integral. No local, ser\u00e3o ofertadas atividades nas \u00e1reas de esporte, cultura, lazer e qualifica\u00e7\u00e3o profissional, com o objetivo de ampliar oportunidades, afastar os jovens de situa\u00e7\u00f5es de risco social e contribuir para seu pleno desenvolvimento.<\/p>\n\n\n\n<p>\u201cRecebemos as chaves do Centro da Juventude em julho, por meio do Governo do Estado, e estamos falando de uma obra moderna, um espa\u00e7o fant\u00e1stico, pensado para atender a nossa juventude e tamb\u00e9m as nossas crian\u00e7as. Aqui vamos desenvolver um trabalho integrado e compartilhado entre v\u00e1rias secretarias, como Mulher, Desenvolvimento Social, Igualdade Racial, Esporte, Trabalho, Cultura, Educa\u00e7\u00e3o e Inclus\u00e3o, oferecendo oficinas, atividades culturais, eventos e a\u00e7\u00f5es de capacita\u00e7\u00e3o e qualifica\u00e7\u00e3o profissional para os jovens. H\u00e1 muita coisa boa para acontecer neste espa\u00e7o, que ser\u00e1 um importante instrumento de cidadania, conviv\u00eancia e oportunidades\u201d, ressaltou o prefeito Adriano Ramos.<\/p>\n\n\n\n<p>A inaugura\u00e7\u00e3o est\u00e1 prevista entre o fim de janeiro e o come\u00e7o de fevereiro. \u201cN\u00e3o aconteceu antes porque enfrentamos um ano muito dif\u00edcil. Recebemos a prefeitura com uma d\u00edvida de R$ 141 milh\u00f5es, uma heran\u00e7a financeira negativa da administra\u00e7\u00e3o anterior, o que nos impediu de realizar a contrapartida necess\u00e1ria, como a compra de mobili\u00e1rio e a climatiza\u00e7\u00e3o do pr\u00e9dio. Mesmo com o im\u00f3vel entregue pronto pelo Governo do Estado, n\u00e3o havia condi\u00e7\u00f5es or\u00e7ament\u00e1rias naquele momento. Foi um trabalho intenso da nossa equipe para reorganizar as finan\u00e7as e superar essa situa\u00e7\u00e3o, e agora, vamos colocar o Centro da Juventude para rodar e atender a popula\u00e7\u00e3o, transformando este espa\u00e7o em um ambiente maravilhoso para os jovens de Paranagu\u00e1\u201d, afirmou o prefeito Adriano Ramos.<\/p>\n\n\n\n<p>A secret\u00e1ria da Mulher, Fam\u00edlia, Desenvolvimento Social e Igualdade Racial, Carolina de Miranda Evangelista Louren\u00e7o, destacou que o Centro da Juventude representa uma grande oportunidade de transforma\u00e7\u00e3o social. Segundo ela, o espa\u00e7o nasce com o prop\u00f3sito de fortalecer a prote\u00e7\u00e3o social, oferecendo atividades educativas, culturais e sociais que ampliem as perspectivas dos jovens.<\/p>\n\n\n\n<p>\u201cAqui, queremos construir novos caminhos, afastando nossos adolescentes de riscos como o tr\u00e1fico e o trabalho infantil, e promovendo autonomia, protagonismo e acompanhamento familiar\u201d, ressaltou.<\/p>\n\n\n\n<p>O secret\u00e1rio municipal de Educa\u00e7\u00e3o, Thiago Nascimento, o Thiago Sonho, enfatizou a import\u00e2ncia do Centro da Juventude como extens\u00e3o do processo educacional. Ele explicou que, por estar pr\u00f3ximo de algumas escolas, o espa\u00e7o poder\u00e1 ser utilizado no contraturno escolar e em hor\u00e1rios noturnos, contribuindo para o desenvolvimento integral das crian\u00e7as e adolescentes da rede municipal.<\/p>\n\n\n\n<p>\u201cSer\u00e1 um ambiente seguro, com atividades esportivas e culturais, que beneficia n\u00e3o apenas os alunos, mas tamb\u00e9m as fam\u00edlias e toda a comunidade do entorno\u201d, afirmou.<\/p>\n\n\n\n<p>J\u00e1 o secret\u00e1rio de Esportes e Juventude, Jos\u00e9 Miguel Pereira, destacou a diversidade de modalidades que ser\u00e3o ofertadas no local. De acordo com ele, o Centro contar\u00e1 com atividades de dan\u00e7a, esportes em quadra, skate e artes marciais, garantindo op\u00e7\u00f5es para diferentes faixas et\u00e1rias e interesses. \u201cEstamos construindo um portf\u00f3lio completo de a\u00e7\u00f5es para que a comunidade da regi\u00e3o Sul possa usufruir plenamente desse equipamento p\u00fablico\u201d, pontuou.<\/p>\n\n\n\n<p>A secret\u00e1ria municipal de Inclus\u00e3o, Camila Naomi, ressaltou que o espa\u00e7o foi planejado com foco total na acessibilidade. Ela destacou a presen\u00e7a de sinaliza\u00e7\u00e3o em braille, piso t\u00e1til e estruturas adaptadas para pessoas com defici\u00eancia e cadeirantes. \u201c\u00c9 um ambiente inclusivo, pensado para que todas as crian\u00e7as e jovens possam participar. A Secretaria de Inclus\u00e3o estar\u00e1 presente com atividades que aproximam os servi\u00e7os de nossa popula\u00e7\u00e3o\u201d, afirmou.<\/p>\n\n\n\n<p>O secret\u00e1rio de Cultura e Turismo, Jos\u00e9 Reis de Freitas Neto, o Juca, refor\u00e7ou a import\u00e2ncia da descentraliza\u00e7\u00e3o das pol\u00edticas culturais. Segundo ele, levar cultura para os bairros \u00e9 fundamental para fortalecer a identidade local e aproximar a comunidade da gest\u00e3o p\u00fablica.<\/p>\n\n\n\n<p>\u201cEsse novo espa\u00e7o permitir\u00e1 que crian\u00e7as e jovens participem de atividades culturais que valorizem nossa hist\u00f3ria e nossas origens, promovendo integra\u00e7\u00e3o e pertencimento\u201d, concluiu.<\/p>\n\n\n\n<p>J\u00e1 o secret\u00e1rio de Trabalho e Inova\u00e7\u00e3o, Cleverson dos Santos Ferreira, destacou a import\u00e2ncia do Centro da Juventude como ferramenta de transforma\u00e7\u00e3o social e gera\u00e7\u00e3o de oportunidades.<\/p>\n\n\n\n<p>\u201cEsse espa\u00e7o ser\u00e1 fundamental para preparar nossos jovens para o mercado de trabalho e para o futuro, por meio de a\u00e7\u00f5es de qualifica\u00e7\u00e3o, capacita\u00e7\u00e3o e incentivo \u00e0 inova\u00e7\u00e3o\u201d, afirmou o secret\u00e1rio de Trabalho.<\/p>\n\n\n\n<p>Assessoria<\/p>\n","protected":false},"excerpt":{"rendered":"<p>O prefeito Adriano Ramos, acompanhado do chefe de gabinete Andr\u00e9 Ferruci, realizou na manh\u00e3 desta quarta-feira, dia 14, uma vistoria t\u00e9cnica nas instala\u00e7\u00f5es do Centro da Juventude. A inaugura\u00e7\u00e3o do local est\u00e1 prevista para ocorrer entre o fim de janeiro e o in\u00edcio de fevereiro. O equipamento p\u00fablico ser\u00e1 voltado ao atendimento de jovens e [&hellip;]<\/p>\n","protected":false},"author":2,"featured_media":75634,"comment_status":"open","ping_status":"open","sticky":false,"template":"","format":"standard","meta":{"advanced_seo_description":"","jetpack_seo_html_title":"","jetpack_seo_noindex":false,"_jetpack_memberships_contains_paid_content":false,"footnotes":""},"categories":[77],"tags":[321],"class_list":{"0":"post-75633","1":"post","2":"type-post","3":"status-publish","4":"format-standard","5":"has-post-thumbnail","7":"category-paranagua","8":"tag-paranagua"},"jetpack_featured_media_url":"https:\/\/www.paranapraia.com.br\/wp-content\/uploads\/2026\/01\/thumb-38.jpeg","jetpack_sharing_enabled":true,"_links":{"self":[{"href":"https:\/\/www.paranapraia.com.br\/index.php\/wp-json\/wp\/v2\/posts\/75633"}],"collection":[{"href":"https:\/\/www.paranapraia.com.br\/index.php\/wp-json\/wp\/v2\/posts"}],"about":[{"href":"https:\/\/www.paranapraia.com.br\/index.php\/wp-json\/wp\/v2\/types\/post"}],"author":[{"embeddable":true,"href":"https:\/\/www.paranapraia.com.br\/index.php\/wp-json\/wp\/v2\/users\/2"}],"replies":[{"embeddable":true,"href":"https:\/\/www.paranapraia.com.br\/index.php\/wp-json\/wp\/v2\/comments?post=75633"}],"version-history":[{"count":1,"href":"https:\/\/www.paranapraia.com.br\/index.php\/wp-json\/wp\/v2\/posts\/75633\/revisions"}],"predecessor-version":[{"id":75635,"href":"https:\/\/www.paranapraia.com.br\/index.php\/wp-json\/wp\/v2\/posts\/75633\/revisions\/75635"}],"wp:featuredmedia":[{"embeddable":true,"href":"https:\/\/www.paranapraia.com.br\/index.php\/wp-json\/wp\/v2\/media\/75634"}],"wp:attachment":[{"href":"https:\/\/www.paranapraia.com.br\/index.php\/wp-json\/wp\/v2\/media?parent=75633"}],"wp:term":[{"taxonomy":"category","embeddable":true,"href":"https:\/\/www.paranapraia.com.br\/index.php\/wp-json\/wp\/v2\/categories?post=75633"},{"taxonomy":"post_tag","embeddable":true,"href":"https:\/\/www.paranapraia.com.br\/index.php\/wp-json\/wp\/v2\/tags?post=75633"}],"curies":[{"name":"wp","href":"https:\/\/api.w.org\/{rel}","templated":true}]}}