{"id":75606,"date":"2026-01-14T14:14:24","date_gmt":"2026-01-14T17:14:24","guid":{"rendered":"https:\/\/www.paranapraia.com.br\/?p=75606"},"modified":"2026-01-14T14:14:26","modified_gmt":"2026-01-14T17:14:26","slug":"detran-pr-inaugura-posto-avancado-em-matinhos-e-amplia-acesso-a-servicos-de-transito","status":"publish","type":"post","link":"https:\/\/www.paranapraia.com.br\/index.php\/2026\/01\/14\/detran-pr-inaugura-posto-avancado-em-matinhos-e-amplia-acesso-a-servicos-de-transito\/","title":{"rendered":"Detran-PR inaugura posto avan\u00e7ado em Matinhos e amplia acesso a servi\u00e7os de tr\u00e2nsito"},"content":{"rendered":"\n<p>O Departamento de Tr\u00e2nsito do Paran\u00e1 (Detran-PR) inaugura, no dia 15 de janeiro de 2026, \u00e0s 14h, um posto avan\u00e7ado em Matinhos, refor\u00e7ando a descentraliza\u00e7\u00e3o do atendimento e facilitando o acesso da popula\u00e7\u00e3o a servi\u00e7os essenciais nas \u00e1reas de habilita\u00e7\u00e3o e ve\u00edculos.<\/p>\n\n\n\n<figure class=\"wp-block-image size-large\"><img loading=\"lazy\" decoding=\"async\" width=\"1024\" height=\"749\" src=\"https:\/\/www.paranapraia.com.br\/wp-content\/uploads\/2026\/01\/1001090685-1024x749.jpg\" alt=\"\" class=\"wp-image-75609\" srcset=\"https:\/\/www.paranapraia.com.br\/wp-content\/uploads\/2026\/01\/1001090685-1024x749.jpg 1024w, https:\/\/www.paranapraia.com.br\/wp-content\/uploads\/2026\/01\/1001090685-300x219.jpg 300w, https:\/\/www.paranapraia.com.br\/wp-content\/uploads\/2026\/01\/1001090685-768x562.jpg 768w, https:\/\/www.paranapraia.com.br\/wp-content\/uploads\/2026\/01\/1001090685-696x509.jpg 696w, https:\/\/www.paranapraia.com.br\/wp-content\/uploads\/2026\/01\/1001090685-1068x781.jpg 1068w, https:\/\/www.paranapraia.com.br\/wp-content\/uploads\/2026\/01\/1001090685.jpg 1280w\" sizes=\"(max-width: 1024px) 100vw, 1024px\" \/><\/figure>\n\n\n\n<p><br>A nova unidade ficar\u00e1 instalada no pr\u00e9dio do terminal rodovi\u00e1rio, atr\u00e1s do Gin\u00e1sio Vicente Gurski, em ponto estrat\u00e9gico da cidade. O posto ser\u00e1 vinculado \u00e0 3\u00aa Ciretran, com sede em Paranagu\u00e1, e passa a ofertar mais de 40 servi\u00e7os, entre eles demandas relacionadas \u00e0 CNH, documenta\u00e7\u00e3o e regulariza\u00e7\u00e3o de ve\u00edculos.<\/p>\n\n\n\n<figure class=\"wp-block-image size-large\"><img loading=\"lazy\" decoding=\"async\" width=\"1024\" height=\"683\" src=\"https:\/\/www.paranapraia.com.br\/wp-content\/uploads\/2026\/01\/1001090687-1024x683.jpg\" alt=\"\" class=\"wp-image-75608\" srcset=\"https:\/\/www.paranapraia.com.br\/wp-content\/uploads\/2026\/01\/1001090687-1024x683.jpg 1024w, https:\/\/www.paranapraia.com.br\/wp-content\/uploads\/2026\/01\/1001090687-300x200.jpg 300w, https:\/\/www.paranapraia.com.br\/wp-content\/uploads\/2026\/01\/1001090687-768x512.jpg 768w, https:\/\/www.paranapraia.com.br\/wp-content\/uploads\/2026\/01\/1001090687-696x464.jpg 696w, https:\/\/www.paranapraia.com.br\/wp-content\/uploads\/2026\/01\/1001090687-1068x713.jpg 1068w, https:\/\/www.paranapraia.com.br\/wp-content\/uploads\/2026\/01\/1001090687.jpg 1280w\" sizes=\"(max-width: 1024px) 100vw, 1024px\" \/><\/figure>\n\n\n\n<p><br>A solenidade contar\u00e1 com a presen\u00e7a do vice-governador do Paran\u00e1, Darci Piana, do diretor-presidente do Detran-PR, Santin Roveda, e do prefeito de Matinhos, Eduardo Dalmora. As autoridades estar\u00e3o dispon\u00edveis para atendimento \u00e0 imprensa.<\/p>\n\n\n\n<p><br>A inaugura\u00e7\u00e3o do posto avan\u00e7ado representa um avan\u00e7o na presta\u00e7\u00e3o de servi\u00e7os p\u00fablicos no Litoral do Paran\u00e1, reduzindo deslocamentos, agilizando procedimentos e ampliando a comodidade para moradores e usu\u00e1rios que dependem do sistema de tr\u00e2nsito.<\/p>\n\n\n\n<p><br><strong>Servi\u00e7o<\/strong><br>Data: 15 de janeiro de 2026<br>Hor\u00e1rio: 14h<br>Local: Rua Durval Ferreira Romualdo, s\/n\u00ba \u2014 atr\u00e1s do Gin\u00e1sio Vicente Gurski (Terminal Rodovi\u00e1rio), Matinhos.<\/p>\n\n\n\n<p>Assessoria <\/p>\n","protected":false},"excerpt":{"rendered":"<p>O Departamento de Tr\u00e2nsito do Paran\u00e1 (Detran-PR) inaugura, no dia 15 de janeiro de 2026, \u00e0s 14h, um posto avan\u00e7ado em Matinhos, refor\u00e7ando a descentraliza\u00e7\u00e3o do atendimento e facilitando o acesso da popula\u00e7\u00e3o a servi\u00e7os essenciais nas \u00e1reas de habilita\u00e7\u00e3o e ve\u00edculos. A nova unidade ficar\u00e1 instalada no pr\u00e9dio do terminal rodovi\u00e1rio, atr\u00e1s do Gin\u00e1sio [&hellip;]<\/p>\n","protected":false},"author":2,"featured_media":75607,"comment_status":"open","ping_status":"open","sticky":false,"template":"","format":"standard","meta":{"advanced_seo_description":"","jetpack_seo_html_title":"","jetpack_seo_noindex":false,"_jetpack_memberships_contains_paid_content":false,"footnotes":""},"categories":[40],"tags":[851,1566,317],"class_list":{"0":"post-75606","1":"post","2":"type-post","3":"status-publish","4":"format-standard","5":"has-post-thumbnail","7":"category-destaques","8":"tag-detran","9":"tag-detran-pr-inaugura-posto-avancado-em-matinhos-e-amplia-acesso-a-servicos-de-transito","10":"tag-matinhos"},"jetpack_featured_media_url":"https:\/\/www.paranapraia.com.br\/wp-content\/uploads\/2026\/01\/IMG-20260114-WA0043.jpg","jetpack_sharing_enabled":true,"_links":{"self":[{"href":"https:\/\/www.paranapraia.com.br\/index.php\/wp-json\/wp\/v2\/posts\/75606"}],"collection":[{"href":"https:\/\/www.paranapraia.com.br\/index.php\/wp-json\/wp\/v2\/posts"}],"about":[{"href":"https:\/\/www.paranapraia.com.br\/index.php\/wp-json\/wp\/v2\/types\/post"}],"author":[{"embeddable":true,"href":"https:\/\/www.paranapraia.com.br\/index.php\/wp-json\/wp\/v2\/users\/2"}],"replies":[{"embeddable":true,"href":"https:\/\/www.paranapraia.com.br\/index.php\/wp-json\/wp\/v2\/comments?post=75606"}],"version-history":[{"count":1,"href":"https:\/\/www.paranapraia.com.br\/index.php\/wp-json\/wp\/v2\/posts\/75606\/revisions"}],"predecessor-version":[{"id":75610,"href":"https:\/\/www.paranapraia.com.br\/index.php\/wp-json\/wp\/v2\/posts\/75606\/revisions\/75610"}],"wp:featuredmedia":[{"embeddable":true,"href":"https:\/\/www.paranapraia.com.br\/index.php\/wp-json\/wp\/v2\/media\/75607"}],"wp:attachment":[{"href":"https:\/\/www.paranapraia.com.br\/index.php\/wp-json\/wp\/v2\/media?parent=75606"}],"wp:term":[{"taxonomy":"category","embeddable":true,"href":"https:\/\/www.paranapraia.com.br\/index.php\/wp-json\/wp\/v2\/categories?post=75606"},{"taxonomy":"post_tag","embeddable":true,"href":"https:\/\/www.paranapraia.com.br\/index.php\/wp-json\/wp\/v2\/tags?post=75606"}],"curies":[{"name":"wp","href":"https:\/\/api.w.org\/{rel}","templated":true}]}}