{"id":75603,"date":"2026-01-14T13:23:45","date_gmt":"2026-01-14T16:23:45","guid":{"rendered":"https:\/\/www.paranapraia.com.br\/?p=75603"},"modified":"2026-01-14T13:23:47","modified_gmt":"2026-01-14T16:23:47","slug":"matinhos-ganha-hospital-regional-com-90-leitos-governador-e-prefeito-anunciam-obra-nesta-quinta-15","status":"publish","type":"post","link":"https:\/\/www.paranapraia.com.br\/index.php\/2026\/01\/14\/matinhos-ganha-hospital-regional-com-90-leitos-governador-e-prefeito-anunciam-obra-nesta-quinta-15\/","title":{"rendered":"Matinhos ganha Hospital Regional com 90 leitos, Governador e Prefeito anunciam obra nesta quinta (15)"},"content":{"rendered":"\n<p><strong>MATINHOS \u2013<\/strong>&nbsp;Um marco hist\u00f3rico para a sa\u00fade p\u00fablica do Litoral do Paran\u00e1 ser\u00e1 oficializado nesta quinta-feira (15). O Governador Carlos Massa Ratinho Junior e o Prefeito Eduardo Dalmora convidam a popula\u00e7\u00e3o para a cerim\u00f4nia de an\u00fancio da constru\u00e7\u00e3o do<strong>&nbsp;Hospital Regional de Matinhos Maria Jos\u00e9 Piana<\/strong>. O evento acontece \u00e0s 17h30, no Audit\u00f3rio do SESC.<\/p>\n\n\n\n<p>A nova estrutura representa um salto na qualidade de vida e no atendimento m\u00e9dico da regi\u00e3o. O projeto prev\u00ea um complexo moderno com<strong>&nbsp;7.150 metros quadrados de \u00e1rea constru\u00edda<\/strong>, implantado em um terreno de&nbsp;<strong>20 mil metros quadrados<\/strong>, localizado onde funcionava a antiga FETIEP.<\/p>\n\n\n\n<p>O Hospital Regional foi dimensionado para atender a crescente demanda do munic\u00edpio e cidades vizinhas. A unidade contar\u00e1 com&nbsp;<strong>90 leitos<\/strong>&nbsp;e ser\u00e1 equipada com tecnologia de ponta e<strong>&nbsp;equipamentos de \u00faltima gera\u00e7\u00e3o,<\/strong>&nbsp;garantindo diagn\u00f3sticos mais precisos e tratamentos mais eficazes sem que o cidad\u00e3o precise se deslocar para grandes centros.<\/p>\n\n\n\n<p>Homenagem<\/p>\n\n\n\n<p>O hospital receber\u00e1 o nome de<strong>&nbsp;Maria Jos\u00e9 Piana<\/strong>, em mem\u00f3ria e homenagem \u00e0 esposa do vice-governador do Paran\u00e1, Darci Piana. A escolha eterniza o nome de uma figura importante para o estado em uma obra dedicada a cuidar de vidas.<\/p>\n\n\n\n<p>Para o Prefeito Eduardo Dalmora, a conquista \u00e9 resultado da uni\u00e3o de esfor\u00e7os e do compromisso com a popula\u00e7\u00e3o.<em>&nbsp;&#8220;Este evento marca a hist\u00f3ria de Matinhos. Estamos tirando do papel um sonho antigo, que vai elevar a qualidade de vida da nossa gente e transformar a realidade da sa\u00fade em nossa cidade. Agradecemos o Governador Ratinho Jr. por essa grande obra\u201d<\/em>,destaca o prefeito.<\/p>\n\n\n\n<p><strong>SERVI\u00c7O An\u00fancio da Constru\u00e7\u00e3o do Hospital Regional Maria Jos\u00e9 Piana<\/strong><\/p>\n\n\n\n<ul class=\"wp-block-list\">\n<li><strong>Data:\u00a0<\/strong>15 de janeiro de 2026 (Quinta-feira)\u00a0<\/li>\n\n\n\n<li><strong>Hor\u00e1rio:<\/strong>\u00a017h30\u00a0<\/li>\n\n\n\n<li><strong>Local:\u00a0<\/strong>Audit\u00f3rio do SESC Matinhos\u00a0<\/li>\n\n\n\n<li><strong>Endere\u00e7o:\u00a0<\/strong>Rua Dr. Jos\u00e9 Pinto Rebelo Junior, 91 \u2013 Matinhos\/PR<\/li>\n<\/ul>\n\n\n\n<p>Assessoria <\/p>\n","protected":false},"excerpt":{"rendered":"<p>MATINHOS \u2013&nbsp;Um marco hist\u00f3rico para a sa\u00fade p\u00fablica do Litoral do Paran\u00e1 ser\u00e1 oficializado nesta quinta-feira (15). O Governador Carlos Massa Ratinho Junior e o Prefeito Eduardo Dalmora convidam a popula\u00e7\u00e3o para a cerim\u00f4nia de an\u00fancio da constru\u00e7\u00e3o do&nbsp;Hospital Regional de Matinhos Maria Jos\u00e9 Piana. O evento acontece \u00e0s 17h30, no Audit\u00f3rio do SESC. A [&hellip;]<\/p>\n","protected":false},"author":2,"featured_media":75604,"comment_status":"open","ping_status":"open","sticky":false,"template":"","format":"standard","meta":{"advanced_seo_description":"","jetpack_seo_html_title":"","jetpack_seo_noindex":false,"_jetpack_memberships_contains_paid_content":false,"footnotes":""},"categories":[88],"tags":[760,317],"class_list":{"0":"post-75603","1":"post","2":"type-post","3":"status-publish","4":"format-standard","5":"has-post-thumbnail","7":"category-matinhos","8":"tag-hospital","9":"tag-matinhos"},"jetpack_featured_media_url":"https:\/\/www.paranapraia.com.br\/wp-content\/uploads\/2026\/01\/img_B5A4124505BF317FC58782B152F2AEF9FAE7749D_607x1120.png","jetpack_sharing_enabled":true,"_links":{"self":[{"href":"https:\/\/www.paranapraia.com.br\/index.php\/wp-json\/wp\/v2\/posts\/75603"}],"collection":[{"href":"https:\/\/www.paranapraia.com.br\/index.php\/wp-json\/wp\/v2\/posts"}],"about":[{"href":"https:\/\/www.paranapraia.com.br\/index.php\/wp-json\/wp\/v2\/types\/post"}],"author":[{"embeddable":true,"href":"https:\/\/www.paranapraia.com.br\/index.php\/wp-json\/wp\/v2\/users\/2"}],"replies":[{"embeddable":true,"href":"https:\/\/www.paranapraia.com.br\/index.php\/wp-json\/wp\/v2\/comments?post=75603"}],"version-history":[{"count":1,"href":"https:\/\/www.paranapraia.com.br\/index.php\/wp-json\/wp\/v2\/posts\/75603\/revisions"}],"predecessor-version":[{"id":75605,"href":"https:\/\/www.paranapraia.com.br\/index.php\/wp-json\/wp\/v2\/posts\/75603\/revisions\/75605"}],"wp:featuredmedia":[{"embeddable":true,"href":"https:\/\/www.paranapraia.com.br\/index.php\/wp-json\/wp\/v2\/media\/75604"}],"wp:attachment":[{"href":"https:\/\/www.paranapraia.com.br\/index.php\/wp-json\/wp\/v2\/media?parent=75603"}],"wp:term":[{"taxonomy":"category","embeddable":true,"href":"https:\/\/www.paranapraia.com.br\/index.php\/wp-json\/wp\/v2\/categories?post=75603"},{"taxonomy":"post_tag","embeddable":true,"href":"https:\/\/www.paranapraia.com.br\/index.php\/wp-json\/wp\/v2\/tags?post=75603"}],"curies":[{"name":"wp","href":"https:\/\/api.w.org\/{rel}","templated":true}]}}