{"id":75584,"date":"2026-01-14T11:54:59","date_gmt":"2026-01-14T14:54:59","guid":{"rendered":"https:\/\/www.paranapraia.com.br\/?p=75584"},"modified":"2026-01-14T11:55:01","modified_gmt":"2026-01-14T14:55:01","slug":"pcpr-prende-lider-e-dois-integrantes-de-grupo-criminoso-durante-acao-no-litoral","status":"publish","type":"post","link":"https:\/\/www.paranapraia.com.br\/index.php\/2026\/01\/14\/pcpr-prende-lider-e-dois-integrantes-de-grupo-criminoso-durante-acao-no-litoral\/","title":{"rendered":"PCPR prende l\u00edder e dois integrantes de grupo criminoso durante a\u00e7\u00e3o no Litoral"},"content":{"rendered":"\n<p>A Pol\u00edcia Civil do Paran\u00e1 (PCPR) deflagrou nesta quarta-feira (14) uma opera\u00e7\u00e3o que resultou na pris\u00e3o de tr\u00eas foragidos da Justi\u00e7a ligados a uma organiza\u00e7\u00e3o criminosa investigada por tr\u00e1fico de drogas em diversas regi\u00f5es do Estado. A a\u00e7\u00e3o aconteceu em Matinhos, no Litoral, com apoio do Grupo de Atua\u00e7\u00e3o Especial de Combate ao Crime Organizado (Gaeco) de Paranagu\u00e1.<\/p>\n\n\n\n<p>As investiga\u00e7\u00f5es tiveram in\u00edcio em agosto de 2025, ap\u00f3s o T\u00e1tico Integrado de Grupos de Repress\u00e3o Especial (Tigre) ser acionado por policiais da Subdivis\u00e3o de Campo Mour\u00e3o para auxiliar na localiza\u00e7\u00e3o de um foragido da Justi\u00e7a.<\/p>\n\n\n\n<p>O principal alvo estava foragido havia oito anos e, segundo a apura\u00e7\u00e3o, exercia a lideran\u00e7a de uma organiza\u00e7\u00e3o criminosa com atua\u00e7\u00e3o em Campo Mour\u00e3o, Cianorte e munic\u00edpios da regi\u00e3o. Ele \u00e9 apontado como respons\u00e1vel pelo controle do tr\u00e1fico de drogas e investigado por cerca de 40 homic\u00eddios relacionados a disputas criminosas.<\/p>\n\n\n\n<p>Com o avan\u00e7o das dilig\u00eancias, a PCPR identificou que o investigado estava residindo em Matinhos. O local passou a ser monitorado e os policiais constataram a presen\u00e7a de outros dois integrantes do grupo, apontados como respons\u00e1veis pela gest\u00e3o do tr\u00e1fico de drogas sob o comando do foragido.<\/p>\n\n\n\n<p>\u201cIdentificamos que o foragido comandava a atua\u00e7\u00e3o do grupo e que os outros dois presos davam suporte direto \u00e0 gest\u00e3o do tr\u00e1fico de drogas, mantendo a estrutura criminosa em funcionamento\u201d, disse o delegado Thiago Teixeira.<\/p>\n\n\n\n<p>Durante a a\u00e7\u00e3o, foram apreendidas duas armas de fogo e diversas muni\u00e7\u00f5es. Os tr\u00eas homens foram presos em cumprimento a mandados de pris\u00e3o preventiva por crimes relacionados ao tr\u00e1fico de drogas e tamb\u00e9m em flagrante por posse de arma de fogo de uso restrito.<\/p>\n\n\n\n<p>Todos os presos foram encaminhados ao sistema penitenci\u00e1rio e permanecem \u00e0 disposi\u00e7\u00e3o da Justi\u00e7a.<\/p>\n\n\n\n<p>AEN\/PR<\/p>\n","protected":false},"excerpt":{"rendered":"<p>A Pol\u00edcia Civil do Paran\u00e1 (PCPR) deflagrou nesta quarta-feira (14) uma opera\u00e7\u00e3o que resultou na pris\u00e3o de tr\u00eas foragidos da Justi\u00e7a ligados a uma organiza\u00e7\u00e3o criminosa investigada por tr\u00e1fico de drogas em diversas regi\u00f5es do Estado. A a\u00e7\u00e3o aconteceu em Matinhos, no Litoral, com apoio do Grupo de Atua\u00e7\u00e3o Especial de Combate ao Crime Organizado [&hellip;]<\/p>\n","protected":false},"author":2,"featured_media":75586,"comment_status":"open","ping_status":"open","sticky":false,"template":"","format":"standard","meta":{"advanced_seo_description":"","jetpack_seo_html_title":"","jetpack_seo_noindex":false,"_jetpack_memberships_contains_paid_content":false,"footnotes":""},"categories":[33],"tags":[],"class_list":{"0":"post-75584","1":"post","2":"type-post","3":"status-publish","4":"format-standard","5":"has-post-thumbnail","7":"category-policia"},"jetpack_featured_media_url":"https:\/\/www.paranapraia.com.br\/wp-content\/uploads\/2026\/01\/edb505d4-b095-4f73-b7e4-445d67b722eb.jpg","jetpack_sharing_enabled":true,"_links":{"self":[{"href":"https:\/\/www.paranapraia.com.br\/index.php\/wp-json\/wp\/v2\/posts\/75584"}],"collection":[{"href":"https:\/\/www.paranapraia.com.br\/index.php\/wp-json\/wp\/v2\/posts"}],"about":[{"href":"https:\/\/www.paranapraia.com.br\/index.php\/wp-json\/wp\/v2\/types\/post"}],"author":[{"embeddable":true,"href":"https:\/\/www.paranapraia.com.br\/index.php\/wp-json\/wp\/v2\/users\/2"}],"replies":[{"embeddable":true,"href":"https:\/\/www.paranapraia.com.br\/index.php\/wp-json\/wp\/v2\/comments?post=75584"}],"version-history":[{"count":1,"href":"https:\/\/www.paranapraia.com.br\/index.php\/wp-json\/wp\/v2\/posts\/75584\/revisions"}],"predecessor-version":[{"id":75587,"href":"https:\/\/www.paranapraia.com.br\/index.php\/wp-json\/wp\/v2\/posts\/75584\/revisions\/75587"}],"wp:featuredmedia":[{"embeddable":true,"href":"https:\/\/www.paranapraia.com.br\/index.php\/wp-json\/wp\/v2\/media\/75586"}],"wp:attachment":[{"href":"https:\/\/www.paranapraia.com.br\/index.php\/wp-json\/wp\/v2\/media?parent=75584"}],"wp:term":[{"taxonomy":"category","embeddable":true,"href":"https:\/\/www.paranapraia.com.br\/index.php\/wp-json\/wp\/v2\/categories?post=75584"},{"taxonomy":"post_tag","embeddable":true,"href":"https:\/\/www.paranapraia.com.br\/index.php\/wp-json\/wp\/v2\/tags?post=75584"}],"curies":[{"name":"wp","href":"https:\/\/api.w.org\/{rel}","templated":true}]}}