{"id":75578,"date":"2026-01-14T11:47:40","date_gmt":"2026-01-14T14:47:40","guid":{"rendered":"https:\/\/www.paranapraia.com.br\/?p=75578"},"modified":"2026-01-14T11:47:43","modified_gmt":"2026-01-14T14:47:43","slug":"prenda-seu-folego-banda-da-pm-vai-abrir-novos-shows-do-verao-maior-parana","status":"publish","type":"post","link":"https:\/\/www.paranapraia.com.br\/index.php\/2026\/01\/14\/prenda-seu-folego-banda-da-pm-vai-abrir-novos-shows-do-verao-maior-parana\/","title":{"rendered":"Prenda seu f\u00f4lego: Banda da PM vai abrir novos shows do Ver\u00e3o Maior Paran\u00e1"},"content":{"rendered":"\n<p>Depois de viralizarem nas redes e conquistarem o p\u00fablico no \u00faltimo ver\u00e3o, a Banda de M\u00fasica da Pol\u00edcia Militar do Paran\u00e1 retorna ao Ver\u00e3o Maior Paran\u00e1 para abrir os grandes shows do palco de Matinhos. E a estreia j\u00e1 tem data marcada: na pr\u00f3xima sexta-feira (16), os policiais m\u00fasicos sobem ao palco para abrir o show da primeira atra\u00e7\u00e3o internacional da temporada 2025\/2026 \u2013\u00a0Gypsy Kings by Andre Reyes.<\/p>\n\n\n\n<p>Al\u00e9m de abrir o palco para o grupo franc\u00eas, a banda j\u00e1 est\u00e1 confirmada para outras datas do festival, sempre antes das atra\u00e7\u00f5es principais. No dia 23 de janeiro, sobe ao palco antes de Ra\u00e7a Negra. No dia 30, se apresenta antes da sensa\u00e7\u00e3o do sertanejo atual, Ana Castela. E, em 7 de fevereiro, esquenta o p\u00fablico para Zez\u00e9 Di Camargo &amp; Luciano.<\/p>\n\n\n\n<p>As apresenta\u00e7\u00f5es da banda da PM come\u00e7aram na edi\u00e7\u00e3o 2024\/2025, nos palcos Sunset montados nos balne\u00e1rios do Litoral. O formato chamou aten\u00e7\u00e3o do p\u00fablico: n\u00e3o \u00e9 todo dia que se v\u00ea policiais fardados cantando sucessos do rock, do pop, do pagode e do sertanejo. Com repert\u00f3rios inusitados, performances animadas e v\u00eddeos compartilhados por quem assistia, a banda rapidamente ganhou proje\u00e7\u00e3o e tomou as redes sociais, atraindo f\u00e3s e somando milhares de visualiza\u00e7\u00f5es.<\/p>\n\n\n\n<p>O sucesso foi tanto que, na temporada passada, a banda abriu grandes shows do Ver\u00e3o Maior Paran\u00e1 para artistas como Alexandre Pires, Gustavo Mioto e C\u00e9sar Menotti &amp; Fabiano, com quem cantou o cl\u00e1ssico \u201cDormi na Pra\u00e7a\u201d, animando o p\u00fablico. No primeiro fim de semana dos shows do Ver\u00e3o Maior Paran\u00e1 25\/26, os policiais tamb\u00e9m participaram da apresenta\u00e7\u00e3o da dupla&nbsp;<a href=\"https:\/\/www.parana.pr.gov.br\/aen\/Noticia\/Ze-Neto-e-Cristiano-tocam-Seu-Policia-com-Banda-da-PM-no-Verao-Maior-Parana#:~:text=A%20Banda%20de%20M%C3%BAsica%20da,recente%20delas%2C%20a%20banda%20show.\" target=\"_blank\" rel=\"noreferrer noopener\">Z\u00e9 Neto &amp; Cristiano<\/a>, que levou 167 mil pessoas at\u00e9 Matinhos, e entoaram juntos o hit \u201cSeu Pol\u00edcia\u201d, uma das can\u00e7\u00f5es mais esperadas da noite.<\/p>\n\n\n\n<p>Antes da estreia nos palcos do Ver\u00e3o Maior Paran\u00e1, o capit\u00e3o Jeferson Cardoso de Souza, maestro da banda da Pol\u00edcia Militar do Paran\u00e1, falou sobre a expectativa do grupo e as novidades preparadas para esta temporada. \u201c\u00c9 uma expectativa muito boa. Temos recebido muitas mensagens e muitos elogios, e no show do Z\u00e9 Neto &amp; Cristiano, quando eles anunciaram a banda, o p\u00fablico veio abaixo&#8221;, diz.<\/p>\n\n\n\n<p>&#8220;Para este ano temos um repert\u00f3rio todo atualizado e mais diversificado, trouxemos mais dois cantores e a grande novidade \u00e9 que entre eles agora temos uma cantora, a cabo Tatiana Aparecida Luiz&#8221;, adianta. A banda \u00e9 formada por quatro cantores, que se dividem em estilos musicais, baterista, guitarrista, contrabaixo e o trio de metais: trompetista, saxofonista e trombonista.<\/p>\n\n\n\n<p><strong>HIST\u00d3RIA&nbsp;<\/strong>\u2013 A Banda de M\u00fasica da Pol\u00edcia Militar do Paran\u00e1 tem uma longa trajet\u00f3ria. Criada em 1857, apenas tr\u00eas anos depois da funda\u00e7\u00e3o da corpora\u00e7\u00e3o, hoje conta com 50 integrantes distribu\u00eddos em banda de concerto, banda para desfile, quarteto de saxofones, quinteto de metais e a mais recente forma\u00e7\u00e3o, a banda show, respons\u00e1vel por levar para as praias um repert\u00f3rio popular que agrada p\u00fablicos diversos e todas as faixas et\u00e1rias.<\/p>\n\n\n\n<p><strong>VER\u00c3O MAIOR PARAN\u00c1&nbsp;<\/strong>\u2013 Toda a programa\u00e7\u00e3o do Ver\u00e3o Maior Paran\u00e1 pode ser conferida no site&nbsp;<a href=\"https:\/\/www.verao.pr.gov.br\/\" target=\"_blank\" rel=\"noreferrer noopener\">pr.gov.br\/verao<\/a>. Ser\u00e3o 39 shows gratuitos nas arenas de Matinhos e Pontal do Paran\u00e1, al\u00e9m de grande programa\u00e7\u00e3o esportiva nas arenas das praias do Litoral e na regi\u00e3o Noroeste.<\/p>\n\n\n\n<p>AEN\/PR<\/p>\n","protected":false},"excerpt":{"rendered":"<p>Depois de viralizarem nas redes e conquistarem o p\u00fablico no \u00faltimo ver\u00e3o, a Banda de M\u00fasica da Pol\u00edcia Militar do Paran\u00e1 retorna ao Ver\u00e3o Maior Paran\u00e1 para abrir os grandes shows do palco de Matinhos. E a estreia j\u00e1 tem data marcada: na pr\u00f3xima sexta-feira (16), os policiais m\u00fasicos sobem ao palco para abrir o [&hellip;]<\/p>\n","protected":false},"author":2,"featured_media":75579,"comment_status":"open","ping_status":"open","sticky":false,"template":"","format":"standard","meta":{"advanced_seo_description":"","jetpack_seo_html_title":"","jetpack_seo_noindex":false,"_jetpack_memberships_contains_paid_content":false,"footnotes":""},"categories":[40],"tags":[],"class_list":{"0":"post-75578","1":"post","2":"type-post","3":"status-publish","4":"format-standard","5":"has-post-thumbnail","7":"category-destaques"},"jetpack_featured_media_url":"https:\/\/www.paranapraia.com.br\/wp-content\/uploads\/2026\/01\/foto-2_11-scaled.jpg","jetpack_sharing_enabled":true,"_links":{"self":[{"href":"https:\/\/www.paranapraia.com.br\/index.php\/wp-json\/wp\/v2\/posts\/75578"}],"collection":[{"href":"https:\/\/www.paranapraia.com.br\/index.php\/wp-json\/wp\/v2\/posts"}],"about":[{"href":"https:\/\/www.paranapraia.com.br\/index.php\/wp-json\/wp\/v2\/types\/post"}],"author":[{"embeddable":true,"href":"https:\/\/www.paranapraia.com.br\/index.php\/wp-json\/wp\/v2\/users\/2"}],"replies":[{"embeddable":true,"href":"https:\/\/www.paranapraia.com.br\/index.php\/wp-json\/wp\/v2\/comments?post=75578"}],"version-history":[{"count":1,"href":"https:\/\/www.paranapraia.com.br\/index.php\/wp-json\/wp\/v2\/posts\/75578\/revisions"}],"predecessor-version":[{"id":75580,"href":"https:\/\/www.paranapraia.com.br\/index.php\/wp-json\/wp\/v2\/posts\/75578\/revisions\/75580"}],"wp:featuredmedia":[{"embeddable":true,"href":"https:\/\/www.paranapraia.com.br\/index.php\/wp-json\/wp\/v2\/media\/75579"}],"wp:attachment":[{"href":"https:\/\/www.paranapraia.com.br\/index.php\/wp-json\/wp\/v2\/media?parent=75578"}],"wp:term":[{"taxonomy":"category","embeddable":true,"href":"https:\/\/www.paranapraia.com.br\/index.php\/wp-json\/wp\/v2\/categories?post=75578"},{"taxonomy":"post_tag","embeddable":true,"href":"https:\/\/www.paranapraia.com.br\/index.php\/wp-json\/wp\/v2\/tags?post=75578"}],"curies":[{"name":"wp","href":"https:\/\/api.w.org\/{rel}","templated":true}]}}