{"id":75572,"date":"2026-01-14T11:32:25","date_gmt":"2026-01-14T14:32:25","guid":{"rendered":"https:\/\/www.paranapraia.com.br\/?p=75572"},"modified":"2026-01-14T11:32:27","modified_gmt":"2026-01-14T14:32:27","slug":"dilsinho-vai-apresentar-o-protagonismo-do-novo-pagode-no-verao-maior-parana","status":"publish","type":"post","link":"https:\/\/www.paranapraia.com.br\/index.php\/2026\/01\/14\/dilsinho-vai-apresentar-o-protagonismo-do-novo-pagode-no-verao-maior-parana\/","title":{"rendered":"Dilsinho vai apresentar o protagonismo do novo pagode no Ver\u00e3o Maior Paran\u00e1"},"content":{"rendered":"\n<p>Uma das vozes mais populares do pagode contempor\u00e2neo, Dilsinho \u00e9 atra\u00e7\u00e3o do Ver\u00e3o Maior Paran\u00e1 neste s\u00e1bado (17), em Pontal do Paran\u00e1, com show gratuito marcado para \u00e0s 22h. O cantor leva ao litoral paranaense um repert\u00f3rio que re\u00fane romantismo, identidade pop e n\u00fameros que o colocam entre os artistas mais ouvidos do Pa\u00eds e representante do novo momento de protagonismo do pagode como o g\u00eanero mais escutado no Brasil.<\/p>\n\n\n\n<p>Com mais de uma d\u00e9cada de carreira, o artista carioca elevou o pagode para o p\u00fablico diverso. S\u00e3o bilh\u00f5es de reprodu\u00e7\u00f5es nas plataformas digitais, mais de 8 milh\u00f5es de ouvintes mensais no Spotify e uma presen\u00e7a expressiva nas redes sociais, onde re\u00fane milh\u00f5es de seguidores. Esse alcance se reflete em hits que atravessaram r\u00e1dios, playlists e gera\u00e7\u00f5es, como &#8220;Ref\u00e9m&#8221;, &#8220;P\u00e9ssimo Neg\u00f3cio&#8221;, &#8220;Trov\u00e3o&#8221;, &#8220;12 Horas&#8221;, &#8220;Baby Me Atende&#8221; e &#8220;Diferent\u00e3o&#8221;.<\/p>\n\n\n\n<p>A amplitude do sucesso foi poss\u00edvel gra\u00e7as a nova roupagem ao pagode que o artista construiu. Com reconhecimento popular, Dilsinho passou a colaborar com artistas de outros ritmos como o pop, sertanejo, gospel, rap e at\u00e9 afropop \u2013 feita em parceria com o grupo portugu\u00eas Calema com o hit &#8220;Leva Tudo&#8221;. A colabora\u00e7\u00e3o com o grupo europeu faz parte da estrat\u00e9gia de internacionalizar o artista, que passou a ser escutado nas r\u00e1dios estrangeiras e a pisar nos palcos de grandes festivais, como o Rock in Rio Lisboa, em 2024.<\/p>\n\n\n\n<p>Sempre rom\u00e2ntico, o momento atual da carreira passa pelo projeto &#8220;Conte\u00fado Sens\u00edvel&#8221;, que ser\u00e1 dividido em dois EPs \u2013 mais curtos do que um \u00e1lbum. O primeiro foi lan\u00e7ado em novembro de 2025 e se insere na linha de trabalhos que consolidaram o cantor junto ao p\u00fablico. As faixas mant\u00eam o foco nas rela\u00e7\u00f5es afetivas, temas recorrentes em sua discografia. O grande sucesso dessa primeira fase \u00e9 a m\u00fasica &#8220;O que eu fa\u00e7o agora?\u201d.<\/p>\n\n\n\n<p>O novo trabalho vem na esteira de outro ambicioso projeto do cantor. Gravado tamb\u00e9m em etapas, o &#8220;Pagode do Diferent\u00e3o&#8221; soma centenas de milh\u00f5es de streams e parcerias com artistas de estilos diferentes, como o forr\u00f3 de Mari Fernandez, o pop de Vitor Kley, o sertanejo de Gustavo Mioto ou o rap de Cynthia Luz com Chris MC. As colabora\u00e7\u00f5es demonstram como o pagode passou a ser plataforma para outros artistas ampliarem ainda mais o seu p\u00fablico.<\/p>\n\n\n\n<p>No palco do Ver\u00e3o Maior Paran\u00e1, a expectativa \u00e9 por sucessos do pagodeiro conhecidos pelo p\u00fablico combinados com os novos lan\u00e7amentos. A tend\u00eancia \u00e9 que o segundo final de semana de shows em Pontal do Paran\u00e1 repita o mar de gente que marcou o in\u00edcio de ano no litoral paranaense.<\/p>\n\n\n\n<p><strong>Confira os hor\u00e1rios:<\/strong><\/p>\n\n\n\n<p><strong>Palco Pontal do Paran\u00e1<\/strong><\/p>\n\n\n\n<p>16 de janeiro &#8211; Jiraya Uai &#8211; 20 horas<\/p>\n\n\n\n<p>16 de janeiro &#8211; Gustavo Mioto &#8211; 22 horas<\/p>\n\n\n\n<p>17 de janeiro &#8211; Luiz Cl\u00e1udio e Giuliano &#8211; 20 horas<\/p>\n\n\n\n<p>17 de janeiro &#8211; Dilsinho &#8211; 22 horas<\/p>\n\n\n\n<p><strong>Palco Matinhos<\/strong><\/p>\n\n\n\n<p>15 de janeiro &#8211; Roupa Nova &#8211; 21 horas<\/p>\n\n\n\n<p>16 de janeiro &#8211; Gipsy Kings by Andre Reyes &#8211; 22 horas<\/p>\n\n\n\n<p>17 de janeiro &#8211; Edson &amp; Hudson &#8211; 20 horas<\/p>\n\n\n\n<p>17 de janeiro &#8211; Eduardo Costa &#8211; 22 horas<\/p>\n\n\n\n<p>AEN\/PR<\/p>\n","protected":false},"excerpt":{"rendered":"<p>Uma das vozes mais populares do pagode contempor\u00e2neo, Dilsinho \u00e9 atra\u00e7\u00e3o do Ver\u00e3o Maior Paran\u00e1 neste s\u00e1bado (17), em Pontal do Paran\u00e1, com show gratuito marcado para \u00e0s 22h. O cantor leva ao litoral paranaense um repert\u00f3rio que re\u00fane romantismo, identidade pop e n\u00fameros que o colocam entre os artistas mais ouvidos do Pa\u00eds e [&hellip;]<\/p>\n","protected":false},"author":2,"featured_media":75573,"comment_status":"open","ping_status":"open","sticky":false,"template":"","format":"standard","meta":{"advanced_seo_description":"","jetpack_seo_html_title":"","jetpack_seo_noindex":false,"_jetpack_memberships_contains_paid_content":false,"footnotes":""},"categories":[40],"tags":[],"class_list":{"0":"post-75572","1":"post","2":"type-post","3":"status-publish","4":"format-standard","5":"has-post-thumbnail","7":"category-destaques"},"jetpack_featured_media_url":"https:\/\/www.paranapraia.com.br\/wp-content\/uploads\/2026\/01\/copia_de_cadu_fernandes_dilsinho_diferentao2_7r44432-scaled.jpg","jetpack_sharing_enabled":true,"_links":{"self":[{"href":"https:\/\/www.paranapraia.com.br\/index.php\/wp-json\/wp\/v2\/posts\/75572"}],"collection":[{"href":"https:\/\/www.paranapraia.com.br\/index.php\/wp-json\/wp\/v2\/posts"}],"about":[{"href":"https:\/\/www.paranapraia.com.br\/index.php\/wp-json\/wp\/v2\/types\/post"}],"author":[{"embeddable":true,"href":"https:\/\/www.paranapraia.com.br\/index.php\/wp-json\/wp\/v2\/users\/2"}],"replies":[{"embeddable":true,"href":"https:\/\/www.paranapraia.com.br\/index.php\/wp-json\/wp\/v2\/comments?post=75572"}],"version-history":[{"count":1,"href":"https:\/\/www.paranapraia.com.br\/index.php\/wp-json\/wp\/v2\/posts\/75572\/revisions"}],"predecessor-version":[{"id":75574,"href":"https:\/\/www.paranapraia.com.br\/index.php\/wp-json\/wp\/v2\/posts\/75572\/revisions\/75574"}],"wp:featuredmedia":[{"embeddable":true,"href":"https:\/\/www.paranapraia.com.br\/index.php\/wp-json\/wp\/v2\/media\/75573"}],"wp:attachment":[{"href":"https:\/\/www.paranapraia.com.br\/index.php\/wp-json\/wp\/v2\/media?parent=75572"}],"wp:term":[{"taxonomy":"category","embeddable":true,"href":"https:\/\/www.paranapraia.com.br\/index.php\/wp-json\/wp\/v2\/categories?post=75572"},{"taxonomy":"post_tag","embeddable":true,"href":"https:\/\/www.paranapraia.com.br\/index.php\/wp-json\/wp\/v2\/tags?post=75572"}],"curies":[{"name":"wp","href":"https:\/\/api.w.org\/{rel}","templated":true}]}}