{"id":75566,"date":"2026-01-13T15:59:08","date_gmt":"2026-01-13T18:59:08","guid":{"rendered":"https:\/\/www.paranapraia.com.br\/?p=75566"},"modified":"2026-01-13T15:59:10","modified_gmt":"2026-01-13T18:59:10","slug":"prefeitura-de-paranagua-lanca-campanha-atestado-responsavel-para-otimizar-atendimento-nas-unidades-de-saude","status":"publish","type":"post","link":"https:\/\/www.paranapraia.com.br\/index.php\/2026\/01\/13\/prefeitura-de-paranagua-lanca-campanha-atestado-responsavel-para-otimizar-atendimento-nas-unidades-de-saude\/","title":{"rendered":"Prefeitura de Paranagu\u00e1 lan\u00e7a Campanha Atestado Respons\u00e1vel para otimizar atendimento nas unidades de sa\u00fade"},"content":{"rendered":"\n<p>A Prefeitura de Paranagu\u00e1 lan\u00e7a a campanha &#8220;Atestado Respons\u00e1vel\u201d, com o objetivo de conscientizar sobre a emiss\u00e3o correta de atestados m\u00e9dicos e tamb\u00e9m proteger os profissionais de sa\u00fade contra casos de viol\u00eancia. A iniciativa pretende ainda, otimizar o atendimento nas unidades b\u00e1sicas de sa\u00fade do munic\u00edpio.&nbsp;<\/p>\n\n\n\n<p>A campanha, de acordo com o secret\u00e1rio de Sa\u00fade de Paranagu\u00e1, Dr. Daniel Fangueiro, visa a garantir que pacientes com necessidades cl\u00ednicas reais recebam prioridade e cuidado \u00e1gil. A a\u00e7\u00e3o, segundo ele, \u00e9 educativa. \u201cO objetivo principal \u00e9 agilizar os atendimentos nas unidades. A popula\u00e7\u00e3o tem direito ao atestado, mas o m\u00e9dico tem a autonomia para determinar se \u00e9 necess\u00e1rio ou n\u00e3o o fornecimento\u201d, enfatiza o secret\u00e1rio.&nbsp;<\/p>\n\n\n\n<p><strong>Preven\u00e7\u00e3o de desacato e viol\u00eancia contra profissionais de sa\u00fade<\/strong><\/p>\n\n\n\n<p>A campanha destaca ainda, que casos de desacato ou viol\u00eancia contra profissionais, que se recusarem a emitir atestados sem respaldo cl\u00ednico, poder\u00e3o resultar em responsabiliza\u00e7\u00e3o criminal.<\/p>\n\n\n\n<p>A iniciativa \u00e9 fruto de uma colabora\u00e7\u00e3o entre o Conselho de Secretarias Municipais de Sa\u00fade do Paran\u00e1, a Secretaria de Estado da Sa\u00fade (SESA) e o Conselho Regional de Medicina do Paran\u00e1 (CRM). As entidades trabalham juntas para refor\u00e7ar as diretrizes e as boas pr\u00e1ticas na emiss\u00e3o de atestados m\u00e9dicos.<\/p>\n\n\n\n<p>Para proteger as equipes de sa\u00fade contra poss\u00edveis agress\u00f5es, o projeto prev\u00ea medidas de seguran\u00e7a refor\u00e7ada, incluindo a instala\u00e7\u00e3o de bot\u00f5es de p\u00e2nico e sistemas de monitoramento nas unidades.<\/p>\n\n\n\n<p>As novas diretrizes estabelecem crit\u00e9rios t\u00e9cnicos mais rigorosos para a emiss\u00e3o de licen\u00e7as m\u00e9dicas, incentivando o uso de declara\u00e7\u00f5es de comparecimento quando n\u00e3o houver justificativa para o afastamento laboral.&nbsp;<\/p>\n\n\n\n<p>A iniciativa, de acordo com o diretor da Secretaria Municipal de Sa\u00fade, Jorge Pinho Woll, segue normas \u00e9ticas e legais, buscando um ambiente de trabalho seguro e um servi\u00e7o p\u00fablico mais eficiente.&nbsp;<\/p>\n\n\n\n<p>\u201cO atestado m\u00e9dico \u00e9 um direito do cidad\u00e3o, mas precisa estar fundamentado em crit\u00e9rios t\u00e9cnicos e cl\u00ednicos. O profissional de sa\u00fade tem autonomia para avaliar cada caso e decidir, com responsabilidade, sobre a necessidade ou n\u00e3o do afastamento laboral\u201d, destaca o diretor-m\u00e9dico.<\/p>\n\n\n\n<p><strong>Entenda a diferen\u00e7a entre atestado e declara\u00e7\u00e3o<\/strong><\/p>\n\n\n\n<p>Atestado m\u00e9dico: fornecido quando o paciente realmente n\u00e3o tem condi\u00e7\u00f5es de trabalhar ou estudar devido \u00e0 doen\u00e7a;<\/p>\n\n\n\n<p>Declara\u00e7\u00e3o de comparecimento: documento que apenas comprova que o paciente foi atendido, mas n\u00e3o justifica afastamento.<\/p>\n\n\n\n<p>Em caso de consulta sem interna\u00e7\u00f5es, poder\u00e1 ser emitido atestado referente ao per\u00edodo de perman\u00eancia na Unidade de Sa\u00fade.<\/p>\n\n\n\n<p>Declara\u00e7\u00f5es de comparecimento devem ser solicitadas na recep\u00e7\u00e3o ao t\u00e9rmino do atendimento.<\/p>\n\n\n\n<p>Vale ressaltar que a emiss\u00e3o ou utiliza\u00e7\u00e3o de atestado m\u00e9dico falso constitui crime<\/p>\n\n\n\n<p>Assessoria<\/p>\n","protected":false},"excerpt":{"rendered":"<p>A Prefeitura de Paranagu\u00e1 lan\u00e7a a campanha &#8220;Atestado Respons\u00e1vel\u201d, com o objetivo de conscientizar sobre a emiss\u00e3o correta de atestados m\u00e9dicos e tamb\u00e9m proteger os profissionais de sa\u00fade contra casos de viol\u00eancia. A iniciativa pretende ainda, otimizar o atendimento nas unidades b\u00e1sicas de sa\u00fade do munic\u00edpio.&nbsp; A campanha, de acordo com o secret\u00e1rio de Sa\u00fade [&hellip;]<\/p>\n","protected":false},"author":2,"featured_media":75567,"comment_status":"open","ping_status":"open","sticky":false,"template":"","format":"standard","meta":{"advanced_seo_description":"","jetpack_seo_html_title":"","jetpack_seo_noindex":false,"_jetpack_memberships_contains_paid_content":false,"footnotes":""},"categories":[40,77],"tags":[321],"class_list":{"0":"post-75566","1":"post","2":"type-post","3":"status-publish","4":"format-standard","5":"has-post-thumbnail","7":"category-destaques","8":"category-paranagua","9":"tag-paranagua"},"jetpack_featured_media_url":"https:\/\/www.paranapraia.com.br\/wp-content\/uploads\/2026\/01\/thumb-14.jpeg","jetpack_sharing_enabled":true,"_links":{"self":[{"href":"https:\/\/www.paranapraia.com.br\/index.php\/wp-json\/wp\/v2\/posts\/75566"}],"collection":[{"href":"https:\/\/www.paranapraia.com.br\/index.php\/wp-json\/wp\/v2\/posts"}],"about":[{"href":"https:\/\/www.paranapraia.com.br\/index.php\/wp-json\/wp\/v2\/types\/post"}],"author":[{"embeddable":true,"href":"https:\/\/www.paranapraia.com.br\/index.php\/wp-json\/wp\/v2\/users\/2"}],"replies":[{"embeddable":true,"href":"https:\/\/www.paranapraia.com.br\/index.php\/wp-json\/wp\/v2\/comments?post=75566"}],"version-history":[{"count":1,"href":"https:\/\/www.paranapraia.com.br\/index.php\/wp-json\/wp\/v2\/posts\/75566\/revisions"}],"predecessor-version":[{"id":75568,"href":"https:\/\/www.paranapraia.com.br\/index.php\/wp-json\/wp\/v2\/posts\/75566\/revisions\/75568"}],"wp:featuredmedia":[{"embeddable":true,"href":"https:\/\/www.paranapraia.com.br\/index.php\/wp-json\/wp\/v2\/media\/75567"}],"wp:attachment":[{"href":"https:\/\/www.paranapraia.com.br\/index.php\/wp-json\/wp\/v2\/media?parent=75566"}],"wp:term":[{"taxonomy":"category","embeddable":true,"href":"https:\/\/www.paranapraia.com.br\/index.php\/wp-json\/wp\/v2\/categories?post=75566"},{"taxonomy":"post_tag","embeddable":true,"href":"https:\/\/www.paranapraia.com.br\/index.php\/wp-json\/wp\/v2\/tags?post=75566"}],"curies":[{"name":"wp","href":"https:\/\/api.w.org\/{rel}","templated":true}]}}