{"id":75551,"date":"2026-01-13T11:36:18","date_gmt":"2026-01-13T14:36:18","guid":{"rendered":"https:\/\/www.paranapraia.com.br\/?p=75551"},"modified":"2026-01-13T11:36:21","modified_gmt":"2026-01-13T14:36:21","slug":"comunicado-urgente-fiscalizacao-em-matinhos","status":"publish","type":"post","link":"https:\/\/www.paranapraia.com.br\/index.php\/2026\/01\/13\/comunicado-urgente-fiscalizacao-em-matinhos\/","title":{"rendered":"COMUNICADO URGENTE \u2013 FISCALIZA\u00c7\u00c3O EM MATINHOS"},"content":{"rendered":"\n<p>Apreens\u00e3o imediata de carrinhos deixados em via p\u00fablica e no cal\u00e7ad\u00e3o a partir desta ter\u00e7a-feira (13)<br>A Prefeitura Municipal de Matinhos emite um ALERTA FINAL a todos os vendedores ambulantes que atuam na orla e nas praias do munic\u00edpio.<\/p>\n\n\n\n<p>\u00c9 PROIBIDO o pernoite de carrinhos, tendas e equipamentos de trabalho em locais p\u00fablicos. Isso inclui:<\/p>\n\n\n\n<p>Cal\u00e7ad\u00e3o;<br>Ruas e vias p\u00fablicas;<br>\u00c1rvores e canteiros;<br>Faixa de areia.<br>O espa\u00e7o p\u00fablico n\u00e3o pode ser utilizado como dep\u00f3sito particular.<\/p>\n\n\n\n<p>A partir desta ter\u00e7a-feira, 13 de janeiro, a equipe de Fiscaliza\u00e7\u00e3o realizar\u00e1 varreduras di\u00e1rias. Qualquer equipamento encontrado abandonado, acorrentado ou estacionado nestes locais fora do hor\u00e1rio de trabalho ser\u00e1 IMEDIATAMENTE APREENDIDO e levado ao p\u00e1tio da Prefeitura.<\/p>\n\n\n\n<p>A libera\u00e7\u00e3o do material s\u00f3 ocorrer\u00e1 mediante pagamento de multa e regulariza\u00e7\u00e3o da situa\u00e7\u00e3o. Evite transtornos e preju\u00edzos: ao final do expediente, leve seu material com voc\u00ea.<\/p>\n","protected":false},"excerpt":{"rendered":"<p>Apreens\u00e3o imediata de carrinhos deixados em via p\u00fablica e no cal\u00e7ad\u00e3o a partir desta ter\u00e7a-feira (13)A Prefeitura Municipal de Matinhos emite um ALERTA FINAL a todos os vendedores ambulantes que atuam na orla e nas praias do munic\u00edpio. \u00c9 PROIBIDO o pernoite de carrinhos, tendas e equipamentos de trabalho em locais p\u00fablicos. Isso inclui: Cal\u00e7ad\u00e3o;Ruas [&hellip;]<\/p>\n","protected":false},"author":2,"featured_media":75552,"comment_status":"open","ping_status":"open","sticky":false,"template":"","format":"standard","meta":{"advanced_seo_description":"","jetpack_seo_html_title":"","jetpack_seo_noindex":false,"_jetpack_memberships_contains_paid_content":false,"footnotes":""},"categories":[40,88],"tags":[317],"class_list":{"0":"post-75551","1":"post","2":"type-post","3":"status-publish","4":"format-standard","5":"has-post-thumbnail","7":"category-destaques","8":"category-matinhos","9":"tag-matinhos"},"jetpack_featured_media_url":"https:\/\/www.paranapraia.com.br\/wp-content\/uploads\/2026\/01\/IMG-20260113-WA0017.jpg","jetpack_sharing_enabled":true,"_links":{"self":[{"href":"https:\/\/www.paranapraia.com.br\/index.php\/wp-json\/wp\/v2\/posts\/75551"}],"collection":[{"href":"https:\/\/www.paranapraia.com.br\/index.php\/wp-json\/wp\/v2\/posts"}],"about":[{"href":"https:\/\/www.paranapraia.com.br\/index.php\/wp-json\/wp\/v2\/types\/post"}],"author":[{"embeddable":true,"href":"https:\/\/www.paranapraia.com.br\/index.php\/wp-json\/wp\/v2\/users\/2"}],"replies":[{"embeddable":true,"href":"https:\/\/www.paranapraia.com.br\/index.php\/wp-json\/wp\/v2\/comments?post=75551"}],"version-history":[{"count":1,"href":"https:\/\/www.paranapraia.com.br\/index.php\/wp-json\/wp\/v2\/posts\/75551\/revisions"}],"predecessor-version":[{"id":75553,"href":"https:\/\/www.paranapraia.com.br\/index.php\/wp-json\/wp\/v2\/posts\/75551\/revisions\/75553"}],"wp:featuredmedia":[{"embeddable":true,"href":"https:\/\/www.paranapraia.com.br\/index.php\/wp-json\/wp\/v2\/media\/75552"}],"wp:attachment":[{"href":"https:\/\/www.paranapraia.com.br\/index.php\/wp-json\/wp\/v2\/media?parent=75551"}],"wp:term":[{"taxonomy":"category","embeddable":true,"href":"https:\/\/www.paranapraia.com.br\/index.php\/wp-json\/wp\/v2\/categories?post=75551"},{"taxonomy":"post_tag","embeddable":true,"href":"https:\/\/www.paranapraia.com.br\/index.php\/wp-json\/wp\/v2\/tags?post=75551"}],"curies":[{"name":"wp","href":"https:\/\/api.w.org\/{rel}","templated":true}]}}