{"id":75548,"date":"2026-01-13T11:33:18","date_gmt":"2026-01-13T14:33:18","guid":{"rendered":"https:\/\/www.paranapraia.com.br\/?p=75548"},"modified":"2026-01-13T11:33:20","modified_gmt":"2026-01-13T14:33:20","slug":"fiscalizacao-aperta-o-cerco-contra-abandono-de-carrinhos-na-orla-e-aluguel-irregular-de-licencas-em-matinhos","status":"publish","type":"post","link":"https:\/\/www.paranapraia.com.br\/index.php\/2026\/01\/13\/fiscalizacao-aperta-o-cerco-contra-abandono-de-carrinhos-na-orla-e-aluguel-irregular-de-licencas-em-matinhos\/","title":{"rendered":"Fiscaliza\u00e7\u00e3o aperta o cerco contra abandono de carrinhos na orla e aluguel irregular de licen\u00e7as em Matinhos"},"content":{"rendered":"\n<p>O Departamento de Fiscaliza\u00e7\u00e3o da Prefeitura de Matinhos inicia nesta ter\u00e7a-feira, 13 de janeiro, uma opera\u00e7\u00e3o rigorosa para coibir irregularidades no com\u00e9rcio ambulante que t\u00eam prejudicado o ordenamento da cidade. A a\u00e7\u00e3o tem dois focos principais: a retirada de carrinhos deixados em vias p\u00fablicas durante a noite e o combate \u00e0 pr\u00e1tica ilegal de terceiriza\u00e7\u00e3o de alvar\u00e1s.<\/p>\n\n\n\n<p>Muitos ambulantes t\u00eam deixado seus equipamentos amarrados em \u00e1rvores ou estacionados no cal\u00e7ad\u00e3o de um dia para o outro, o que \u00e9 proibido pelo C\u00f3digo de Posturas. O diretor de tributa\u00e7\u00e3o de Matinhos, Benedito de Jesus Thomaz de Oliveira, alerta que ter o alvar\u00e1 n\u00e3o d\u00e1 direito ao uso indevido do espa\u00e7o p\u00fablico.<\/p>\n\n\n\n<p>&#8220;Todos esses carrinhos t\u00eam licen\u00e7a para trabalhar, por\u00e9m, n\u00e3o est\u00e3o cumprindo o que a lei disciplina, que \u00e9 o recolhimento dos carrinhos, que n\u00e3o podem permanecer, e muitos ficam no cal\u00e7ad\u00e3o. No final do dia, devem ser recolhidos da areia e retornarem no dia seguinte&#8221;, explica Benedito.<\/p>\n\n\n\n<p>Combate \u00e0 terceiriza\u00e7\u00e3o de licen\u00e7as Al\u00e9m da ocupa\u00e7\u00e3o das vias, a fiscaliza\u00e7\u00e3o identificou um grande n\u00famero de ambulantes que, mesmo possuindo a licen\u00e7a para trabalhar nos locais, est\u00e3o repassando ou alugando o documento para terceiros. O chefe da fiscaliza\u00e7\u00e3o \u00e9 enf\u00e1tico sobre essa conduta: &#8220;Essa \u00e9 uma pr\u00e1tica totalmente irregular, que infelizmente ocorre muito&#8221;.<\/p>\n\n\n\n<p>A licen\u00e7a de ambulante \u00e9 pessoal e intransfer\u00edvel. A partir desta ter\u00e7a-feira (13), a Prefeitura adotar\u00e1 toler\u00e2ncia zero. Segundo Benedito de Jesus, todos os carrinhos que se encontrarem nessas situa\u00e7\u00f5es \u2014 seja pernoitando na rua ou operados por terceiros de forma irregular \u2014 ser\u00e3o recolhidos pela fiscaliza\u00e7\u00e3o. Os respons\u00e1veis ser\u00e3o notificados e multados.<\/p>\n\n\n\n<p>Comunica\u00e7\u00e3o\/Prefeitura de Matinhos<\/p>\n\n\n\n<p><\/p>\n","protected":false},"excerpt":{"rendered":"<p>O Departamento de Fiscaliza\u00e7\u00e3o da Prefeitura de Matinhos inicia nesta ter\u00e7a-feira, 13 de janeiro, uma opera\u00e7\u00e3o rigorosa para coibir irregularidades no com\u00e9rcio ambulante que t\u00eam prejudicado o ordenamento da cidade. A a\u00e7\u00e3o tem dois focos principais: a retirada de carrinhos deixados em vias p\u00fablicas durante a noite e o combate \u00e0 pr\u00e1tica ilegal de terceiriza\u00e7\u00e3o [&hellip;]<\/p>\n","protected":false},"author":2,"featured_media":75549,"comment_status":"open","ping_status":"open","sticky":false,"template":"","format":"standard","meta":{"advanced_seo_description":"","jetpack_seo_html_title":"","jetpack_seo_noindex":false,"_jetpack_memberships_contains_paid_content":false,"footnotes":""},"categories":[40,88],"tags":[317],"class_list":{"0":"post-75548","1":"post","2":"type-post","3":"status-publish","4":"format-standard","5":"has-post-thumbnail","7":"category-destaques","8":"category-matinhos","9":"tag-matinhos"},"jetpack_featured_media_url":"https:\/\/www.paranapraia.com.br\/wp-content\/uploads\/2026\/01\/IMG-20260113-WA0018.jpg","jetpack_sharing_enabled":true,"_links":{"self":[{"href":"https:\/\/www.paranapraia.com.br\/index.php\/wp-json\/wp\/v2\/posts\/75548"}],"collection":[{"href":"https:\/\/www.paranapraia.com.br\/index.php\/wp-json\/wp\/v2\/posts"}],"about":[{"href":"https:\/\/www.paranapraia.com.br\/index.php\/wp-json\/wp\/v2\/types\/post"}],"author":[{"embeddable":true,"href":"https:\/\/www.paranapraia.com.br\/index.php\/wp-json\/wp\/v2\/users\/2"}],"replies":[{"embeddable":true,"href":"https:\/\/www.paranapraia.com.br\/index.php\/wp-json\/wp\/v2\/comments?post=75548"}],"version-history":[{"count":1,"href":"https:\/\/www.paranapraia.com.br\/index.php\/wp-json\/wp\/v2\/posts\/75548\/revisions"}],"predecessor-version":[{"id":75550,"href":"https:\/\/www.paranapraia.com.br\/index.php\/wp-json\/wp\/v2\/posts\/75548\/revisions\/75550"}],"wp:featuredmedia":[{"embeddable":true,"href":"https:\/\/www.paranapraia.com.br\/index.php\/wp-json\/wp\/v2\/media\/75549"}],"wp:attachment":[{"href":"https:\/\/www.paranapraia.com.br\/index.php\/wp-json\/wp\/v2\/media?parent=75548"}],"wp:term":[{"taxonomy":"category","embeddable":true,"href":"https:\/\/www.paranapraia.com.br\/index.php\/wp-json\/wp\/v2\/categories?post=75548"},{"taxonomy":"post_tag","embeddable":true,"href":"https:\/\/www.paranapraia.com.br\/index.php\/wp-json\/wp\/v2\/tags?post=75548"}],"curies":[{"name":"wp","href":"https:\/\/api.w.org\/{rel}","templated":true}]}}