{"id":75527,"date":"2026-01-12T14:28:48","date_gmt":"2026-01-12T17:28:48","guid":{"rendered":"https:\/\/www.paranapraia.com.br\/?p=75527"},"modified":"2026-01-12T14:28:50","modified_gmt":"2026-01-12T17:28:50","slug":"forca-tarefa-da-sanepar-na-madrugada-garante-praias-limpas-logo-apos-os-shows","status":"publish","type":"post","link":"https:\/\/www.paranapraia.com.br\/index.php\/2026\/01\/12\/forca-tarefa-da-sanepar-na-madrugada-garante-praias-limpas-logo-apos-os-shows\/","title":{"rendered":"For\u00e7a-tarefa da Sanepar na madrugada garante praias limpas logo ap\u00f3s os shows"},"content":{"rendered":"\n<p>As equipes da Sanepar recolheram 5 toneladas de lixo das areias de Matinhos, no Litoral do Paran\u00e1, no primeiro fim de semana de shows do Ver\u00e3o Maior Paran\u00e1 2026. A opera\u00e7\u00e3o de limpeza foi concentrada na faixa de areia ocupada pelos espectadores, e teve in\u00edcio logo ap\u00f3s o termino dos shows e seguiu pela madrugada, garantindo que a praia estivesse pronta para os veranistas logo nas primeiras horas da manh\u00e3.<\/p>\n\n\n\n<p>Entre sexta-feira (09) e domingo (11), a presen\u00e7a massiva de p\u00fablico\u00a0(estimado em 722 mil pessoas)\u00a0exigiu uma log\u00edstica de precis\u00e3o. Para garantir a agilidade necess\u00e1ria e liberar a praia limpa ao amanhecer, a Sanepar investiu em tecnologia e mecaniza\u00e7\u00e3o. A for\u00e7a-tarefa noturna contou com oito colaboradores operando duas m\u00e1quinas saneadoras, um quadriciclo e um trator com carreta.<\/p>\n\n\n\n<p>Al\u00e9m da coleta manual, que foca em itens maiores como latas e garrafas, as m\u00e1quinas saneadoras revolvem a areia a uma profundidade m\u00e9dia de 20 cent\u00edmetros. O equipamento peneira o solo, retirando res\u00edduos dif\u00edceis de captar a olho nu, como cacos de vidro, bitucas de cigarro, tampas de garrafa e micropl\u00e1sticos de embalagens.<\/p>\n\n\n\n<p>Essa varredura profunda n\u00e3o apenas melhora a est\u00e9tica da praia, mas reduz riscos de doen\u00e7as causadas por bact\u00e9rias e germes, al\u00e9m de evitar que o lixo chegue ao mar.<\/p>\n\n\n\n<p>O diretor-presidente da Sanepar, Wilson Bley, disse que a opera\u00e7\u00e3o foi aprimorada para atender ao novo patamar tur\u00edstico do litoral paranaense. &#8220;Com o nosso Litoral transformado nos \u00faltimos anos, hoje talvez seja o maior aglutinador de turistas do Estado. A Sanepar segue com seu importante papel: j\u00e1 faz\u00edamos a limpeza de forma cont\u00ednua durante a temporada, mas aprimoramos isso e fazemos as limpezas de forma r\u00e1pida, para que quem foi ou n\u00e3o ao show possa curtir a praia pela manh\u00e3&#8221;, afirma.<\/p>\n\n\n\n<p><strong>SANEPAR NO LITORAL<\/strong>&nbsp;\u2013 A limpeza noturna p\u00f3s-show integra o Plano Operacional da Sanepar para a temporada 2025\/2026, que conta com investimentos de R$ 22 milh\u00f5es. Al\u00e9m da limpeza das praias logo ap\u00f3s os shows, a coleta de res\u00edduos \u00e9 feita diariamente&nbsp; e cobre 48 quil\u00f4metros lineares da orla, abrangendo Guaratuba, Matinhos e Pontal do Paran\u00e1.<\/p>\n\n\n\n<p>S\u00f3 na madrugada do dia 1\u00ba de janeiro, ap\u00f3s as comemora\u00e7\u00f5es do R\u00e9veillon, as equipes da Sanepar recolheram 8,8 toneladas de lixo entre garrafas de vidro, copos pl\u00e1sticos e restos de embalagens e de alimentos, latas de alum\u00ednio, hastes de fogos de artif\u00edcios em Pontal do Paran\u00e1, Matinhos e Guaratuba.<\/p>\n\n\n\n<p>Tamb\u00e9m integram as atividades da Sanepar na temporada de ver\u00e3o a\u00e7\u00f5es de conscientiza\u00e7\u00e3o ambiental durante o dia, com distribui\u00e7\u00e3o de sacolinhas para descarte correto, e pontos de hidrata\u00e7\u00e3o gratuita durante os grandes eventos. O material retirado pela Sanepar das praias do Paran\u00e1 que for recicl\u00e1vel ser\u00e1 destinado a associa\u00e7\u00f5es de catadores de munic\u00edpios litor\u00e2neos.<\/p>\n\n\n\n<p>AEN\/PR<\/p>\n","protected":false},"excerpt":{"rendered":"<p>As equipes da Sanepar recolheram 5 toneladas de lixo das areias de Matinhos, no Litoral do Paran\u00e1, no primeiro fim de semana de shows do Ver\u00e3o Maior Paran\u00e1 2026. A opera\u00e7\u00e3o de limpeza foi concentrada na faixa de areia ocupada pelos espectadores, e teve in\u00edcio logo ap\u00f3s o termino dos shows e seguiu pela madrugada, [&hellip;]<\/p>\n","protected":false},"author":2,"featured_media":75528,"comment_status":"open","ping_status":"open","sticky":false,"template":"","format":"standard","meta":{"advanced_seo_description":"","jetpack_seo_html_title":"","jetpack_seo_noindex":false,"_jetpack_memberships_contains_paid_content":false,"footnotes":""},"categories":[40],"tags":[],"class_list":{"0":"post-75527","1":"post","2":"type-post","3":"status-publish","4":"format-standard","5":"has-post-thumbnail","7":"category-destaques"},"jetpack_featured_media_url":"https:\/\/www.paranapraia.com.br\/wp-content\/uploads\/2026\/01\/limpeza_noturna_pos_show_2.jpg","jetpack_sharing_enabled":true,"_links":{"self":[{"href":"https:\/\/www.paranapraia.com.br\/index.php\/wp-json\/wp\/v2\/posts\/75527"}],"collection":[{"href":"https:\/\/www.paranapraia.com.br\/index.php\/wp-json\/wp\/v2\/posts"}],"about":[{"href":"https:\/\/www.paranapraia.com.br\/index.php\/wp-json\/wp\/v2\/types\/post"}],"author":[{"embeddable":true,"href":"https:\/\/www.paranapraia.com.br\/index.php\/wp-json\/wp\/v2\/users\/2"}],"replies":[{"embeddable":true,"href":"https:\/\/www.paranapraia.com.br\/index.php\/wp-json\/wp\/v2\/comments?post=75527"}],"version-history":[{"count":1,"href":"https:\/\/www.paranapraia.com.br\/index.php\/wp-json\/wp\/v2\/posts\/75527\/revisions"}],"predecessor-version":[{"id":75529,"href":"https:\/\/www.paranapraia.com.br\/index.php\/wp-json\/wp\/v2\/posts\/75527\/revisions\/75529"}],"wp:featuredmedia":[{"embeddable":true,"href":"https:\/\/www.paranapraia.com.br\/index.php\/wp-json\/wp\/v2\/media\/75528"}],"wp:attachment":[{"href":"https:\/\/www.paranapraia.com.br\/index.php\/wp-json\/wp\/v2\/media?parent=75527"}],"wp:term":[{"taxonomy":"category","embeddable":true,"href":"https:\/\/www.paranapraia.com.br\/index.php\/wp-json\/wp\/v2\/categories?post=75527"},{"taxonomy":"post_tag","embeddable":true,"href":"https:\/\/www.paranapraia.com.br\/index.php\/wp-json\/wp\/v2\/tags?post=75527"}],"curies":[{"name":"wp","href":"https:\/\/api.w.org\/{rel}","templated":true}]}}