{"id":75524,"date":"2026-01-12T11:24:15","date_gmt":"2026-01-12T14:24:15","guid":{"rendered":"https:\/\/www.paranapraia.com.br\/?p=75524"},"modified":"2026-01-12T11:24:18","modified_gmt":"2026-01-12T14:24:18","slug":"area-de-protecao-ambiental-sanepar-leva-limpeza-a-praia-na-ilha-das-pecas","status":"publish","type":"post","link":"https:\/\/www.paranapraia.com.br\/index.php\/2026\/01\/12\/area-de-protecao-ambiental-sanepar-leva-limpeza-a-praia-na-ilha-das-pecas\/","title":{"rendered":"\u00c1rea de prote\u00e7\u00e3o ambiental: Sanepar leva limpeza \u00e0 praia na Ilha das Pe\u00e7as"},"content":{"rendered":"\n<p>Cinco trabalhadores contratados pela Companhia de Saneamento do Paran\u00e1 (Sanepar) para a limpeza das praias tiveram um trabalho diferente na manh\u00e3 deste domingo (11): fazer o recolhimento de lixo e materiais descart\u00e1veis deixados indevidamente nas areias da Ilha das Pe\u00e7as, uma \u00e1rea de preserva\u00e7\u00e3o ambiental no Litoral, que faz parte do munic\u00edpio de Guaraque\u00e7aba.<\/p>\n\n\n\n<p>Esta foi a primeira a\u00e7\u00e3o de limpeza da companhia de saneamento nesta edi\u00e7\u00e3o do Ver\u00e3o Maior Paran\u00e1 em pontos de preserva\u00e7\u00e3o ambiental frequentados por turistas. \u201cH\u00e1 alguns anos a Sanepar realiza a\u00e7\u00f5es pontuais em Guaraque\u00e7aba. Entendemos que \u00e9 muito importante estender essa a\u00e7\u00e3o de limpeza para al\u00e9m das praias de Matinhos, Guaratuba e Pontal do Paran\u00e1, abrangendo mais locais que t\u00eam a presen\u00e7a muito forte de turistas\u201d, destaca o diretor-presidente da Sanepar, Wilson Bley.<\/p>\n\n\n\n<p>Est\u00e3o programadas mais tr\u00eas mutir\u00f5es de limpeza em Guaraque\u00e7aba (Ilha das Pe\u00e7as e em Superagui) e em Morretes, nos pontos de banho dos rios que passam pelo munic\u00edpio.<\/p>\n\n\n\n<p>A novidade para a equipe de limpeza come\u00e7ou pela forma de transporte: foram de barco de Pontal do Sul at\u00e9 a ilha, que faz parte da cidade de Guaraque\u00e7aba. J\u00e1 na chegada, tiveram surpresa positiva: encontraram uma beira-mar bem cuidada, com pouco entulho recolhido, que coube em um \u00fanico carrinho de m\u00e3o.&nbsp;<\/p>\n\n\n\n<p>\u201cAqui \u00e9 um lugar maravilhoso, paradis\u00edaco. Queremos que as pessoas que v\u00eam aqui tenham a consci\u00eancia de levar seu lixo de volta, para manter esse lugar \u00fanico. A Sanepar mant\u00e9m essa a\u00e7\u00e3o de Educa\u00e7\u00e3o Ambiental h\u00e1 mais de uma d\u00e9cada para sensibilizar a popula\u00e7\u00e3o\u201d, fala o gestor de Educa\u00e7\u00e3o Ambiental da Sanepar Guilherme Zavataro.<\/p>\n\n\n\n<p>Moradora do Balne\u00e1rio Olho D\u2019\u00e1gua, em Pontal do Paran\u00e1, a catadora Aparecida Romualdo dos Reis, 68 anos, esteve na ilha pela primeira vez e contou que gostou muito de ver o cuidado dos turistas com a limpeza. Tamb\u00e9m se encantou com a paisagem e com a vista de golfinhos no mar, enquanto trabalhava.&nbsp;<\/p>\n\n\n\n<p>Ao fim da jornada, o grupo conheceu a arte cai\u00e7ara do entalhe na madeira de Renato, descendente de uma das tribos Guarani que h\u00e1 s\u00e9culos habitam a regi\u00e3o. \u201cUso bastante a caixeta, uma \u00e1rvore nativa do nosso litoral e que sempre brota de novo. Estou usando madeira das mesmas \u00e1rvores que meus antepassados usaram\u201d, contou.&nbsp;<\/p>\n\n\n\n<p><strong>6 TONELADAS POR DIA&nbsp;<\/strong>\u2013 O resultado do trabalho na Ilha das Pe\u00e7as foi bastante diferente do que os 181 trabalhadores contratados para a limpeza das praias vinham encontrando at\u00e9 o momento.&nbsp;<\/p>\n\n\n\n<p>Atuando \u00e0 beira-mar paranaense desde 19 de dezembro de 2025, o grupo tem retirado das areias, em m\u00e9dia, seis toneladas de entulho por dia, entre produtos recicl\u00e1veis e sem utiliza\u00e7\u00e3o, deixada pelos veranistas.&nbsp;<\/p>\n\n\n\n<p><strong>ECOSSISTEMA BEM TRATADO&nbsp;<\/strong>\u2013 Em sua terceira temporada como trabalhador da limpeza das praias no projeto da Sanepar, o caseiro Devoncir Alves Coutinho, 62 anos, conta que o grupo tem uma t\u00e9cnica bem treinada para selecionar o que deve ser levado e o que fica.<\/p>\n\n\n\n<p>Um dos principais crit\u00e9rios \u00e9 assegurar a seguran\u00e7a da fauna e da flora; outro, o bem-estar das pessoas. Primeiro, \u00e9 feita a varri\u00e7\u00e3o na areia com restelo, para amontoar os entulhos.&nbsp;<\/p>\n\n\n\n<p>\u201cDa\u00ed, tiramos tudo, canudinho, tampinha, bituca de cigarro, tudo o que as tartarugas e outros bichinhos podem engolir e acabar morrendo. A gente deixa o que \u00e9 graveto, semente, ra\u00edzes, para n\u00e3o levar para outros locais o que \u00e9 da mata nativa\u201d, explica Coutinho.&nbsp;<\/p>\n\n\n\n<p>Ele tamb\u00e9m conta que, a cada ano, tem tirado mais lixo das praias que no ano anterior.&nbsp;&nbsp;\u201c\u00c9 muito, mas muito lixo mesmo. Isso mata os bichinhos, deixa a praia imunda. Queremos que as pessoas tenham a consci\u00eancia de trazer uma sacolinha para a praia, colocar o que \u00e9 lixo nela e n\u00e3o deixar nada na areia\u201d, fala.&nbsp;<\/p>\n\n\n\n<p><strong>AREIA SEM PERIGO&nbsp;<\/strong>\u2013 Em sua terceira temporada como trabalhadora da Sanepar para a limpeza das praias, D\u00e9bora Joana da Veiga Romualdo, 62 anos, ressaltou outro perigo que os veranistas costumam deixar nas areias: garrafas de vidro.&nbsp;<\/p>\n\n\n\n<p>\u201c\u00c9 comum eu encontrar cacos de vidro quando uso o restelo. A\u00ed, tenho de cavar mais para achar os outros peda\u00e7os da garrafa. As pessoas acham que enterrando o vidro resolvem o problema. Mas criam um risco s\u00e9rio de cortes e outros acidentes para quem vem depois\u201d, conta D\u00e9bora.<\/p>\n\n\n\n<p><strong>PATRIM\u00d4NIO DA HUMANIDADE&nbsp;<\/strong>\u2013 Margeando a Ba\u00eda de Paranagu\u00e1 e com uma vista privilegiada para a Serra do Mar, a Ilha das Pe\u00e7as \u00e9 o maior ber\u00e7o de botos-cinza no Brasil. Faz parte do Parque Nacional do Superagui, uma \u00e1rea de 33,9 hectares da Mata Atl\u00e2ntica. Tamb\u00e9m \u00e9 h\u00e1bitat &nbsp;de esp\u00e9cies amea\u00e7adas de extin\u00e7\u00e3o, como o mico-le\u00e3o da cara preta e o papagaio de cara roxa.<\/p>\n\n\n\n<p>AEN\/PR<\/p>\n","protected":false},"excerpt":{"rendered":"<p>Cinco trabalhadores contratados pela Companhia de Saneamento do Paran\u00e1 (Sanepar) para a limpeza das praias tiveram um trabalho diferente na manh\u00e3 deste domingo (11): fazer o recolhimento de lixo e materiais descart\u00e1veis deixados indevidamente nas areias da Ilha das Pe\u00e7as, uma \u00e1rea de preserva\u00e7\u00e3o ambiental no Litoral, que faz parte do munic\u00edpio de Guaraque\u00e7aba. Esta [&hellip;]<\/p>\n","protected":false},"author":2,"featured_media":75525,"comment_status":"open","ping_status":"open","sticky":false,"template":"","format":"standard","meta":{"advanced_seo_description":"","jetpack_seo_html_title":"","jetpack_seo_noindex":false,"_jetpack_memberships_contains_paid_content":false,"footnotes":""},"categories":[40],"tags":[],"class_list":{"0":"post-75524","1":"post","2":"type-post","3":"status-publish","4":"format-standard","5":"has-post-thumbnail","7":"category-destaques"},"jetpack_featured_media_url":"https:\/\/www.paranapraia.com.br\/wp-content\/uploads\/2026\/01\/20260111_limpeza_ilha_das_pecas_sanepar_adriana_brum_24.jpg","jetpack_sharing_enabled":true,"_links":{"self":[{"href":"https:\/\/www.paranapraia.com.br\/index.php\/wp-json\/wp\/v2\/posts\/75524"}],"collection":[{"href":"https:\/\/www.paranapraia.com.br\/index.php\/wp-json\/wp\/v2\/posts"}],"about":[{"href":"https:\/\/www.paranapraia.com.br\/index.php\/wp-json\/wp\/v2\/types\/post"}],"author":[{"embeddable":true,"href":"https:\/\/www.paranapraia.com.br\/index.php\/wp-json\/wp\/v2\/users\/2"}],"replies":[{"embeddable":true,"href":"https:\/\/www.paranapraia.com.br\/index.php\/wp-json\/wp\/v2\/comments?post=75524"}],"version-history":[{"count":1,"href":"https:\/\/www.paranapraia.com.br\/index.php\/wp-json\/wp\/v2\/posts\/75524\/revisions"}],"predecessor-version":[{"id":75526,"href":"https:\/\/www.paranapraia.com.br\/index.php\/wp-json\/wp\/v2\/posts\/75524\/revisions\/75526"}],"wp:featuredmedia":[{"embeddable":true,"href":"https:\/\/www.paranapraia.com.br\/index.php\/wp-json\/wp\/v2\/media\/75525"}],"wp:attachment":[{"href":"https:\/\/www.paranapraia.com.br\/index.php\/wp-json\/wp\/v2\/media?parent=75524"}],"wp:term":[{"taxonomy":"category","embeddable":true,"href":"https:\/\/www.paranapraia.com.br\/index.php\/wp-json\/wp\/v2\/categories?post=75524"},{"taxonomy":"post_tag","embeddable":true,"href":"https:\/\/www.paranapraia.com.br\/index.php\/wp-json\/wp\/v2\/tags?post=75524"}],"curies":[{"name":"wp","href":"https:\/\/api.w.org\/{rel}","templated":true}]}}