{"id":75518,"date":"2026-01-12T11:17:40","date_gmt":"2026-01-12T14:17:40","guid":{"rendered":"https:\/\/www.paranapraia.com.br\/?p=75518"},"modified":"2026-01-12T11:17:43","modified_gmt":"2026-01-12T14:17:43","slug":"e-so-o-comeco-primeiro-fim-de-semana-de-shows-do-verao-maior-reune-722-mil-pessoas","status":"publish","type":"post","link":"https:\/\/www.paranapraia.com.br\/index.php\/2026\/01\/12\/e-so-o-comeco-primeiro-fim-de-semana-de-shows-do-verao-maior-reune-722-mil-pessoas\/","title":{"rendered":"\u00c9 s\u00f3 o come\u00e7o: primeiro fim de semana de shows do Ver\u00e3o Maior re\u00fane 722 mil pessoas"},"content":{"rendered":"\n<p>O primeiro final de semana de shows do Ver\u00e3o Maior Paran\u00e1 2026 j\u00e1 \u00e9 de recordes. De sexta-feira (09) at\u00e9 domingo (11), foram 722 mil pessoas que acompanharam as apresenta\u00e7\u00f5es de grandes artistas do cen\u00e1rio musical brasileiro em Matinhos e Pontal do Paran\u00e1, passando pelo eletr\u00f4nico, sertanejo e pagode. E \u00e9 s\u00f3 o in\u00edcio da temporada, que ter\u00e1 ainda outros quatro fins de semana de muita m\u00fasica no Litoral do Estado.<\/p>\n\n\n\n<p>Para termos de compara\u00e7\u00e3o, o primeiro final de semana da temporada 2024 levou 135 mil pessoas para as apresenta\u00e7\u00f5es, que ocorriam somente \u00e0s sextas e s\u00e1bados. A partir de 2025, a programa\u00e7\u00e3o do Ver\u00e3o Maior Paran\u00e1 adicionou uma terceira data em alguns domingos, como foi o caso do primeiro, que reuniu 303 mil pessoas em tr\u00eas noites. Os 722 mil deste ano representam um aumento de 435% em rela\u00e7\u00e3o a 2024 e de 138% em rela\u00e7\u00e3o a 2025.<\/p>\n\n\n\n<p>A abertura em Matinhos em 2026 ficou com o DJ Alok, que tem\u00a0o maior p\u00fablico da hist\u00f3ria do festival de ver\u00e3o paranaense. Foram 338 mil pessoas ao longo da faixa de areia e tamb\u00e9m na avenida que passa pela orla, um verdadeiro mar de gente. E o show foi mais que especial para os paranaenses. As batidas eletr\u00f4nicas foram acompanhadas de muitas luzes, lasers, tel\u00f5es com visual futurista e um show com 300 drones no c\u00e9u, que projetaram a Ponte de Guaratuba, a obra mais emblem\u00e1tica do Litoral e que deve ser entregue em abril deste ano.<\/p>\n\n\n\n<p>J\u00e1 no s\u00e1bado (10), a dupla Z\u00e9 Neto &amp; Cristiano, um dos principais nomes do sertanejo atual, e o DJ Jiraya Uai\u00a0levaram 167 mil pessoas para Matinhos. \u00c9 o segundo maior n\u00famero registrado no festival promovido pelo Governo do Estado, atr\u00e1s justamente de Alok. O show da dupla sertaneja teve at\u00e9\u00a0participa\u00e7\u00e3o da Banda da Pol\u00edcia Militar do Paran\u00e1\u00a0na m\u00fasica \u201cSeu Pol\u00edcia\u201d.<\/p>\n\n\n\n<p>Neste domingo (11), foi a vez do pagode invadir as areias de Matinhos com Belo e Jeito Moleque, reunindo 152 mil pessoas. Essa apresenta\u00e7\u00e3o foi a 4\u00aa maior entre todas as edi\u00e7\u00f5es do Ver\u00e3o Maior Paran\u00e1, empatada com a de Simone Mendes, em 2024.<\/p>\n\n\n\n<p>Em Pontal, CountryBeat e Luan Pereira, dois representantes do agronejo, abriram os trabalhos na sexta (09) reunindo\u00a031 mil pessoas no Centro de Eventos Marissol, considerado naquele momento o segundo maior p\u00fablico da hist\u00f3ria do palco. Mas a marca durou at\u00e9 o dia seguinte, com os pagodeiros do Atitude 67 e Kamisa 10 levando\u00a034 mil pessoas para as apresenta\u00e7\u00f5es<a href=\"https:\/\/www.parana.pr.gov.br\/aen\/Noticia\/Atitude-67-e-Kamisa-10-fazem-noite-de-pagode-em-dose-dupla-em-Pontal-do-Parana\" target=\"_blank\" rel=\"noreferrer noopener\">.<\/a><\/p>\n\n\n\n<p>Ao todo, ser\u00e3o cinco finais de semana de shows gratuitos, at\u00e9 8 de fevereiro, com quase 40 atra\u00e7\u00f5es nas areias de Caiob\u00e1, em Matinhos, e no Centro de Eventos Marissol, em Pontal do Paran\u00e1. Passam ainda pelas arenas do Ver\u00e3o Maior Paran\u00e1 grandes nomes da m\u00fasica nacional e internacional, como Gusttavo Lima, Ana Castela, Inner Circle, Gipsy Kings by Andre Reyes, Paralamas do Sucesso, Roupa Nova, Zez\u00e9 di Camargo &amp; Luciano, Ra\u00e7a Negra, Dilsinho, entre outros.<\/p>\n\n\n\n<p><strong>A programa\u00e7\u00e3o completa est\u00e1 dispon\u00edvel no<a href=\"https:\/\/www.verao.pr.gov.br\/\" target=\"_blank\" rel=\"noreferrer noopener\">&nbsp;site do Ver\u00e3o Maior Paran\u00e1<\/a>.<\/strong><\/p>\n\n\n\n<p>AEN\/PR<\/p>\n","protected":false},"excerpt":{"rendered":"<p>O primeiro final de semana de shows do Ver\u00e3o Maior Paran\u00e1 2026 j\u00e1 \u00e9 de recordes. De sexta-feira (09) at\u00e9 domingo (11), foram 722 mil pessoas que acompanharam as apresenta\u00e7\u00f5es de grandes artistas do cen\u00e1rio musical brasileiro em Matinhos e Pontal do Paran\u00e1, passando pelo eletr\u00f4nico, sertanejo e pagode. E \u00e9 s\u00f3 o in\u00edcio da [&hellip;]<\/p>\n","protected":false},"author":2,"featured_media":75519,"comment_status":"open","ping_status":"open","sticky":false,"template":"","format":"standard","meta":{"advanced_seo_description":"","jetpack_seo_html_title":"","jetpack_seo_noindex":false,"_jetpack_memberships_contains_paid_content":false,"footnotes":""},"categories":[40],"tags":[],"class_list":{"0":"post-75518","1":"post","2":"type-post","3":"status-publish","4":"format-standard","5":"has-post-thumbnail","7":"category-destaques"},"jetpack_featured_media_url":"https:\/\/www.paranapraia.com.br\/wp-content\/uploads\/2026\/01\/whatsapp_image_2026-01-10_at_00.58.44_1_0.jpg","jetpack_sharing_enabled":true,"_links":{"self":[{"href":"https:\/\/www.paranapraia.com.br\/index.php\/wp-json\/wp\/v2\/posts\/75518"}],"collection":[{"href":"https:\/\/www.paranapraia.com.br\/index.php\/wp-json\/wp\/v2\/posts"}],"about":[{"href":"https:\/\/www.paranapraia.com.br\/index.php\/wp-json\/wp\/v2\/types\/post"}],"author":[{"embeddable":true,"href":"https:\/\/www.paranapraia.com.br\/index.php\/wp-json\/wp\/v2\/users\/2"}],"replies":[{"embeddable":true,"href":"https:\/\/www.paranapraia.com.br\/index.php\/wp-json\/wp\/v2\/comments?post=75518"}],"version-history":[{"count":1,"href":"https:\/\/www.paranapraia.com.br\/index.php\/wp-json\/wp\/v2\/posts\/75518\/revisions"}],"predecessor-version":[{"id":75520,"href":"https:\/\/www.paranapraia.com.br\/index.php\/wp-json\/wp\/v2\/posts\/75518\/revisions\/75520"}],"wp:featuredmedia":[{"embeddable":true,"href":"https:\/\/www.paranapraia.com.br\/index.php\/wp-json\/wp\/v2\/media\/75519"}],"wp:attachment":[{"href":"https:\/\/www.paranapraia.com.br\/index.php\/wp-json\/wp\/v2\/media?parent=75518"}],"wp:term":[{"taxonomy":"category","embeddable":true,"href":"https:\/\/www.paranapraia.com.br\/index.php\/wp-json\/wp\/v2\/categories?post=75518"},{"taxonomy":"post_tag","embeddable":true,"href":"https:\/\/www.paranapraia.com.br\/index.php\/wp-json\/wp\/v2\/tags?post=75518"}],"curies":[{"name":"wp","href":"https:\/\/api.w.org\/{rel}","templated":true}]}}