{"id":75515,"date":"2026-01-12T11:14:50","date_gmt":"2026-01-12T14:14:50","guid":{"rendered":"https:\/\/www.paranapraia.com.br\/?p=75515"},"modified":"2026-01-12T11:14:52","modified_gmt":"2026-01-12T14:14:52","slug":"com-atracao-internacional-shows-da-semana-do-verao-maior-comecam-na-quinta","status":"publish","type":"post","link":"https:\/\/www.paranapraia.com.br\/index.php\/2026\/01\/12\/com-atracao-internacional-shows-da-semana-do-verao-maior-comecam-na-quinta\/","title":{"rendered":"Com atra\u00e7\u00e3o internacional, shows da semana do Ver\u00e3o Maior come\u00e7am na quinta"},"content":{"rendered":"\n<p>Depois de um in\u00edcio hist\u00f3rico, que levou\u00a0um p\u00fablico de 722 mil pessoas \u00e0s areias do Litoral em apenas tr\u00eas dias de shows, o Ver\u00e3o Maior Paran\u00e1 vai para o segundo fim de semana com ainda mais expectativa. A programa\u00e7\u00e3o traz, pela primeira vez, uma atra\u00e7\u00e3o internacional aos palcos do maior festival gratuito do Pa\u00eds. O grupo Gipsy Kings by Andre Reyes se apresenta em Matinhos na sexta-feira (16), em um show que promete transformar a orla em uma grande pista de dan\u00e7a a c\u00e9u aberto.<\/p>\n\n\n\n<p>Com uma trajet\u00f3ria marcada por sucesso mundial, o grupo soma mais de 25 milh\u00f5es de \u00e1lbuns vendidos e conquistou o Grammy em 2014, al\u00e9m de diversas outras indica\u00e7\u00f5es ao pr\u00eamio. Formado por m\u00fasicos de origem espanhola e radicado no sul da Fran\u00e7a, o Gipsy Kings by Andre Reyes \u00e9 conhecido por levar multid\u00f5es ao redor do mundo com can\u00e7\u00f5es que atravessam gera\u00e7\u00f5es, embaladas por um ritmo contagiante que mistura flamenco, influ\u00eancias latinas e pop.<\/p>\n\n\n\n<p>O som caracter\u00edstico do grupo combina guitarras flamencas velozes, palmas e percuss\u00e3o, resultando em melodias leves e dan\u00e7antes. A base da rumba flamenca, marcada por refer\u00eancias caribenhas e cubanas, tornou o estilo mais acess\u00edvel e popular, sem perder a identidade cultural que remete \u00e0s ra\u00edzes do povo cigano espanhol. O repert\u00f3rio inclui sucessos eternizados ao longo de d\u00e9cadas e que tamb\u00e9m ganharam proje\u00e7\u00e3o no cinema, refor\u00e7ando a presen\u00e7a do grupo na cultura popular internacional.<\/p>\n\n\n\n<p>Al\u00e9m do show em Matinhos, o Ver\u00e3o Maior Paran\u00e1 ainda contar\u00e1 com outra atra\u00e7\u00e3o internacional nesta edi\u00e7\u00e3o. A banda jamaicana Inner Circle, refer\u00eancia mundial do reggae, sobe ao palco no dia 31 de janeiro, ampliando a diversidade musical do festival.<\/p>\n\n\n\n<p><strong>AGENDA DO FIM DE SEMANA<\/strong>&nbsp;\u2013 Antes da noite internacional, o segundo fim de semana come\u00e7a na quinta-feira (15) com apresenta\u00e7\u00f5es que prometem emocionar o p\u00fablico. Em Matinhos, o Roupa Nova abre a programa\u00e7\u00e3o com seus cl\u00e1ssicos rom\u00e2nticos que marcaram gera\u00e7\u00f5es.<\/p>\n\n\n\n<p>No s\u00e1bado, tamb\u00e9m em Matinhos, o sertanejo ganha espa\u00e7o com Edson &amp; Hudson, que se apresentam pela primeira vez no festival, seguidos por Eduardo Costa, presen\u00e7a j\u00e1 tradicional no Ver\u00e3o Maior Paran\u00e1 e que retorna pelo terceiro ano consecutivo ap\u00f3s grandes p\u00fablicos nas edi\u00e7\u00f5es anteriores.<\/p>\n\n\n\n<p>Pontal do Paran\u00e1 ser\u00e1 palco de dois nomes que movimentam o cen\u00e1rio atual na sexta-feira. Gustavo Mioto volta ao festival depois de uma apresenta\u00e7\u00e3o para 79 mil pessoas na edi\u00e7\u00e3o passada, e Jiraya Uai promete repetir o sucesso do primeiro fim de semana, quando junto da dupla Z\u00e9 Neto &amp; Cristiano levou 167 mil pessoas \u00e0 Matinhos levando \u00e0 arena um show que mistura sertanejo, eletrofunk e performances coreografadas que contagiam o p\u00fablico.<\/p>\n\n\n\n<p>No s\u00e1bado, em Pontal do Paran\u00e1, o pagode rom\u00e2ntico de Dilsinho embala o p\u00fablico, seguido pela dupla revela\u00e7\u00e3o da m\u00fasica sertaneja Luiz Cl\u00e1udio e Giuliano. A programa\u00e7\u00e3o completa est\u00e1&nbsp;<a href=\"https:\/\/www.verao.pr.gov.br\/\" target=\"_blank\" rel=\"noreferrer noopener\">AQUI<\/a>.<\/p>\n\n\n\n<p>AEN\/PR<\/p>\n","protected":false},"excerpt":{"rendered":"<p>Depois de um in\u00edcio hist\u00f3rico, que levou\u00a0um p\u00fablico de 722 mil pessoas \u00e0s areias do Litoral em apenas tr\u00eas dias de shows, o Ver\u00e3o Maior Paran\u00e1 vai para o segundo fim de semana com ainda mais expectativa. A programa\u00e7\u00e3o traz, pela primeira vez, uma atra\u00e7\u00e3o internacional aos palcos do maior festival gratuito do Pa\u00eds. O [&hellip;]<\/p>\n","protected":false},"author":2,"featured_media":75516,"comment_status":"open","ping_status":"open","sticky":false,"template":"","format":"standard","meta":{"advanced_seo_description":"","jetpack_seo_html_title":"","jetpack_seo_noindex":false,"_jetpack_memberships_contains_paid_content":false,"footnotes":""},"categories":[40],"tags":[],"class_list":{"0":"post-75515","1":"post","2":"type-post","3":"status-publish","4":"format-standard","5":"has-post-thumbnail","7":"category-destaques"},"jetpack_featured_media_url":"https:\/\/www.paranapraia.com.br\/wp-content\/uploads\/2026\/01\/gipsy_kings_by_andre_reyes_8-scaled.jpg","jetpack_sharing_enabled":true,"_links":{"self":[{"href":"https:\/\/www.paranapraia.com.br\/index.php\/wp-json\/wp\/v2\/posts\/75515"}],"collection":[{"href":"https:\/\/www.paranapraia.com.br\/index.php\/wp-json\/wp\/v2\/posts"}],"about":[{"href":"https:\/\/www.paranapraia.com.br\/index.php\/wp-json\/wp\/v2\/types\/post"}],"author":[{"embeddable":true,"href":"https:\/\/www.paranapraia.com.br\/index.php\/wp-json\/wp\/v2\/users\/2"}],"replies":[{"embeddable":true,"href":"https:\/\/www.paranapraia.com.br\/index.php\/wp-json\/wp\/v2\/comments?post=75515"}],"version-history":[{"count":1,"href":"https:\/\/www.paranapraia.com.br\/index.php\/wp-json\/wp\/v2\/posts\/75515\/revisions"}],"predecessor-version":[{"id":75517,"href":"https:\/\/www.paranapraia.com.br\/index.php\/wp-json\/wp\/v2\/posts\/75515\/revisions\/75517"}],"wp:featuredmedia":[{"embeddable":true,"href":"https:\/\/www.paranapraia.com.br\/index.php\/wp-json\/wp\/v2\/media\/75516"}],"wp:attachment":[{"href":"https:\/\/www.paranapraia.com.br\/index.php\/wp-json\/wp\/v2\/media?parent=75515"}],"wp:term":[{"taxonomy":"category","embeddable":true,"href":"https:\/\/www.paranapraia.com.br\/index.php\/wp-json\/wp\/v2\/categories?post=75515"},{"taxonomy":"post_tag","embeddable":true,"href":"https:\/\/www.paranapraia.com.br\/index.php\/wp-json\/wp\/v2\/tags?post=75515"}],"curies":[{"name":"wp","href":"https:\/\/api.w.org\/{rel}","templated":true}]}}