{"id":75412,"date":"2026-01-08T11:43:53","date_gmt":"2026-01-08T14:43:53","guid":{"rendered":"https:\/\/www.paranapraia.com.br\/?p=75412"},"modified":"2026-01-08T11:43:56","modified_gmt":"2026-01-08T14:43:56","slug":"tasers-reforcam-trabalho-das-forcas-de-seguranca-durante-o-verao-maior-parana-no-litoral","status":"publish","type":"post","link":"https:\/\/www.paranapraia.com.br\/index.php\/2026\/01\/08\/tasers-reforcam-trabalho-das-forcas-de-seguranca-durante-o-verao-maior-parana-no-litoral\/","title":{"rendered":"Tasers refor\u00e7am trabalho das for\u00e7as de seguran\u00e7a durante o Ver\u00e3o Maior Paran\u00e1 no Litoral"},"content":{"rendered":"\n<p>O emprego de tecnologias de menor potencial ofensivo, com destaque para a arma de incapacita\u00e7\u00e3o neuromuscular modelo Taser 10, tornou-se uma ferramenta estrat\u00e9gica para a atua\u00e7\u00e3o policial no Litoral do Paran\u00e1. Durante o Ver\u00e3o Maior Paran\u00e1, o aumento expressivo no fluxo de turistas e a realiza\u00e7\u00e3o de grandes eventos exigem recursos que garantam a ordem p\u00fablica sem, necessariamente, o uso da for\u00e7a letal.<\/p>\n\n\n\n<p>A presen\u00e7a desse equipamento de maneira in\u00e9dita atua, primeiramente, como fator de dissuas\u00e3o. Em ocorr\u00eancias em que o consumo de \u00e1lcool ou o clima festivo elevam as tens\u00f5es e dificultam o di\u00e1logo, a simples visualiza\u00e7\u00e3o da taser pode ser suficiente para conter atitudes agressivas, preservando a integridade f\u00edsica tanto dos agentes quanto dos cidad\u00e3os.<\/p>\n\n\n\n<p>A capacidade de resolver situa\u00e7\u00f5es cr\u00edticas \u00e0 dist\u00e2ncia \u00e9 outra vantagem t\u00e1tica apontada pelas for\u00e7as de seguran\u00e7a. O uso do equipamento \u00e9 especialmente eficaz quando o envolvido porta objetos perigosos, como instrumentos cortantes, como facas, permitindo uma imobiliza\u00e7\u00e3o segura sem a necessidade de contato f\u00edsico direto.<\/p>\n\n\n\n<p>\u201cA capacidade de resolver situa\u00e7\u00f5es cr\u00edticas \u00e0 dist\u00e2ncia \u00e9 uma vantagem importante do equipamento\u201d, explica o tenente Andrey Shevchuk, da Pol\u00edcia Militar do Paran\u00e1 (PMPR).<\/p>\n\n\n\n<p><strong>CAPACITA\u00c7\u00c3O&nbsp;<\/strong>\u2013 Para operar esses dispositivos, os policiais passam por treinamento t\u00e9cnico rigoroso. A capacita\u00e7\u00e3o \u00e9 essencial para que o agente saiba avaliar restri\u00e7\u00f5es de uso, como em locais elevados, pr\u00f3ximos \u00e0 \u00e1gua ou envolvendo gestantes, priorizando sempre a preserva\u00e7\u00e3o da vida. \u201cO treinamento em massa demonstra o foco em conhecer melhor a ferramenta adquirida, assim como o avan\u00e7o tecnol\u00f3gico dos meios empregados em prol da sociedade\u201d, afirma Shevchuk.<\/p>\n\n\n\n<p>O primeiro uso do equipamento pela PMPR ocorreu em agosto de 2025, comprovando o preparo dos agentes para a atua\u00e7\u00e3o nas ruas. Al\u00e9m disso, a Pol\u00edcia Civil do Paran\u00e1 (PCPR) promoveu um curso de capacita\u00e7\u00e3o para o uso de armas n\u00e3o letais, voltado aos profissionais que atuam durante o Ver\u00e3o Maior Paran\u00e1, assegurando a padroniza\u00e7\u00e3o de procedimentos, ampliando o conhecimento t\u00e9cnico e qualificando o emprego do equipamento em situa\u00e7\u00f5es operacionais.<\/p>\n\n\n\n<p><strong>CARACTER\u00cdSTICAS&nbsp;<\/strong>\u2013 O taser possui capacidade para o disparo de at\u00e9 dez dardos met\u00e1licos, permitindo ao operador atingir at\u00e9 tr\u00eas alvos distintos sem a necessidade de recarga. A tecnologia representa um avan\u00e7o significativo em rela\u00e7\u00e3o a modelos mais antigos, que comportavam apenas dois dardos. A corrente el\u00e9trica aplicada \u00e9 de 1,2 miliampere (mA), considerada segura e de baixo risco \u00e0 vida, atuando diretamente no sistema nervoso sensorial e motor, o que provoca a perda tempor\u00e1ria do controle muscular.<\/p>\n\n\n\n<p><strong>SHOWS<\/strong>&nbsp;\u2013<strong>&nbsp;<\/strong>Durante shows e eventos de grande porte no Litoral, equipes habilitadas permanecem de prontid\u00e3o para garantir a seguran\u00e7a do p\u00fablico. A medida integra o planejamento operacional da Secretaria da Seguran\u00e7a P\u00fablica do Paran\u00e1 (SESP) para o per\u00edodo de ver\u00e3o, com foco na promo\u00e7\u00e3o de um ambiente seguro para moradores e veranistas.<\/p>\n\n\n\n<p>AEN\/PR<\/p>\n","protected":false},"excerpt":{"rendered":"<p>O emprego de tecnologias de menor potencial ofensivo, com destaque para a arma de incapacita\u00e7\u00e3o neuromuscular modelo Taser 10, tornou-se uma ferramenta estrat\u00e9gica para a atua\u00e7\u00e3o policial no Litoral do Paran\u00e1. Durante o Ver\u00e3o Maior Paran\u00e1, o aumento expressivo no fluxo de turistas e a realiza\u00e7\u00e3o de grandes eventos exigem recursos que garantam a ordem [&hellip;]<\/p>\n","protected":false},"author":2,"featured_media":75413,"comment_status":"open","ping_status":"open","sticky":false,"template":"","format":"standard","meta":{"advanced_seo_description":"","jetpack_seo_html_title":"","jetpack_seo_noindex":false,"_jetpack_memberships_contains_paid_content":false,"footnotes":""},"categories":[40],"tags":[],"class_list":{"0":"post-75412","1":"post","2":"type-post","3":"status-publish","4":"format-standard","5":"has-post-thumbnail","7":"category-destaques"},"jetpack_featured_media_url":"https:\/\/www.paranapraia.com.br\/wp-content\/uploads\/2026\/01\/whatsapp_image_2026-01-07_at_15.01.40.jpg","jetpack_sharing_enabled":true,"_links":{"self":[{"href":"https:\/\/www.paranapraia.com.br\/index.php\/wp-json\/wp\/v2\/posts\/75412"}],"collection":[{"href":"https:\/\/www.paranapraia.com.br\/index.php\/wp-json\/wp\/v2\/posts"}],"about":[{"href":"https:\/\/www.paranapraia.com.br\/index.php\/wp-json\/wp\/v2\/types\/post"}],"author":[{"embeddable":true,"href":"https:\/\/www.paranapraia.com.br\/index.php\/wp-json\/wp\/v2\/users\/2"}],"replies":[{"embeddable":true,"href":"https:\/\/www.paranapraia.com.br\/index.php\/wp-json\/wp\/v2\/comments?post=75412"}],"version-history":[{"count":1,"href":"https:\/\/www.paranapraia.com.br\/index.php\/wp-json\/wp\/v2\/posts\/75412\/revisions"}],"predecessor-version":[{"id":75414,"href":"https:\/\/www.paranapraia.com.br\/index.php\/wp-json\/wp\/v2\/posts\/75412\/revisions\/75414"}],"wp:featuredmedia":[{"embeddable":true,"href":"https:\/\/www.paranapraia.com.br\/index.php\/wp-json\/wp\/v2\/media\/75413"}],"wp:attachment":[{"href":"https:\/\/www.paranapraia.com.br\/index.php\/wp-json\/wp\/v2\/media?parent=75412"}],"wp:term":[{"taxonomy":"category","embeddable":true,"href":"https:\/\/www.paranapraia.com.br\/index.php\/wp-json\/wp\/v2\/categories?post=75412"},{"taxonomy":"post_tag","embeddable":true,"href":"https:\/\/www.paranapraia.com.br\/index.php\/wp-json\/wp\/v2\/tags?post=75412"}],"curies":[{"name":"wp","href":"https:\/\/api.w.org\/{rel}","templated":true}]}}