{"id":75409,"date":"2026-01-08T11:41:39","date_gmt":"2026-01-08T14:41:39","guid":{"rendered":"https:\/\/www.paranapraia.com.br\/?p=75409"},"modified":"2026-01-08T11:41:41","modified_gmt":"2026-01-08T14:41:41","slug":"com-show-de-alok-tv-parana-turismo-inicia-transmissao-do-verao-maior-parana","status":"publish","type":"post","link":"https:\/\/www.paranapraia.com.br\/index.php\/2026\/01\/08\/com-show-de-alok-tv-parana-turismo-inicia-transmissao-do-verao-maior-parana\/","title":{"rendered":"Com show de Alok, TV Paran\u00e1 Turismo inicia transmiss\u00e3o do Ver\u00e3o Maior Paran\u00e1"},"content":{"rendered":"\n<p>A TV Paran\u00e1 Turismo d\u00e1 in\u00edcio \u00e0 cobertura especial do\u00a0<a href=\"https:\/\/www.verao.pr.gov.br\/\" target=\"_blank\" rel=\"noreferrer noopener\">Ver\u00e3o Maior Paran\u00e1<\/a>\u00a0nesta sexta-feira (09) com a transmiss\u00e3o ao vivo da\u00a0mega-apresenta\u00e7\u00e3o do DJ Alok, um dos maiores nomes da m\u00fasica eletr\u00f4nica do mundo, a partir das 22h. O show ser\u00e1 o primeiro de 39 apresenta\u00e7\u00f5es gratuitas de outros nomes de peso da m\u00fasica brasileira atual. A emissora levar\u00e1 aos paranaenses, em tempo real, toda a energia, emo\u00e7\u00e3o e grandiosidade do primeiro grande espet\u00e1culo do ver\u00e3o.<\/p>\n\n\n\n<p>Durante um m\u00eas inteiro de programa\u00e7\u00e3o, a TV Paran\u00e1 Turismo comanda uma cobertura ampla, cont\u00ednua e multiplataforma, mostrando tudo o que acontece nas areias do litoral paranaense e tamb\u00e9m nas praias de \u00e1gua doce do Noroeste do Estado. A emissora \u00e9 respons\u00e1vel pela transmiss\u00e3o ao vivo dos shows realizados \u00e0s sextas-feiras e aos s\u00e1bados, diretamente de Matinhos, a partir de um palco especial montado \u00e0 beira-mar, conectando o p\u00fablico de casa \u00e0 vibra\u00e7\u00e3o do ver\u00e3o paranaense.<\/p>\n\n\n\n<p>Al\u00e9m dos grandes shows, a TV Paran\u00e1 Turismo lidera a cobertura completa das atividades esportivas, culturais e de lazer que integram o Ver\u00e3o Maior Paran\u00e1. Competi\u00e7\u00f5es esportivas, a\u00e7\u00f5es recreativas, apresenta\u00e7\u00f5es culturais e eventos para todas as idades ganham espa\u00e7o na programa\u00e7\u00e3o, tanto no Litoral quanto nas praias de \u00e1gua doce do Noroeste, refor\u00e7ando o car\u00e1ter democr\u00e1tico e descentralizado das a\u00e7\u00f5es.<\/p>\n\n\n\n<p>Como parte dessa cobertura especial, todos os programas da grade da TV Paran\u00e1 Turismo foram reformulados e passam a apresentar edi\u00e7\u00f5es especiais de ver\u00e3o. Os conte\u00fados ganham nova linguagem, cen\u00e1rios, quadros e abordagens voltadas ao clima da esta\u00e7\u00e3o, valorizando o turismo, a cultura, a gastronomia, o esporte e os destinos paranaenses, com uma programa\u00e7\u00e3o ainda mais leve, din\u00e2mica e conectada com o p\u00fablico.<\/p>\n\n\n\n<p>A cobertura tamb\u00e9m inclui entradas ao vivo, reportagens especiais e boletins distribu\u00eddos ao longo de toda a grade, com conte\u00fados presentes em todos os telejornais da emissora. O p\u00fablico poder\u00e1 acompanhar tudo tamb\u00e9m pelas plataformas digitais, com transmiss\u00f5es e conte\u00fados exclusivos no YouTube, Instagram e Facebook da TV Paran\u00e1 Turismo.<\/p>\n\n\n\n<p>Para a diretora da emissora, Giselle Lima, a cobertura refor\u00e7a o compromisso da TV com o Paran\u00e1. \u201cO Ver\u00e3o Maior Paran\u00e1 \u00e9 um evento hist\u00f3rico, que come\u00e7a em grande estilo, e a TV Paran\u00e1 Turismo tem a miss\u00e3o de mostrar tudo o que est\u00e1 acontecendo, desde o primeiro show at\u00e9 o \u00faltimo dia de programa\u00e7\u00e3o. Estamos presentes em todos os momentos, com uma cobertura ampla, ao vivo e multiplataforma, que valoriza o nosso Estado, o turismo, a cultura e a energia do ver\u00e3o paranaense\u201d, destaca.<\/p>\n\n\n\n<p><strong>COMO ASSISTIR<\/strong>&nbsp;\u2013 Na TV Aberta no canal 9.1 UHF em Curitiba e Matinhos; 44.1 UHF em Foz do Igua\u00e7u; 33.1 UHF em Londrina; 31.1 UHF em Corn\u00e9lio Proc\u00f3pio; 50.1 UHF em Palotina; 30.1 UHF em Umuarama; 50.1 UHF em Campo Mour\u00e3o; 509 na Claro\/NET; na antena parab\u00f3lica pelo sat\u00e9lite Star One D2 (frequ\u00eancia 4056 na Banda C) e, tamb\u00e9m, pela Banda KU no canal 236 e na SKY TVRO no canal 66 para todo o Brasil.<\/p>\n\n\n\n<p>AEN\/PR<\/p>\n","protected":false},"excerpt":{"rendered":"<p>A TV Paran\u00e1 Turismo d\u00e1 in\u00edcio \u00e0 cobertura especial do\u00a0Ver\u00e3o Maior Paran\u00e1\u00a0nesta sexta-feira (09) com a transmiss\u00e3o ao vivo da\u00a0mega-apresenta\u00e7\u00e3o do DJ Alok, um dos maiores nomes da m\u00fasica eletr\u00f4nica do mundo, a partir das 22h. O show ser\u00e1 o primeiro de 39 apresenta\u00e7\u00f5es gratuitas de outros nomes de peso da m\u00fasica brasileira atual. A [&hellip;]<\/p>\n","protected":false},"author":2,"featured_media":75410,"comment_status":"open","ping_status":"open","sticky":false,"template":"","format":"standard","meta":{"advanced_seo_description":"","jetpack_seo_html_title":"","jetpack_seo_noindex":false,"_jetpack_memberships_contains_paid_content":false,"footnotes":""},"categories":[40],"tags":[],"class_list":{"0":"post-75409","1":"post","2":"type-post","3":"status-publish","4":"format-standard","5":"has-post-thumbnail","7":"category-destaques"},"jetpack_featured_media_url":"https:\/\/www.paranapraia.com.br\/wp-content\/uploads\/2026\/01\/show_luan_santana_foto_rdziura-6-scaled.jpg","jetpack_sharing_enabled":true,"_links":{"self":[{"href":"https:\/\/www.paranapraia.com.br\/index.php\/wp-json\/wp\/v2\/posts\/75409"}],"collection":[{"href":"https:\/\/www.paranapraia.com.br\/index.php\/wp-json\/wp\/v2\/posts"}],"about":[{"href":"https:\/\/www.paranapraia.com.br\/index.php\/wp-json\/wp\/v2\/types\/post"}],"author":[{"embeddable":true,"href":"https:\/\/www.paranapraia.com.br\/index.php\/wp-json\/wp\/v2\/users\/2"}],"replies":[{"embeddable":true,"href":"https:\/\/www.paranapraia.com.br\/index.php\/wp-json\/wp\/v2\/comments?post=75409"}],"version-history":[{"count":1,"href":"https:\/\/www.paranapraia.com.br\/index.php\/wp-json\/wp\/v2\/posts\/75409\/revisions"}],"predecessor-version":[{"id":75411,"href":"https:\/\/www.paranapraia.com.br\/index.php\/wp-json\/wp\/v2\/posts\/75409\/revisions\/75411"}],"wp:featuredmedia":[{"embeddable":true,"href":"https:\/\/www.paranapraia.com.br\/index.php\/wp-json\/wp\/v2\/media\/75410"}],"wp:attachment":[{"href":"https:\/\/www.paranapraia.com.br\/index.php\/wp-json\/wp\/v2\/media?parent=75409"}],"wp:term":[{"taxonomy":"category","embeddable":true,"href":"https:\/\/www.paranapraia.com.br\/index.php\/wp-json\/wp\/v2\/categories?post=75409"},{"taxonomy":"post_tag","embeddable":true,"href":"https:\/\/www.paranapraia.com.br\/index.php\/wp-json\/wp\/v2\/tags?post=75409"}],"curies":[{"name":"wp","href":"https:\/\/api.w.org\/{rel}","templated":true}]}}