{"id":75400,"date":"2026-01-08T11:34:31","date_gmt":"2026-01-08T14:34:31","guid":{"rendered":"https:\/\/www.paranapraia.com.br\/?p=75400"},"modified":"2026-01-08T11:34:33","modified_gmt":"2026-01-08T14:34:33","slug":"bibliopraia-projeto-da-biblioteca-publica-do-parana-promove-leitura-no-litoral","status":"publish","type":"post","link":"https:\/\/www.paranapraia.com.br\/index.php\/2026\/01\/08\/bibliopraia-projeto-da-biblioteca-publica-do-parana-promove-leitura-no-litoral\/","title":{"rendered":"Bibliopraia: projeto da Biblioteca P\u00fablica do Paran\u00e1 promove leitura no Litoral"},"content":{"rendered":"\n<p>Quem passa pela Praia de Caiob\u00e1, em Matinhos, pode aproveitar para colocar a leitura de f\u00e9rias em dia. At\u00e9 o dia 2 de fevereiro, a Biblioteca P\u00fablica do Paran\u00e1 (BPP) promove mais uma edi\u00e7\u00e3o do projeto Bibliopraia. S\u00e3o mais de 300 livros dispon\u00edveis para empr\u00e9stimo, al\u00e9m de diversos t\u00edtulos para doa\u00e7\u00e3o, entre livros e gibis.<\/p>\n\n\n\n<p>Parte das a\u00e7\u00f5es do Ver\u00e3o Maior Paran\u00e1, o projeto tem como objetivo o incentivo \u00e0 leitura e a divulga\u00e7\u00e3o do trabalho da BPP. Al\u00e9m dos empr\u00e9stimos e doa\u00e7\u00f5es, o estande tamb\u00e9m tem distribui\u00e7\u00e3o de marca-p\u00e1ginas, oferece conta\u00e7\u00e3o de hist\u00f3rias e espa\u00e7o para leitura voltado \u00e0s crian\u00e7as.<\/p>\n\n\n\n<p>Os moradores e turistas podem ficar com os livros emprestados por tr\u00eas dias, com possibilidade de renovar por mais tr\u00eas. As devolu\u00e7\u00f5es s\u00e3o feitas no pr\u00f3prio estande do Bibliopraia. Cada visitante tamb\u00e9m pode levar uma obra entre as dispon\u00edveis para doa\u00e7\u00e3o no espa\u00e7o, que recebe cerca de 100 visitantes por dia.<\/p>\n\n\n\n<p>A professora Miriam Tulius Bares, que fez seu primeiro empr\u00e9stimo no estande de Caiob\u00e1, aprovou a experi\u00eancia. \u201cSou professora h\u00e1 muitos anos e apaixonada por literatura. Fico muito feliz em ver uma iniciativa como essa na praia, \u00e9 um show. Foi a primeira vez que fiz um empr\u00e9stimo aqui no Bibliopraia e achei tudo muito tranquilo. \u00c9 uma experi\u00eancia \u00f3tima, que d\u00e1 vontade de voltar\u201d, disse.<\/p>\n\n\n\n<p>A secret\u00e1ria de Estado da Cultura, Luciana Casagrande Pereira, explica que a Bibliopraia \u00e9 uma iniciativa que une lazer, educa\u00e7\u00e3o e cidadania. \u201cAo integrar a Biblioteca P\u00fablica do Paran\u00e1 \u00e0 programa\u00e7\u00e3o do Ver\u00e3o Maior, ampliamos o alcance da leitura e fortalecemos o v\u00ednculo das pessoas com os livros, especialmente das crian\u00e7as e fam\u00edlias que est\u00e3o no Litoral neste per\u00edodo\u201d, afirma.<\/p>\n\n\n\n<p>Para o diretor da BPP, Luiz Felipe Leprevost, essa intera\u00e7\u00e3o tem sido muito interessante, pois mais de mil pessoas j\u00e1 passaram pelo espa\u00e7o, desde 28 de dezembro, quando foi aberto. \u201cE h\u00e1 um interesse muito grande. O empr\u00e9stimo \u00e9 feito sem grandes burocracias, ent\u00e3o todo mundo que estiver na praia e tiver interesse tem acesso aos livros&#8221;, disse. &#8220;As doa\u00e7\u00f5es de obras acontecem de modo organizado, paulatinamente, mas praticamente todos os dias. E jogos tamb\u00e9m est\u00e3o sendo oferecidos na nossa barraquinha, com atividades voltadas para a inclus\u00e3o de todas as pessoas\u201d, ressalta.<\/p>\n\n\n\n<p><strong>Servi\u00e7o:<\/strong><\/p>\n\n\n\n<p>Bibliopraia &#8211; Estande da Biblioteca P\u00fablica do Paran\u00e1 no Ver\u00e3o Maior<\/p>\n\n\n\n<p>Ter\u00e7a a domingo, das 8h \u00e0s 12h e das 15h \u00e0s 19h<\/p>\n\n\n\n<p>Localiza\u00e7\u00e3o: perto do Sesc, no Condom\u00ednio Ver\u00e3o Maior Paran\u00e1, em Caiob\u00e1 &#8211; Matinhos<\/p>\n\n\n\n<p>Os empr\u00e9stimos s\u00e3o gratuitos e n\u00e3o \u00e9 necess\u00e1rio ter cadastro<\/p>\n\n\n\n<p>AEN\/PR<\/p>\n","protected":false},"excerpt":{"rendered":"<p>Quem passa pela Praia de Caiob\u00e1, em Matinhos, pode aproveitar para colocar a leitura de f\u00e9rias em dia. At\u00e9 o dia 2 de fevereiro, a Biblioteca P\u00fablica do Paran\u00e1 (BPP) promove mais uma edi\u00e7\u00e3o do projeto Bibliopraia. S\u00e3o mais de 300 livros dispon\u00edveis para empr\u00e9stimo, al\u00e9m de diversos t\u00edtulos para doa\u00e7\u00e3o, entre livros e gibis. [&hellip;]<\/p>\n","protected":false},"author":2,"featured_media":75401,"comment_status":"open","ping_status":"open","sticky":false,"template":"","format":"standard","meta":{"advanced_seo_description":"","jetpack_seo_html_title":"","jetpack_seo_noindex":false,"_jetpack_memberships_contains_paid_content":false,"footnotes":""},"categories":[40],"tags":[],"class_list":{"0":"post-75400","1":"post","2":"type-post","3":"status-publish","4":"format-standard","5":"has-post-thumbnail","7":"category-destaques"},"jetpack_featured_media_url":"https:\/\/www.paranapraia.com.br\/wp-content\/uploads\/2026\/01\/20250114_agb_tendas_verao_maior-4-scaled.jpg","jetpack_sharing_enabled":true,"_links":{"self":[{"href":"https:\/\/www.paranapraia.com.br\/index.php\/wp-json\/wp\/v2\/posts\/75400"}],"collection":[{"href":"https:\/\/www.paranapraia.com.br\/index.php\/wp-json\/wp\/v2\/posts"}],"about":[{"href":"https:\/\/www.paranapraia.com.br\/index.php\/wp-json\/wp\/v2\/types\/post"}],"author":[{"embeddable":true,"href":"https:\/\/www.paranapraia.com.br\/index.php\/wp-json\/wp\/v2\/users\/2"}],"replies":[{"embeddable":true,"href":"https:\/\/www.paranapraia.com.br\/index.php\/wp-json\/wp\/v2\/comments?post=75400"}],"version-history":[{"count":1,"href":"https:\/\/www.paranapraia.com.br\/index.php\/wp-json\/wp\/v2\/posts\/75400\/revisions"}],"predecessor-version":[{"id":75402,"href":"https:\/\/www.paranapraia.com.br\/index.php\/wp-json\/wp\/v2\/posts\/75400\/revisions\/75402"}],"wp:featuredmedia":[{"embeddable":true,"href":"https:\/\/www.paranapraia.com.br\/index.php\/wp-json\/wp\/v2\/media\/75401"}],"wp:attachment":[{"href":"https:\/\/www.paranapraia.com.br\/index.php\/wp-json\/wp\/v2\/media?parent=75400"}],"wp:term":[{"taxonomy":"category","embeddable":true,"href":"https:\/\/www.paranapraia.com.br\/index.php\/wp-json\/wp\/v2\/categories?post=75400"},{"taxonomy":"post_tag","embeddable":true,"href":"https:\/\/www.paranapraia.com.br\/index.php\/wp-json\/wp\/v2\/tags?post=75400"}],"curies":[{"name":"wp","href":"https:\/\/api.w.org\/{rel}","templated":true}]}}