{"id":75397,"date":"2026-01-08T11:32:32","date_gmt":"2026-01-08T14:32:32","guid":{"rendered":"https:\/\/www.paranapraia.com.br\/?p=75397"},"modified":"2026-01-08T11:32:35","modified_gmt":"2026-01-08T14:32:35","slug":"verao-maior-parana-trancistas-e-artesaos-valorizam-diversidade-com-oficinas-gratuitas","status":"publish","type":"post","link":"https:\/\/www.paranapraia.com.br\/index.php\/2026\/01\/08\/verao-maior-parana-trancistas-e-artesaos-valorizam-diversidade-com-oficinas-gratuitas\/","title":{"rendered":"Ver\u00e3o Maior Paran\u00e1: trancistas e artes\u00e3os valorizam diversidade com oficinas gratuitas"},"content":{"rendered":"\n<p>A programa\u00e7\u00e3o da Secretaria da Mulher, Igualdade Racial e Pessoa Idosa (Semipi) no Ver\u00e3o Maior Paran\u00e1 conta a partir desta semana com atividades de trancistas, pintura corporal afro e grafismo ind\u00edgena, al\u00e9m de oficinas com artes\u00e3s e artes\u00e3os de diferentes regi\u00f5es do Estado.<\/p>\n\n\n\n<p>Segundo a secret\u00e1ria da Mulher, Igualdade Racial e Pessoa Idosa, Leandre Dal Ponte, a presen\u00e7a da Semipi no Ver\u00e3o Maior Paran\u00e1 refor\u00e7a o compromisso do Governo do Estado com pol\u00edticas p\u00fablicas que valorizam a diversidade e promovem a inclus\u00e3o social.&nbsp;<\/p>\n\n\n\n<p>\u201cLevar essas a\u00e7\u00f5es para um espa\u00e7o de grande circula\u00e7\u00e3o de pessoas \u00e9 uma forma de ampliar o acesso \u00e0 informa\u00e7\u00e3o, fortalecer identidades e reconhecer a import\u00e2ncia dos povos e comunidades tradicionais, da cultura negra e do artesanato como express\u00f5es vivas da hist\u00f3ria e da diversidade do Paran\u00e1\u201d, destacou.<\/p>\n\n\n\n<p>A trancista Mayqueline Ketlyn Gomes Alves, do Abayomi Studio, que participa da programa\u00e7\u00e3o ao lado da irm\u00e3, Mayara, explica que qualquer pessoa pode fazer uma tran\u00e7a no cabelo. Se for menor de idade, \u00e9 necess\u00e1ria a permiss\u00e3o dos pais.<\/p>\n\n\n\n<p>Nos servi\u00e7os dispon\u00edveis, ser\u00e3o oferecidos quatro modelos de tran\u00e7as: tran\u00e7a raiz lateral (25 minutos), tran\u00e7a raiz no topo (25 minutos) e tran\u00e7a boxeadora, com dura\u00e7\u00e3o de 30 a 40 minutos.<\/p>\n\n\n\n<p>\u201cParticipar do Ver\u00e3o Maior representa a valida\u00e7\u00e3o de um trabalho que vai al\u00e9m da est\u00e9tica, por carregar hist\u00f3ria, ancestralidade, identidade e resist\u00eancia, al\u00e9m de ampliar a visibilidade da cultura negra e do trabalho das trancistas\u201d, diz Mayqueline.<\/p>\n\n\n\n<p>Al\u00e9m das atividades culturais, que valorizam os saberes dos povos tradicionais e a diversidade cultural, est\u00e3o dispon\u00edveis diariamente, no estande da Semipi, jogos com conte\u00fados pedag\u00f3gicos sobre povos e comunidades tradicionais e igualdade racial, desenvolvidos em parceria com o Museu de Arqueologia e Etnologia da Universidade Federal do Paran\u00e1 (MAE\/UFPR) e Conselhos Estaduais.<\/p>\n\n\n\n<p>Durante todo o Ver\u00e3o Maior, tamb\u00e9m haver\u00e1 no espa\u00e7o da Semipi a distribui\u00e7\u00e3o de materiais de divulga\u00e7\u00e3o dos canais de atendimento \u00e0 popula\u00e7\u00e3o, como o Disque Idoso, por exemplo, e orienta\u00e7\u00f5es sobre o enfrentamento ao ass\u00e9dio e \u00e0 viol\u00eancia contra as mulheres.<\/p>\n\n\n\n<p><strong>ARTESANATO<\/strong>&nbsp;\u2013 Durante todo o m\u00eas de janeiro, al\u00e9m das oficinas que valorizam a cultura, haver\u00e1 no espa\u00e7o da Semipi uma variedade de oficinas com artes\u00e3os paranaenses. Os veranistas ter\u00e3o a oportunidade de aprender a produzir e at\u00e9 levar para casa biojoias (adornos artesanais confeccionados predominantemente com materiais naturais e org\u00e2nicos da biodiversidade), al\u00e9m de jogos de tecido e eco-brinquedos.<\/p>\n\n\n\n<p><strong>Programa\u00e7\u00e3o:<\/strong><\/p>\n\n\n\n<p>9 de janeiro (sexta-feira)<\/p>\n\n\n\n<p>Atividades com trancistas do Abayomi Studio, com Mayqueline e Mayara, das 8h30 \u00e0s 11h30.<\/p>\n\n\n\n<p>Oficina de Bijuterias e Biojoias, com a artes\u00e3 Josiane dos Santos da Silva Simonett (de Pontal do Paran\u00e1), \u00e0s 15h30<\/p>\n\n\n\n<p>10 de janeiro (s\u00e1bado)<\/p>\n\n\n\n<p>Atividades com trancistas do Abayomi Studio, com Mayqueline e Mayara, das 15h \u00e0s 18h.<br>Oficina de Bijuterias e Biojoias, com a artes\u00e3 Josiane dos Santos da Silva Simonett (de Pontal do Paran\u00e1), \u00e0s 9h<\/p>\n\n\n\n<p>11 de janeiro (domingo)<\/p>\n\n\n\n<p>Atividades com trancistas do Abayomi Studio, com Mayqueline e Mayara, das 8h30 \u00e0s 11h30<\/p>\n\n\n\n<p>Oficina de Bijuterias e Biojoias, com a artes\u00e3 Josiane dos Santos da Silva Simonett (de Pontal do Paran\u00e1), \u00e0s 15h30.<\/p>\n\n\n\n<p>16 de janeiro (quinta-feira<\/p>\n\n\n\n<p>Atividades de grafismo ind\u00edgena, com Ju Kerexu, das 8h30 \u00e0s 11h30<\/p>\n\n\n\n<p>Oficina de Pintura em Ovos, com a artes\u00e3 Isabel da Luz Silva Husch (de Curitiba)<\/p>\n\n\n\n<p>Oficina de Jogos de Tecido, com a artes\u00e3 Lisiene Loureiros Pius (de Colombo).<\/p>\n\n\n\n<p>17 de janeiro (sexta-feira)<\/p>\n\n\n\n<p>Atividades de grafismo ind\u00edgena, com Ju Kerexu, das 15h \u00e0s 18h<\/p>\n\n\n\n<p>Oficina de Pintura em Ovos, com a artes\u00e3 Isabel da Luz Silva Husch (de Curitiba)<\/p>\n\n\n\n<p>Oficina de Jogos de Tecido, com a artes\u00e3 Lisiene Loureiros Pius (de Colombo).<\/p>\n\n\n\n<p>18 de janeiro (s\u00e1bado<\/p>\n\n\n\n<p>Atividades de grafismo ind\u00edgena, com Ju Kerexu, das 8h30 \u00e0s 11h30<\/p>\n\n\n\n<p>Oficina de Pintura em Ovos, com a artes\u00e3 Isabel da Luz Silva Husch (de Curitiba)<\/p>\n\n\n\n<p>Oficina de Jogos de Tecido, com a artes\u00e3 Lisiene Loureiros Pius (de Colombo).<\/p>\n\n\n\n<p>23 de janeiro (quinta-feira<\/p>\n\n\n\n<p>Atividades com trancistas do Abayomi Studio, com Mayqueline e Mayara, das 8h30 \u00e0s 11h30<\/p>\n\n\n\n<p>Oficina de Caderninho de Textura Natural e Eco-brinquedos com Materiais Reciclados e Bambu (Pipa), com o artes\u00e3o Gabriel Augusto de Campos Esteves (de Londrina).<\/p>\n\n\n\n<p>24 de janeiro (sexta-feira<\/p>\n\n\n\n<p>Atividades com trancistas do Abayomi Studio, com Mayqueline e Mayara, das 15h \u00e0s 18h<\/p>\n\n\n\n<p>Oficina de Caderninho de Textura Natural e Eco-brinquedos com Materiais Reciclados e Bambu (Pipa), com o artes\u00e3o Gabriel Augusto de Campos Esteves (de Londrina).<\/p>\n\n\n\n<p>25 de janeiro (s\u00e1bado<\/p>\n\n\n\n<p>Atividades com trancistas do Abayomi Studio, com Mayqueline e Mayara, das 8h30 \u00e0s 11h30<\/p>\n\n\n\n<p>Oficina de Caderninho de Textura Natural e Eco-brinquedos com Materiais Reciclados e Bambu (Pipa), com o artes\u00e3o Gabriel Augusto de Campos Esteves (de Londrina).<\/p>\n\n\n\n<p>30 de janeiro (quinta-feira<\/p>\n\n\n\n<p>Atividades de pintura corporal afro, com Pretaurina, das 8h30 \u00e0s 11h30.<\/p>\n\n\n\n<p>31 de janeiro (sexta-feira<\/p>\n\n\n\n<p>Atividades de pintura corporal afro, com Pretaurina, das 15h \u00e0s 18h.<\/p>\n\n\n\n<p>1\u00ba de fevereiro (s\u00e1bado)<\/p>\n\n\n\n<p>Atividades de pintura corporal afro, com Pretaurina, das 8h30 \u00e0s 11h30<\/p>\n\n\n\n<p><strong>Servi\u00e7o:<\/strong><\/p>\n\n\n\n<p>Todas as a\u00e7\u00f5es acontecem no estande da Semipi no Ver\u00e3o Maior Paran\u00e1<\/p>\n\n\n\n<p>Avenida Atl\u00e2ntica, entre as ruas Apucarana, Paranagu\u00e1 e Ponta Grossa &#8211; Caiob\u00e1 &#8211; Matinhos<\/p>\n\n\n\n<p>AEN\/PR<\/p>\n","protected":false},"excerpt":{"rendered":"<p>A programa\u00e7\u00e3o da Secretaria da Mulher, Igualdade Racial e Pessoa Idosa (Semipi) no Ver\u00e3o Maior Paran\u00e1 conta a partir desta semana com atividades de trancistas, pintura corporal afro e grafismo ind\u00edgena, al\u00e9m de oficinas com artes\u00e3s e artes\u00e3os de diferentes regi\u00f5es do Estado. Segundo a secret\u00e1ria da Mulher, Igualdade Racial e Pessoa Idosa, Leandre Dal [&hellip;]<\/p>\n","protected":false},"author":2,"featured_media":75398,"comment_status":"open","ping_status":"open","sticky":false,"template":"","format":"standard","meta":{"advanced_seo_description":"","jetpack_seo_html_title":"","jetpack_seo_noindex":false,"_jetpack_memberships_contains_paid_content":false,"footnotes":""},"categories":[40],"tags":[],"class_list":{"0":"post-75397","1":"post","2":"type-post","3":"status-publish","4":"format-standard","5":"has-post-thumbnail","7":"category-destaques"},"jetpack_featured_media_url":"https:\/\/www.paranapraia.com.br\/wp-content\/uploads\/2026\/01\/whatsapp_image_2026-01-07_at_15.57.101.jpg","jetpack_sharing_enabled":true,"_links":{"self":[{"href":"https:\/\/www.paranapraia.com.br\/index.php\/wp-json\/wp\/v2\/posts\/75397"}],"collection":[{"href":"https:\/\/www.paranapraia.com.br\/index.php\/wp-json\/wp\/v2\/posts"}],"about":[{"href":"https:\/\/www.paranapraia.com.br\/index.php\/wp-json\/wp\/v2\/types\/post"}],"author":[{"embeddable":true,"href":"https:\/\/www.paranapraia.com.br\/index.php\/wp-json\/wp\/v2\/users\/2"}],"replies":[{"embeddable":true,"href":"https:\/\/www.paranapraia.com.br\/index.php\/wp-json\/wp\/v2\/comments?post=75397"}],"version-history":[{"count":1,"href":"https:\/\/www.paranapraia.com.br\/index.php\/wp-json\/wp\/v2\/posts\/75397\/revisions"}],"predecessor-version":[{"id":75399,"href":"https:\/\/www.paranapraia.com.br\/index.php\/wp-json\/wp\/v2\/posts\/75397\/revisions\/75399"}],"wp:featuredmedia":[{"embeddable":true,"href":"https:\/\/www.paranapraia.com.br\/index.php\/wp-json\/wp\/v2\/media\/75398"}],"wp:attachment":[{"href":"https:\/\/www.paranapraia.com.br\/index.php\/wp-json\/wp\/v2\/media?parent=75397"}],"wp:term":[{"taxonomy":"category","embeddable":true,"href":"https:\/\/www.paranapraia.com.br\/index.php\/wp-json\/wp\/v2\/categories?post=75397"},{"taxonomy":"post_tag","embeddable":true,"href":"https:\/\/www.paranapraia.com.br\/index.php\/wp-json\/wp\/v2\/tags?post=75397"}],"curies":[{"name":"wp","href":"https:\/\/api.w.org\/{rel}","templated":true}]}}