{"id":75378,"date":"2026-01-06T19:35:17","date_gmt":"2026-01-06T22:35:17","guid":{"rendered":"https:\/\/www.paranapraia.com.br\/?p=75378"},"modified":"2026-01-06T19:35:19","modified_gmt":"2026-01-06T22:35:19","slug":"investigacao-integrada-prende-tres-por-roubo-de-caminhao-que-causou-seis-mortes-em-campina-grande-do-sul","status":"publish","type":"post","link":"https:\/\/www.paranapraia.com.br\/index.php\/2026\/01\/06\/investigacao-integrada-prende-tres-por-roubo-de-caminhao-que-causou-seis-mortes-em-campina-grande-do-sul\/","title":{"rendered":"Investiga\u00e7\u00e3o integrada prende tr\u00eas por roubo de caminh\u00e3o que causou seis mortes em Campina Grande do Sul"},"content":{"rendered":"\n<p>A Pol\u00edcia Civil do Paran\u00e1 (PCPR), em investiga\u00e7\u00e3o conjunta com a Pol\u00edcia Militar do Paran\u00e1 (PMPR), Pol\u00edcia Rodovi\u00e1ria Federal (PRF) e Guarda Civil Municipal de Campina Grande do Sul, elucidou o roubo de um caminh\u00e3o, ocorrido na rodovia BR-116, em Campina Grande do Sul, na Regi\u00e3o Metropolitana de Curitiba, que resultou na morte de seis ocupantes de uma van. Tr\u00eas homens foram presos nesta ter\u00e7a-feira (6), em menos de 48 horas ap\u00f3s o crime.<\/p>\n\n\n\n<p>Um dos suspeitos foi preso em S\u00e3o Jos\u00e9 dos Pinhais e os outros dois localizados em Campina Grande do Sul. Durante a opera\u00e7\u00e3o, foram apreendidos objetos relacionados \u00e0 ocorr\u00eancia e o ve\u00edculo utilizado pelos investigados. Eles foram presos em flagrante e devem responder pelos crimes de latroc\u00ednio e associa\u00e7\u00e3o criminosa.<\/p>\n\n\n\n<p>\u201cDesde as primeiras horas ap\u00f3s o crime, a PCPR iniciou dilig\u00eancias ininterruptas, com an\u00e1lise de imagens, rastreamento de ve\u00edculos e cruzamento de informa\u00e7\u00f5es. A partir do trabalho de intelig\u00eancia e da integra\u00e7\u00e3o com outras for\u00e7as de seguran\u00e7a, foi poss\u00edvel reconstituir o trajeto dos suspeitos e chegar rapidamente aos envolvidos\u201d, afirmou o delegado Andr\u00e9 Feltes.<\/p>\n\n\n\n<p>A PMPR prestou apoio operacional desde as primeiras horas ap\u00f3s o fato. O setor de intelig\u00eancia da corpora\u00e7\u00e3o colaborou no cruzamento de dados, no monitoramento de locais j\u00e1 conhecidos por pr\u00e1ticas de roubo de cargas e na identifica\u00e7\u00e3o de investigados que j\u00e1 eram acompanhados pelas for\u00e7as de seguran\u00e7a.<\/p>\n\n\n\n<p>\u201cLogo na madrugada recebemos o acionamento a respeito do tombamento de um caminh\u00e3o com v\u00e1rias v\u00edtimas. Chegando ao local, iniciamos o tratamento das informa\u00e7\u00f5es e verificamos que se tratava de um assalto. Imediatamente acionamos a equipe de intelig\u00eancia a fim de atuar de maneira intensiva na elucida\u00e7\u00e3o do caso\u201d, destacou o tenente-coronel da PMPR Luiz Murbach.<\/p>\n\n\n\n<p>Na fase inicial da investiga\u00e7\u00e3o, a GCM atuou no levantamento de imagens do cercamento eletr\u00f4nico e de c\u00e2meras da BR-116, a partir das informa\u00e7\u00f5es repassadas pela PCPR.<\/p>\n\n\n\n<p>\u201cUtilizamos o cercamento eletr\u00f4nico de Campina Grande do Sul e as c\u00e2meras da rodovia para analisar as caracter\u00edsticas do ve\u00edculo envolvido. Esse trabalho permitiu a identifica\u00e7\u00e3o r\u00e1pida do autom\u00f3vel ligado ao primeiro roubo, contribuindo diretamente para o avan\u00e7o da investiga\u00e7\u00e3o e a localiza\u00e7\u00e3o dos envolvidos\u201d, ressaltou o inspetor Marcelo Souza da GCM de Campina Grande do Sul.<\/p>\n\n\n\n<p>A PRF tamb\u00e9m compartilhou informa\u00e7\u00f5es de intelig\u00eancia que permitiram o esclarecimento da din\u00e2mica do acidente e a sequ\u00eancia dos fatos, que incluem um primeiro roubo de uma carga de eletr\u00f4nicos.<\/p>\n\n\n\n<p>\u201cTrabalhamos com equipes de intelig\u00eancia e de campo analisando o deslocamento dos ve\u00edculos, o uso da rodovia e o comportamento dos envolvidos. Essas informa\u00e7\u00f5es foram fundamentais para esclarecer como o crime ocorreu e para chegar aos autores\u201d, disse o superintendente da PRF Paran\u00e1, Fernando C\u00e9sar Oliveira.<\/p>\n\n\n\n<p><strong>ACIDENTE<\/strong>&nbsp;\u2013 O fato ocorreu na madrugada de segunda-feira (5), na rodovia BR-116. Conforme apurado, os suspeitos utilizaram um caminh\u00e3o subtra\u00eddo momentos antes para abordar outro ve\u00edculo de carga na rodovia que seguia em dire\u00e7\u00e3o a S\u00e3o Paulo. Ap\u00f3s a intercepta\u00e7\u00e3o, o motorista do primeiro caminh\u00e3o foi liberado e os autores seguiram com o segundo ve\u00edculo com a inten\u00e7\u00e3o de subtrair a carga.<\/p>\n\n\n\n<p>Durante a tentativa de roubo, os indiv\u00edduos apagaram as luzes do ve\u00edculo e liberaram a trava do caminh\u00e3o, que se deslocou de r\u00e9 e colidiu com a van, que transportava 21 pessoas. Seis v\u00edtimas morreram no local, sete ficaram feridas e oito n\u00e3o sofreram ferimentos.<\/p>\n\n\n\n<p>AEN\/PR<\/p>\n","protected":false},"excerpt":{"rendered":"<p>A Pol\u00edcia Civil do Paran\u00e1 (PCPR), em investiga\u00e7\u00e3o conjunta com a Pol\u00edcia Militar do Paran\u00e1 (PMPR), Pol\u00edcia Rodovi\u00e1ria Federal (PRF) e Guarda Civil Municipal de Campina Grande do Sul, elucidou o roubo de um caminh\u00e3o, ocorrido na rodovia BR-116, em Campina Grande do Sul, na Regi\u00e3o Metropolitana de Curitiba, que resultou na morte de seis [&hellip;]<\/p>\n","protected":false},"author":2,"featured_media":75379,"comment_status":"open","ping_status":"open","sticky":false,"template":"","format":"standard","meta":{"advanced_seo_description":"","jetpack_seo_html_title":"","jetpack_seo_noindex":false,"_jetpack_memberships_contains_paid_content":false,"footnotes":""},"categories":[33],"tags":[],"class_list":{"0":"post-75378","1":"post","2":"type-post","3":"status-publish","4":"format-standard","5":"has-post-thumbnail","7":"category-policia"},"jetpack_featured_media_url":"https:\/\/www.paranapraia.com.br\/wp-content\/uploads\/2026\/01\/whatsapp_image_2026-01-06_at_18.19.54.jpg","jetpack_sharing_enabled":true,"_links":{"self":[{"href":"https:\/\/www.paranapraia.com.br\/index.php\/wp-json\/wp\/v2\/posts\/75378"}],"collection":[{"href":"https:\/\/www.paranapraia.com.br\/index.php\/wp-json\/wp\/v2\/posts"}],"about":[{"href":"https:\/\/www.paranapraia.com.br\/index.php\/wp-json\/wp\/v2\/types\/post"}],"author":[{"embeddable":true,"href":"https:\/\/www.paranapraia.com.br\/index.php\/wp-json\/wp\/v2\/users\/2"}],"replies":[{"embeddable":true,"href":"https:\/\/www.paranapraia.com.br\/index.php\/wp-json\/wp\/v2\/comments?post=75378"}],"version-history":[{"count":1,"href":"https:\/\/www.paranapraia.com.br\/index.php\/wp-json\/wp\/v2\/posts\/75378\/revisions"}],"predecessor-version":[{"id":75380,"href":"https:\/\/www.paranapraia.com.br\/index.php\/wp-json\/wp\/v2\/posts\/75378\/revisions\/75380"}],"wp:featuredmedia":[{"embeddable":true,"href":"https:\/\/www.paranapraia.com.br\/index.php\/wp-json\/wp\/v2\/media\/75379"}],"wp:attachment":[{"href":"https:\/\/www.paranapraia.com.br\/index.php\/wp-json\/wp\/v2\/media?parent=75378"}],"wp:term":[{"taxonomy":"category","embeddable":true,"href":"https:\/\/www.paranapraia.com.br\/index.php\/wp-json\/wp\/v2\/categories?post=75378"},{"taxonomy":"post_tag","embeddable":true,"href":"https:\/\/www.paranapraia.com.br\/index.php\/wp-json\/wp\/v2\/tags?post=75378"}],"curies":[{"name":"wp","href":"https:\/\/api.w.org\/{rel}","templated":true}]}}