{"id":75375,"date":"2026-01-06T19:31:18","date_gmt":"2026-01-06T22:31:18","guid":{"rendered":"https:\/\/www.paranapraia.com.br\/?p=75375"},"modified":"2026-01-06T19:31:21","modified_gmt":"2026-01-06T22:31:21","slug":"equipes-de-limpeza-da-sanepar-retiram-mais-de-6-toneladas-de-lixo-por-dia-das-praias","status":"publish","type":"post","link":"https:\/\/www.paranapraia.com.br\/index.php\/2026\/01\/06\/equipes-de-limpeza-da-sanepar-retiram-mais-de-6-toneladas-de-lixo-por-dia-das-praias\/","title":{"rendered":"Equipes de limpeza da Sanepar retiram mais de 6 toneladas de lixo por dia das praias"},"content":{"rendered":"\n<p>Com equipes trabalhando dia e noite na limpeza, a Sanepar j\u00e1 retirou 95 toneladas de lixo das praias do Paran\u00e1. A limpeza ocorre em toda a faixa de areia de Matinhos, Pontal do Paran\u00e1 e Guaratuba, recolhendo uma m\u00e9dia de seis toneladas de res\u00edduos por dia, entre materiais recicl\u00e1veis e descart\u00e1veis.<\/p>\n\n\n\n<p>S\u00e3o latinhas, garrafas pl\u00e1sticas e de vidro, restos de alimentos e outros res\u00edduos que, ap\u00f3s coletados, s\u00e3o levados para uma triagem. Os recicl\u00e1veis s\u00e3o encaminhados \u00e0 Associa\u00e7\u00e3o de Coletores de Pontal do Paran\u00e1 (Ancoresp), respons\u00e1vel pela separa\u00e7\u00e3o e posterior comercializa\u00e7\u00e3o. J\u00e1 os que n\u00e3o podem ser reciclados s\u00e3o encaminhados para a destina\u00e7\u00e3o correta.<\/p>\n\n\n\n<p>\u201cTemos nove equipes atuando desde Guaratuba at\u00e9 Pontal do Sul, em Pontal do Paran\u00e1, fazendo um trabalho ininterrupto durante a temporada, inclusive aos s\u00e1bados, domingos e feriados\u201d, explicou o gestor de Educa\u00e7\u00e3o Socioambiental da Sanepar, Guilherme Zavataro. \u201cEles fazem a manuten\u00e7\u00e3o da praia, recolhendo tanto o que est\u00e1 na areia, como o que os pr\u00f3prios veranistas entregam a eles nas tendas. As equipes mant\u00eam a praia limpa o dia inteiro. \u00c0 noite, tanto a Sanepar como as prefeituras refor\u00e7am essa limpeza\u201d.<\/p>\n\n\n\n<p>Cerca de 180 pessoas contratadas temporariamente, incluindo moradores do pr\u00f3prio Litoral, atuam na limpeza das praias. \u00c0 noite, depois que os veranistas voltam para suas casas, m\u00e1quinas saneadoras fazem a limpeza das areias, revolvendo o solo para retirar materiais menores, como bitucas de cigarro, tampas de garrafa e outros res\u00edduos que acabam enterrados na areia.<\/p>\n\n\n\n<p>Al\u00e9m da coleta, a Sanepar tamb\u00e9m conscientiza os banhistas a n\u00e3o deixarem lixo na areia, com a distribui\u00e7\u00e3o de sacolas biodegrad\u00e1veis para que cada um d\u00ea a destina\u00e7\u00e3o correta de seus res\u00edduos. Lat\u00f5es de lixo tamb\u00e9m foram espalhados nos cal\u00e7ad\u00f5es das orlas para recolher os res\u00edduos.<\/p>\n\n\n\n<p>Este \u00e9 o caso do casal Simone e Marco Aur\u00e9lio Kuster Contador, que \u00e9 de Curitiba e passa as f\u00e9rias em Guaratuba. Com a sacolinha pendurada na cadeira de praia, eles recolhem todo o res\u00edduo do que consome para n\u00e3o deixar na areia.<\/p>\n\n\n\n<p>\u201cA gente recolhe para manter a praia limpa e garantir a seguran\u00e7a das outras pessoas, inclusive das crian\u00e7as, porque tem lata e garrafa. N\u00e3o custa ter essa organiza\u00e7\u00e3o\u201d, disse Simone. \u201cAs equipes de limpeza est\u00e3o fazendo um trabalho muito bom. S\u00f3 falta alguns veranistas colaborarem com isso, porque eles passam dando sacola, passam recolhendo, tem lixeira, mas tem quem insista em deixar lixo na praia. Tem que pensar no outro\u201d.<\/p>\n\n\n\n<p>A fam\u00edlia da atendente M\u00e9ry Vieira tamb\u00e9m carrega suas sacolinhas para n\u00e3o deixar o lixo para tr\u00e1s. \u201cCada um traz a sua sacolinha, a gente junta o lixo no final, leva para casa e descarta\u201d, conta. \u201cA praia est\u00e1 limpa, as equipes est\u00e3o trabalhando recolhendo tudo, est\u00e1 tudo muito bom. Tem que aproveitar o ver\u00e3o com consci\u00eancia\u201d.<\/p>\n\n\n\n<p><strong>LIMPEZA P\u00d3S-SHOWS<\/strong>\u00a0\u2013 Com o\u00a0in\u00edcio da programa\u00e7\u00e3o de grandes shows\u00a0em Matinhos e Pontal do Paran\u00e1, a partir desta sexta-feira (9), a Sanepar vai refor\u00e7ar ainda mais os servi\u00e7os com uma megaopera\u00e7\u00e3o de limpeza logo ap\u00f3s os eventos \u2013 m\u00e1quinas saneadoras far\u00e3o a limpeza da faixa de areia pr\u00f3xima aos palcos.<\/p>\n\n\n\n<p>AEN\/PR<\/p>\n","protected":false},"excerpt":{"rendered":"<p>Com equipes trabalhando dia e noite na limpeza, a Sanepar j\u00e1 retirou 95 toneladas de lixo das praias do Paran\u00e1. A limpeza ocorre em toda a faixa de areia de Matinhos, Pontal do Paran\u00e1 e Guaratuba, recolhendo uma m\u00e9dia de seis toneladas de res\u00edduos por dia, entre materiais recicl\u00e1veis e descart\u00e1veis. S\u00e3o latinhas, garrafas pl\u00e1sticas [&hellip;]<\/p>\n","protected":false},"author":2,"featured_media":75376,"comment_status":"open","ping_status":"open","sticky":false,"template":"","format":"standard","meta":{"advanced_seo_description":"","jetpack_seo_html_title":"","jetpack_seo_noindex":false,"_jetpack_memberships_contains_paid_content":false,"footnotes":""},"categories":[40],"tags":[],"class_list":{"0":"post-75375","1":"post","2":"type-post","3":"status-publish","4":"format-standard","5":"has-post-thumbnail","7":"category-destaques"},"jetpack_featured_media_url":"https:\/\/www.paranapraia.com.br\/wp-content\/uploads\/2026\/01\/foto-9_0-scaled.jpg","jetpack_sharing_enabled":true,"_links":{"self":[{"href":"https:\/\/www.paranapraia.com.br\/index.php\/wp-json\/wp\/v2\/posts\/75375"}],"collection":[{"href":"https:\/\/www.paranapraia.com.br\/index.php\/wp-json\/wp\/v2\/posts"}],"about":[{"href":"https:\/\/www.paranapraia.com.br\/index.php\/wp-json\/wp\/v2\/types\/post"}],"author":[{"embeddable":true,"href":"https:\/\/www.paranapraia.com.br\/index.php\/wp-json\/wp\/v2\/users\/2"}],"replies":[{"embeddable":true,"href":"https:\/\/www.paranapraia.com.br\/index.php\/wp-json\/wp\/v2\/comments?post=75375"}],"version-history":[{"count":1,"href":"https:\/\/www.paranapraia.com.br\/index.php\/wp-json\/wp\/v2\/posts\/75375\/revisions"}],"predecessor-version":[{"id":75377,"href":"https:\/\/www.paranapraia.com.br\/index.php\/wp-json\/wp\/v2\/posts\/75375\/revisions\/75377"}],"wp:featuredmedia":[{"embeddable":true,"href":"https:\/\/www.paranapraia.com.br\/index.php\/wp-json\/wp\/v2\/media\/75376"}],"wp:attachment":[{"href":"https:\/\/www.paranapraia.com.br\/index.php\/wp-json\/wp\/v2\/media?parent=75375"}],"wp:term":[{"taxonomy":"category","embeddable":true,"href":"https:\/\/www.paranapraia.com.br\/index.php\/wp-json\/wp\/v2\/categories?post=75375"},{"taxonomy":"post_tag","embeddable":true,"href":"https:\/\/www.paranapraia.com.br\/index.php\/wp-json\/wp\/v2\/tags?post=75375"}],"curies":[{"name":"wp","href":"https:\/\/api.w.org\/{rel}","templated":true}]}}