{"id":75366,"date":"2026-01-06T15:40:25","date_gmt":"2026-01-06T18:40:25","guid":{"rendered":"https:\/\/www.paranapraia.com.br\/?p=75366"},"modified":"2026-01-06T15:40:27","modified_gmt":"2026-01-06T18:40:27","slug":"praias-de-agua-doce-do-noroeste-registram-100-de-ocupacao-em-hoteis-nas-festas-de-fim-de-ano","status":"publish","type":"post","link":"https:\/\/www.paranapraia.com.br\/index.php\/2026\/01\/06\/praias-de-agua-doce-do-noroeste-registram-100-de-ocupacao-em-hoteis-nas-festas-de-fim-de-ano\/","title":{"rendered":"Praias de \u00e1gua doce do Noroeste registram 100% de ocupa\u00e7\u00e3o em hot\u00e9is nas festas de fim de ano"},"content":{"rendered":"\n<p>O Paran\u00e1 come\u00e7a 2026 com bons indicadores ligados ao turismo. No per\u00edodo das festas de fim de ano, a rede hoteleira das praias de \u00e1gua doce paranaenses, localizadas na regi\u00e3o Noroeste, registrou ocupa\u00e7\u00e3o de 100% em hot\u00e9is e pousadas, fruto da promo\u00e7\u00e3o do Estado aos turistas, programa\u00e7\u00f5es do Ver\u00e3o Maior Paran\u00e1, atrativos especiais e paisagens \u00fanicas.<\/p>\n\n\n\n<p>A taxa \u00e9 referente ao per\u00edodo de 25 de dezembro do ano passado a 5 de janeiro de 2026. Os dados foram compilados pelo Viaje Paran\u00e1, \u00f3rg\u00e3o de promo\u00e7\u00e3o comercial vinculado \u00e0 Secretaria do Turismo (Setu-PR), com base em informa\u00e7\u00f5es das secretarias municipais de turismo de Porto Rico, Marilena (Porto Maring\u00e1) e S\u00e3o Pedro do Paran\u00e1 (Porto S\u00e3o Jos\u00e9).<\/p>\n\n\n\n<p>Fazem parte da taxa total de ocupa\u00e7\u00e3o cerca de 10 hot\u00e9is e pousadas nos tr\u00eas munic\u00edpios do Noroeste, que correspondem a quase 200 leitos. Segundo as prefeituras, a busca por vagas deve continuar alta durante o m\u00eas.<\/p>\n\n\n\n<p>\u201cEstamos na \u00e9poca de ouro para o turismo nessa regi\u00e3o, com atrativos, programa\u00e7\u00f5es e muita coisa bacana para fazer. O Noroeste tem muito a oferecer para quem gosta do ver\u00e3o em diversas praias de \u00e1gua doce. \u00c9 um Territ\u00f3rio Tur\u00edstico que vale a pena visitar, para quem n\u00e3o conhece\u201d, destaca Leonaldo Paranhos, secret\u00e1rio estadual do Turismo.<\/p>\n\n\n\n<p>Durante o Ver\u00e3o Maior Paran\u00e1, a regi\u00e3o conta com atividades em diversas \u00e1reas, esportes, shows, apresenta\u00e7\u00f5es musicais e muitas outras op\u00e7\u00f5es para aproveitar a temporada. \u201cO Paran\u00e1 se consolidou como um destino vers\u00e1til ao longo do ano, mas o R\u00e9veillon provou ser uma boa oportunidade de recepcionar turistas do Brasil e de pa\u00edses vizinhos, aquecendo a economia local\u201d, disse Irapuan Cortes, diretor-presidente do Viaje Paran\u00e1.<\/p>\n\n\n\n<p><strong>RESULTADO AOS MUNIC\u00cdPIOS<\/strong>&nbsp;\u2013&nbsp;Hot\u00e9is e pousadas lotados, plataformas de loca\u00e7\u00e3o de hospedagens reservadas e condom\u00ednios com casas para alugar por temporada totalmente cheios. Esse foi o panorama da ocupa\u00e7\u00e3o de turistas e visitantes na virada do ano em Marilena, segundo Regison Scotta, secret\u00e1rio municipal de Turismo.<\/p>\n\n\n\n<p>\u201cTivermos recorde de visitantes, com mais de 3 mil pessoas na orla em algumas ocasi\u00f5es. Segundo os barqueiros da regi\u00e3o, houve dias em que quase mil pessoas fizeram travessias at\u00e9 as ilhas. A gente agradece ao Governo do Estado por trazer o Ver\u00e3o Maior Paran\u00e1 at\u00e9 a regi\u00e3o, porque tem sido muito importante para atender, entreter e dar uma boa experi\u00eancia a popula\u00e7\u00e3o e aos turistas\u201d, enfatizou.<\/p>\n\n\n\n<p>\u201cFoi uma virada de ano hist\u00f3rica, com recorde de turistas. Hot\u00e9is, pousadas e im\u00f3veis de aluguel ficaram lotados, e o com\u00e9rcio sentiu o reflexo positivo. Foram de 30 a 40 mil pessoas aquecendo a economia ao longo do fim de ano\u201d, disse Murilo G\u00f3is, secret\u00e1rio de Turismo de Porto Rico.<\/p>\n\n\n\n<p>\u201cEu diria que foi at\u00e9 mais que 100% de ocupa\u00e7\u00e3o, porque faltaram quartos para atender a demanda. V\u00e1rios acampando e muitas pessoas indo at\u00e9 munic\u00edpios vizinhos em busca de vagas\u201d, contou Diogo Vizini, secret\u00e1rio de Turismo de S\u00e3o Pedro do Paran\u00e1.<\/p>\n\n\n\n<p><strong>TURISMO FOMENTA NEG\u00d3CIOS<\/strong>&nbsp;\u2013&nbsp;Mois\u00e9s Max Soares, s\u00f3cio-propriet\u00e1rio do Restaurante El Dourado, em Porto Maring\u00e1 (em Marilena), comenta que a virada do ano foi marcada pela visita de estrangeiros. \u201cFoi um dos melhores per\u00edodos para o nosso neg\u00f3cio, com muita gente de fora e um faturamento acima do esperado. Atendemos turistas dos Estados Unidos, Argentina, Portugal e outros pa\u00edses\u201d, disse.<\/p>\n\n\n\n<p>\u201cFoi uma grande virada de ano, trazendo pessoas e consolidando um fluxo de turistas que tem crescido cada vez mais ao longo de diferentes \u00e9pocas do ano. \u00c9 um destino que est\u00e1 sendo mais divulgado e descoberto pelos viajantes, ent\u00e3o tem muita gente que vem para pescar, para aproveitar as praias, conhecer as paisagens. Enfim, uma jun\u00e7\u00e3o de muitos fatores\u201d, contou Douglas Neves, propriet\u00e1rio da Pousada Porto do Sol, em Porto Rico.<\/p>\n\n\n\n<p><strong>LITORAL DO ESTADO<\/strong>&nbsp;\u2013&nbsp;Segundo dados do Sindicato Empresarial de Hospedagem e Alimenta\u00e7\u00e3o (SEHA), no mesmo per\u00edodo, o Litoral registrou taxa de ocupa\u00e7\u00e3o de 100% em seus munic\u00edpios. O total corresponde a cerca de mil hot\u00e9is e pousadas, o equivalente a 5 mil leitos.<\/p>\n\n\n\n<p>Segundo a Pol\u00edcia Militar, o Litoral do Estado registrou mais de 2 milh\u00f5es de pessoas no R\u00e9veillon. \u201cHouve turistas que, por deixarem para a \u00faltima hora, n\u00e3o conseguiram hospedagem, porque todos os hot\u00e9is estavam com lota\u00e7\u00e3o m\u00e1xima. A partir de 05 de janeiro, 50% das reservas j\u00e1 est\u00e3o efetuadas e devem aumentar com a procura por vagas direto no balc\u00e3o\u201d, explicou Nelson Cotovicz Filho, do SEHA Litoral.<\/p>\n\n\n\n<p>Na regi\u00e3o, o movimento n\u00e3o foi grande apenas em munic\u00edpios na beira da praia. Em Morretes \u2013 localizado a cerca de 50 km da cidade com linha costeira mais pr\u00f3xima \u2013, o restaurante Stazione serviu 3.668 refei\u00e7\u00f5es (barreado e frutos do mar) durante o per\u00edodo de festas de fim de ano. Isso representa um crescimento expressivo de 165%, na compara\u00e7\u00e3o com a mesma \u00e9poca do ano anterior \u2013 25 de dezembro a 05 de janeiro \u2013, que foi de 1.379 refei\u00e7\u00f5es.<\/p>\n\n\n\n<p>AEN\/PR<\/p>\n","protected":false},"excerpt":{"rendered":"<p>O Paran\u00e1 come\u00e7a 2026 com bons indicadores ligados ao turismo. No per\u00edodo das festas de fim de ano, a rede hoteleira das praias de \u00e1gua doce paranaenses, localizadas na regi\u00e3o Noroeste, registrou ocupa\u00e7\u00e3o de 100% em hot\u00e9is e pousadas, fruto da promo\u00e7\u00e3o do Estado aos turistas, programa\u00e7\u00f5es do Ver\u00e3o Maior Paran\u00e1, atrativos especiais e paisagens [&hellip;]<\/p>\n","protected":false},"author":2,"featured_media":75367,"comment_status":"open","ping_status":"open","sticky":false,"template":"","format":"standard","meta":{"advanced_seo_description":"","jetpack_seo_html_title":"","jetpack_seo_noindex":false,"_jetpack_memberships_contains_paid_content":false,"footnotes":""},"categories":[40],"tags":[],"class_list":{"0":"post-75366","1":"post","2":"type-post","3":"status-publish","4":"format-standard","5":"has-post-thumbnail","7":"category-destaques"},"jetpack_featured_media_url":"https:\/\/www.paranapraia.com.br\/wp-content\/uploads\/2026\/01\/prefeitura_de_marilena_1.jpg","jetpack_sharing_enabled":true,"_links":{"self":[{"href":"https:\/\/www.paranapraia.com.br\/index.php\/wp-json\/wp\/v2\/posts\/75366"}],"collection":[{"href":"https:\/\/www.paranapraia.com.br\/index.php\/wp-json\/wp\/v2\/posts"}],"about":[{"href":"https:\/\/www.paranapraia.com.br\/index.php\/wp-json\/wp\/v2\/types\/post"}],"author":[{"embeddable":true,"href":"https:\/\/www.paranapraia.com.br\/index.php\/wp-json\/wp\/v2\/users\/2"}],"replies":[{"embeddable":true,"href":"https:\/\/www.paranapraia.com.br\/index.php\/wp-json\/wp\/v2\/comments?post=75366"}],"version-history":[{"count":1,"href":"https:\/\/www.paranapraia.com.br\/index.php\/wp-json\/wp\/v2\/posts\/75366\/revisions"}],"predecessor-version":[{"id":75368,"href":"https:\/\/www.paranapraia.com.br\/index.php\/wp-json\/wp\/v2\/posts\/75366\/revisions\/75368"}],"wp:featuredmedia":[{"embeddable":true,"href":"https:\/\/www.paranapraia.com.br\/index.php\/wp-json\/wp\/v2\/media\/75367"}],"wp:attachment":[{"href":"https:\/\/www.paranapraia.com.br\/index.php\/wp-json\/wp\/v2\/media?parent=75366"}],"wp:term":[{"taxonomy":"category","embeddable":true,"href":"https:\/\/www.paranapraia.com.br\/index.php\/wp-json\/wp\/v2\/categories?post=75366"},{"taxonomy":"post_tag","embeddable":true,"href":"https:\/\/www.paranapraia.com.br\/index.php\/wp-json\/wp\/v2\/tags?post=75366"}],"curies":[{"name":"wp","href":"https:\/\/api.w.org\/{rel}","templated":true}]}}