{"id":75363,"date":"2026-01-06T15:37:18","date_gmt":"2026-01-06T18:37:18","guid":{"rendered":"https:\/\/www.paranapraia.com.br\/?p=75363"},"modified":"2026-01-06T15:37:20","modified_gmt":"2026-01-06T18:37:20","slug":"para-todas-as-idades-arenas-esportivas-do-verao-maior-ja-fizeram-374-mil-atendimentos","status":"publish","type":"post","link":"https:\/\/www.paranapraia.com.br\/index.php\/2026\/01\/06\/para-todas-as-idades-arenas-esportivas-do-verao-maior-ja-fizeram-374-mil-atendimentos\/","title":{"rendered":"Para todas as idades: arenas esportivas do Ver\u00e3o Maior j\u00e1 fizeram 374 mil atendimentos"},"content":{"rendered":"\n<p>De massagem a empr\u00e9stimo de livros, de educa\u00e7\u00e3o ambiental a seguran\u00e7a no tr\u00e2nsito, al\u00e9m de uma s\u00e9rie de atividades esportivas e de recrea\u00e7\u00e3o. As Arenas Ver\u00e3o Maior Paran\u00e1 montadas no Litoral e nas Costa Noroeste j\u00e1 prestaram 374.397 atendimentos desde o dia 28 de dezembro e est\u00e3o bombando nas orlas das cidades do Litoral.&nbsp;<\/p>\n\n\n\n<p>Foram 122.376 atendimentos no primeiro fim de semana de atividades, nos dias 28 e 29 de dezembro, e 252.021 atendimentos na primeira semana completa, entre os dias 30 de dezembro e 4 de janeiro. As atividades s\u00e3o gratuitas, podem ser acessada por p\u00fablicos de todas as idades e seguem at\u00e9 o dia 1\u00ba de fevereiro.<\/p>\n\n\n\n<p>As estruturas foram montadas pelo Governo do Estado em 10 locais diferentes: sete no Litoral, espalhados por balne\u00e1rios de Matinhos, Pontal do Paran\u00e1, Guaratuba e tamb\u00e9m em Paranagu\u00e1; e tr\u00eas na Costa Noroeste, em Porto Rico, Porto S\u00e3o Jos\u00e9 (S\u00e3o Pedro do Paran\u00e1) e Porto Maring\u00e1 (Marilena).&nbsp;<\/p>\n\n\n\n<p>Nesses locais, as equipes de acad\u00eamicos contratadas pela Secretaria de Estado do Esporte desenvolve uma s\u00e9rie de atividades, principalmente para crian\u00e7as, com estrutura de escalada, tirolesa, quadras e empr\u00e9stimo de materiais para a pr\u00e1tica de v\u00f4lei de praia, beach tennis, futebol de areia, futmesa, jogos, dan\u00e7a e recrea\u00e7\u00e3o.<\/p>\n\n\n\n<p>\u201cEssas estruturas de esporte e lazer s\u00e3o voltadas para os veranistas e a popula\u00e7\u00e3o que aproveita a temporada nas nossas praias do Litoral e nas prainhas de \u00e1gua doce no Noroeste\u201d, explicou o secret\u00e1rio estadual do Esporte e coordenador do Ver\u00e3o Maior Paran\u00e1, Helio Wirbiski. &#8220;Isso tamb\u00e9m ajuda a fomentar a economia, trazendo investimentos e gerando empregos no Litoral\u201d.&nbsp;<\/p>\n\n\n\n<p>A estrutura tamb\u00e9m conta com outras atividades ofertadas pelas secretarias e \u00f3rg\u00e3os estaduais e outros parceiros. Est\u00e3o presentes nas arenas as secretarias estaduais do Desenvolvimento Social e Fam\u00edlia (Sedef); do Turismo; da Seguran\u00e7a P\u00fablica (Sesp); do Trabalho, Qualifica\u00e7\u00e3o e Renda; das Cidades (Secid); da Cultura; da Ci\u00eancia, Tecnologia e Ensino Superior; da Mulher, Igualdade Racial e Pessoa Idosa (Semipi); do Desenvolvimento Sustent\u00e1vel; Sanepar, Copel, Instituto \u00c1gua e Terra (IAT), Detran\/PR e Hospital Erasto Gaertner.<\/p>\n\n\n\n<figure class=\"wp-block-image\"><img decoding=\"async\" src=\"https:\/\/www.parana.pr.gov.br\/sites\/default\/arquivos_restritos\/files\/imagem\/2026-01\/foto-41.jpg\" alt=\"-\"\/><figcaption class=\"wp-element-caption\">Foto: Felipe Henschel\/AEN<\/figcaption><\/figure>\n\n\n\n<figure class=\"wp-block-image\"><img decoding=\"async\" src=\"https:\/\/www.parana.pr.gov.br\/sites\/default\/arquivos_restritos\/files\/imagem\/2026-01\/foto-3_1.jpg\" alt=\"-\"\/><figcaption class=\"wp-element-caption\">Foto: Felipe Henschel\/AEN<\/figcaption><\/figure>\n\n\n\n<p><br><strong>FAM\u00cdLIAS APROVAM<\/strong>&nbsp;\u2013 A estrutura e as atividades ofertadas pelo Governo do Estado no Ver\u00e3o Maior Paran\u00e1 s\u00e3o aprovadas pelas fam\u00edlias que passam a temporada na praia. A professora Hemanuelli Claudino dos Santos, que \u00e9 de Curitiba, mas frequenta Caiob\u00e1 desde crian\u00e7a e agora aproveita o ver\u00e3o com as filhas.<\/p>\n\n\n\n<p>\u201cMeu pai tem casa na regi\u00e3o, ent\u00e3o ficamos o m\u00eas todo. Como sou professora, aproveito para tirar f\u00e9rias junto com as minhas filhas e passamos esse per\u00edodo aqui. Eu frequento a praia desde crian\u00e7a e a gente percebe que houve uma mudan\u00e7a radical nos \u00faltimos anos\u201d, conta. \u201cTenho duas filhas e a gente aproveita bem a estrutura com elas. Aqui tem muita coisa para fazer; elas amam os shows e estamos sempre por perto da arena por causa das brincadeiras. Tem bastante op\u00e7\u00e3o para elas se divertirem e elas est\u00e3o aproveitando absolutamente tudo\u201d.<\/p>\n\n\n\n<p>O montador Willian dos Santos, de Curitiba, tamb\u00e9m trouxe a fam\u00edlia para curtir o ver\u00e3o em Caiob\u00e1. \u201cAs crian\u00e7as t\u00eam gostado bastante. J\u00e1 participaram da escalada e de outras atividades, pegam os brindes que est\u00e3o distribuindo. O pessoal \u00e9 bem parceiro e alegre\u201d, conta.<\/p>\n\n\n\n<p>\u201cSempre viemos para o Litoral nessa \u00e9poca, meu pai tem casa aqui, ent\u00e3o costumamos vir no final do ano. Gostamos desse per\u00edodo justamente porque sabemos que haver\u00e1 essas atividades e que as crian\u00e7as v\u00e3o aproveitar\u201d, destaca. \u201cComo sempre montam essa estrutura aqui, j\u00e1 virou uma tradi\u00e7\u00e3o. Ano passado j\u00e1 t\u00ednhamos vindo, minha filha Alice fez a escalada e adorou. Este ano, estamos voltando novamente\u201d.<\/p>\n\n\n\n<p><strong>PRAIA ACESS\u00cdVEL<\/strong>\u00a0&#8211; As arenas tamb\u00e9m s\u00e3o bases do\u00a0programa Praia Acess\u00edvel. Apenas na primeira semana de funcionamento, foram registrados\u00a0250 atendimentos a pessoas com defici\u00eancia ou mobilidade reduzida\u00a0em pontos do Litoral e do Interior do Paran\u00e1. O Praia Acess\u00edvel funciona de ter\u00e7a a domingo, das 8h \u00e0s 12h e das 15h \u00e0s 19h, at\u00e9 1\u00ba de fevereiro de 2026, com per\u00edodos adicionais em algumas regi\u00f5es.<\/p>\n\n\n\n<p><strong>Confira os endere\u00e7os:<\/strong><\/p>\n\n\n\n<p><strong>Litoral<\/strong><\/p>\n\n\n\n<p>Caiob\u00e1 \u2013 Arena Ver\u00e3o Maior e posto de atendimento \u2013 Avenida Atl\u00e2ntica, entre as ruas Apucarana, Paranagu\u00e1 e Ponta Grossa<\/p>\n\n\n\n<p>Guaratuba \u2013 Praia do Cristo, no final da Avenida Atl\u00e2ntica<\/p>\n\n\n\n<p>Balne\u00e1rio Riviera (Matinhos) \u2013 Avenida Beira Mar, entre as ruas Umuarama e Toledo<\/p>\n\n\n\n<p>Balne\u00e1rio Ipanema (Pontal do Paran\u00e1) \u2013 Avenida Deputado An\u00edbal Khury, no final da Avenida S\u00e3o Lu\u00eds<\/p>\n\n\n\n<p>Shangri-l\u00e1 (Pontal do Paran\u00e1) \u2013 Avenida Deputado An\u00edbal Khury, no final da Avenida Edo Puhl<\/p>\n\n\n\n<p>Praia de Leste (Pontal do Paran\u00e1) \u2013 Avenida Deputado An\u00edbal Khury, no final da Rua Rio Grande do Norte<\/p>\n\n\n\n<p>Paranagu\u00e1 \u2013 Aeroparque \u2013 Avenida Gov. Bento Munhoz da Rocha Neto<\/p>\n\n\n\n<p><strong>Costa Noroeste<\/strong><\/p>\n\n\n\n<p>Porto S\u00e3o Jos\u00e9 (S\u00e3o Pedro do Paran\u00e1) \u2013 Avenida Paran\u00e1<\/p>\n\n\n\n<p>Prainha de Porto Rico&nbsp;<\/p>\n\n\n\n<p>Barranca de Porto Maring\u00e1, no munic\u00edpio de Marilena<\/p>\n\n\n\n<p>AEN\/PR<\/p>\n","protected":false},"excerpt":{"rendered":"<p>De massagem a empr\u00e9stimo de livros, de educa\u00e7\u00e3o ambiental a seguran\u00e7a no tr\u00e2nsito, al\u00e9m de uma s\u00e9rie de atividades esportivas e de recrea\u00e7\u00e3o. As Arenas Ver\u00e3o Maior Paran\u00e1 montadas no Litoral e nas Costa Noroeste j\u00e1 prestaram 374.397 atendimentos desde o dia 28 de dezembro e est\u00e3o bombando nas orlas das cidades do Litoral.&nbsp; Foram [&hellip;]<\/p>\n","protected":false},"author":2,"featured_media":75364,"comment_status":"open","ping_status":"open","sticky":false,"template":"","format":"standard","meta":{"advanced_seo_description":"","jetpack_seo_html_title":"","jetpack_seo_noindex":false,"_jetpack_memberships_contains_paid_content":false,"footnotes":""},"categories":[40],"tags":[],"class_list":{"0":"post-75363","1":"post","2":"type-post","3":"status-publish","4":"format-standard","5":"has-post-thumbnail","7":"category-destaques"},"jetpack_featured_media_url":"https:\/\/www.paranapraia.com.br\/wp-content\/uploads\/2026\/01\/foto-54-scaled.jpg","jetpack_sharing_enabled":true,"_links":{"self":[{"href":"https:\/\/www.paranapraia.com.br\/index.php\/wp-json\/wp\/v2\/posts\/75363"}],"collection":[{"href":"https:\/\/www.paranapraia.com.br\/index.php\/wp-json\/wp\/v2\/posts"}],"about":[{"href":"https:\/\/www.paranapraia.com.br\/index.php\/wp-json\/wp\/v2\/types\/post"}],"author":[{"embeddable":true,"href":"https:\/\/www.paranapraia.com.br\/index.php\/wp-json\/wp\/v2\/users\/2"}],"replies":[{"embeddable":true,"href":"https:\/\/www.paranapraia.com.br\/index.php\/wp-json\/wp\/v2\/comments?post=75363"}],"version-history":[{"count":1,"href":"https:\/\/www.paranapraia.com.br\/index.php\/wp-json\/wp\/v2\/posts\/75363\/revisions"}],"predecessor-version":[{"id":75365,"href":"https:\/\/www.paranapraia.com.br\/index.php\/wp-json\/wp\/v2\/posts\/75363\/revisions\/75365"}],"wp:featuredmedia":[{"embeddable":true,"href":"https:\/\/www.paranapraia.com.br\/index.php\/wp-json\/wp\/v2\/media\/75364"}],"wp:attachment":[{"href":"https:\/\/www.paranapraia.com.br\/index.php\/wp-json\/wp\/v2\/media?parent=75363"}],"wp:term":[{"taxonomy":"category","embeddable":true,"href":"https:\/\/www.paranapraia.com.br\/index.php\/wp-json\/wp\/v2\/categories?post=75363"},{"taxonomy":"post_tag","embeddable":true,"href":"https:\/\/www.paranapraia.com.br\/index.php\/wp-json\/wp\/v2\/tags?post=75363"}],"curies":[{"name":"wp","href":"https:\/\/api.w.org\/{rel}","templated":true}]}}