{"id":75339,"date":"2026-01-06T09:15:45","date_gmt":"2026-01-06T12:15:45","guid":{"rendered":"https:\/\/www.paranapraia.com.br\/?p=75339"},"modified":"2026-01-06T09:15:48","modified_gmt":"2026-01-06T12:15:48","slug":"shows-gratuitos-mpb-rock-e-sertanejo-agitam-a-1a-semana-dos-palcos-sunset-no-litoral","status":"publish","type":"post","link":"https:\/\/www.paranapraia.com.br\/index.php\/2026\/01\/06\/shows-gratuitos-mpb-rock-e-sertanejo-agitam-a-1a-semana-dos-palcos-sunset-no-litoral\/","title":{"rendered":"Shows gratuitos: MPB, rock e sertanejo agitam a 1\u00aa semana dos Palcos Sunset no Litoral"},"content":{"rendered":"\n<p>A programa\u00e7\u00e3o dos Palcos Sunset do&nbsp;<a href=\"https:\/\/www.verao.pr.gov.br\/\" target=\"_blank\" rel=\"noreferrer noopener\">Ver\u00e3o Maior Paran\u00e1<\/a>&nbsp;entra em ritmo cont\u00ednuo a partir desta semana, com shows gratuitos de artistas paranaenses de ter\u00e7a a s\u00e1bado, ao longo de todo o m\u00eas de janeiro. A partir desta ter\u00e7a-feira (6), moradores e veranistas do Litoral e das prainhas de \u00e1gua doce do Noroeste do Estado poder\u00e3o acompanhar a agenda completa das apresenta\u00e7\u00f5es.&nbsp;<\/p>\n\n\n\n<p>Os shows acontecem no fim da tarde e in\u00edcio da noite, a partir das 18h, nas praias de Caiob\u00e1, Guaratuba e Shangri-l\u00e1. Na regi\u00e3o Noroeste, os munic\u00edpios de Porto Rico e Porto S\u00e3o Jos\u00e9 tamb\u00e9m t\u00eam Palcos Sunset e recebem apresenta\u00e7\u00f5es a partir das 20h. A agenda de shows da semana pode ser conferida no final deste texto e nas redes oficiais do Governo do Paran\u00e1.<\/p>\n\n\n\n<p>Nesta ter\u00e7a-feira (06), o Palco Sunset de Caiob\u00e1 recebe a banda Maks Freire &amp; Alex, com um repert\u00f3rio voltado \u00e0 m\u00fasica popular e autoral, dialogando com o pop e o rock nacional. Em Guaratuba, o p\u00fablico confere a banda Atomic Appliance, conhecida na cena paranaense por suas influ\u00eancias do rock alternativo e apresenta\u00e7\u00f5es en\u00e9rgicas. J\u00e1 em Shangri-l\u00e1, o encontro \u00e9 com o m\u00fasico Agrichio, artista cai\u00e7ara nascido e criado na Ilha do Mel que trabalha entre a MPB e o rock\u2019n\u2019 roll.<\/p>\n\n\n\n<p>Os Palcos Sunset s\u00e3o uma realiza\u00e7\u00e3o da Secretaria de Estado da Cultura e PalcoParan\u00e1, e integram a programa\u00e7\u00e3o oficial do Ver\u00e3o Maior Paran\u00e1 com atra\u00e7\u00f5es de diferentes g\u00eaneros musicais. A ideia \u00e9 valorizar a produ\u00e7\u00e3o art\u00edstica local, ampliando o acesso da popula\u00e7\u00e3o \u00e0 cultura durante a temporada de ver\u00e3o. As apresenta\u00e7\u00f5es s\u00e3o gratuitas e acontecem em palcos montados em diferentes regi\u00f5es do Estado, convidando o p\u00fablico a aproveitar o ver\u00e3o com m\u00fasica e lazer.<\/p>\n\n\n\n<p>Selecionados por meio de edital de chamamento p\u00fablico, os shows refor\u00e7am o compromisso do Governo do Estado com a descentraliza\u00e7\u00e3o cultural, o fortalecimento da economia criativa e a circula\u00e7\u00e3o de artistas paranaenses em diversos territ\u00f3rios.<\/p>\n\n\n\n<p>\u201cO Ver\u00e3o Maior Paran\u00e1 \u00e9 uma pol\u00edtica p\u00fablica que amplia o acesso da popula\u00e7\u00e3o \u00e0s atividades culturais durante o ver\u00e3o. Os Palcos Sunset permitem que artistas paranaenses circulem pelo Estado e que o p\u00fablico tenha contato com uma programa\u00e7\u00e3o diversa, gratuita e de qualidade\u201d, afirma a secret\u00e1ria de Estado da Cultura, Luciana Casagrande Pereira.<\/p>\n\n\n\n<p><strong>Confira abaixo a programa\u00e7\u00e3o da semana:<\/strong><\/p>\n\n\n\n<p><strong>Palco Sunset Shangri-l\u00e1<\/strong><\/p>\n\n\n\n<p>6 de janeiro \u00e0s 18h&nbsp; \u2013 Agrichio<\/p>\n\n\n\n<p>13 de janeiro \u00e0s 18h &#8211; Alana Marques<\/p>\n\n\n\n<p>20 de janeiro \u00e0s 18h &#8211; Banda Sr. Oilson<\/p>\n\n\n\n<p><strong>Palco Sunset Caiob\u00e1&nbsp;<\/strong><\/p>\n\n\n\n<p>6 de janeiro \u00e0s 18h \u2013 Diego Leonardo<\/p>\n\n\n\n<p>7 de janeiro \u00e0s 18h \u2013 Banda Maks Freire &amp; Alex<\/p>\n\n\n\n<p>8 de janeiro \u00e0s 18h \u2013 Ciro Morais e Banda<\/p>\n\n\n\n<p>9 de janeiro \u00e0s 18h &#8211; Irm\u00e3os Jovino<\/p>\n\n\n\n<p>10 de janeiro \u00e0s 18h &#8211; Banda Namast\u00ea<\/p>\n\n\n\n<p><strong>Palco Sunset Guaratuba<\/strong><\/p>\n\n\n\n<p>7 de janeiro \u00e0s 18h \u2013 Atomic Appliance<\/p>\n\n\n\n<p>8 de janeiro \u00e0s 18h \u2013 Relesp\u00fablica<\/p>\n\n\n\n<p>9 de janeiro \u00e0s 18h \u2013 Djambi<\/p>\n\n\n\n<p>10 de janeiro \u00e0s 18h \u2013 Let\u00edcia Sabatella e Juliano Hollanda<\/p>\n\n\n\n<p><strong>Palco Sunset Porto Rico<\/strong><\/p>\n\n\n\n<p>&nbsp;9 de janeiro \u00e0s 20h \u2013 Jota Jr. e Rodrigo<\/p>\n\n\n\n<p><strong>Palco Sunset Porto S\u00e3o Jos\u00e9<\/strong><\/p>\n\n\n\n<p>10 de janeiro \u00e0s 20h \u2013 Banda Garraf\u00e3o<\/p>\n\n\n\n<p>AEN\/PR<\/p>\n","protected":false},"excerpt":{"rendered":"<p>A programa\u00e7\u00e3o dos Palcos Sunset do&nbsp;Ver\u00e3o Maior Paran\u00e1&nbsp;entra em ritmo cont\u00ednuo a partir desta semana, com shows gratuitos de artistas paranaenses de ter\u00e7a a s\u00e1bado, ao longo de todo o m\u00eas de janeiro. A partir desta ter\u00e7a-feira (6), moradores e veranistas do Litoral e das prainhas de \u00e1gua doce do Noroeste do Estado poder\u00e3o acompanhar [&hellip;]<\/p>\n","protected":false},"author":2,"featured_media":75340,"comment_status":"open","ping_status":"open","sticky":false,"template":"","format":"standard","meta":{"advanced_seo_description":"","jetpack_seo_html_title":"","jetpack_seo_noindex":false,"_jetpack_memberships_contains_paid_content":false,"footnotes":""},"categories":[40],"tags":[],"class_list":{"0":"post-75339","1":"post","2":"type-post","3":"status-publish","4":"format-standard","5":"has-post-thumbnail","7":"category-destaques"},"jetpack_featured_media_url":"https:\/\/www.paranapraia.com.br\/wp-content\/uploads\/2026\/01\/maks_freire_e_alex.jpg","jetpack_sharing_enabled":true,"_links":{"self":[{"href":"https:\/\/www.paranapraia.com.br\/index.php\/wp-json\/wp\/v2\/posts\/75339"}],"collection":[{"href":"https:\/\/www.paranapraia.com.br\/index.php\/wp-json\/wp\/v2\/posts"}],"about":[{"href":"https:\/\/www.paranapraia.com.br\/index.php\/wp-json\/wp\/v2\/types\/post"}],"author":[{"embeddable":true,"href":"https:\/\/www.paranapraia.com.br\/index.php\/wp-json\/wp\/v2\/users\/2"}],"replies":[{"embeddable":true,"href":"https:\/\/www.paranapraia.com.br\/index.php\/wp-json\/wp\/v2\/comments?post=75339"}],"version-history":[{"count":1,"href":"https:\/\/www.paranapraia.com.br\/index.php\/wp-json\/wp\/v2\/posts\/75339\/revisions"}],"predecessor-version":[{"id":75341,"href":"https:\/\/www.paranapraia.com.br\/index.php\/wp-json\/wp\/v2\/posts\/75339\/revisions\/75341"}],"wp:featuredmedia":[{"embeddable":true,"href":"https:\/\/www.paranapraia.com.br\/index.php\/wp-json\/wp\/v2\/media\/75340"}],"wp:attachment":[{"href":"https:\/\/www.paranapraia.com.br\/index.php\/wp-json\/wp\/v2\/media?parent=75339"}],"wp:term":[{"taxonomy":"category","embeddable":true,"href":"https:\/\/www.paranapraia.com.br\/index.php\/wp-json\/wp\/v2\/categories?post=75339"},{"taxonomy":"post_tag","embeddable":true,"href":"https:\/\/www.paranapraia.com.br\/index.php\/wp-json\/wp\/v2\/tags?post=75339"}],"curies":[{"name":"wp","href":"https:\/\/api.w.org\/{rel}","templated":true}]}}