{"id":75281,"date":"2026-01-03T11:58:52","date_gmt":"2026-01-03T14:58:52","guid":{"rendered":"https:\/\/www.paranapraia.com.br\/?p=75281"},"modified":"2026-01-03T11:58:54","modified_gmt":"2026-01-03T14:58:54","slug":"acao-e-prevencao-bombeiros-fazem-52-mil-orientacoes-aos-banhistas-no-litoral","status":"publish","type":"post","link":"https:\/\/www.paranapraia.com.br\/index.php\/2026\/01\/03\/acao-e-prevencao-bombeiros-fazem-52-mil-orientacoes-aos-banhistas-no-litoral\/","title":{"rendered":"A\u00e7\u00e3o e preven\u00e7\u00e3o: bombeiros fazem 52 mil orienta\u00e7\u00f5es aos banhistas no Litoral"},"content":{"rendered":"\n<p>O Corpo de Bombeiros Militar do Paran\u00e1 (CBMPR) mant\u00e9m atua\u00e7\u00e3o permanente no Litoral do Estado durante a temporada, com foco na preven\u00e7\u00e3o de acidentes, no salvamento aqu\u00e1tico e na orienta\u00e7\u00e3o de moradores e turistas que frequentam as praias paranaenses. Desde o in\u00edcio do Ver\u00e3o Maior Paran\u00e1, as equipes est\u00e3o mobilizadas com a\u00e7\u00f5es cont\u00ednuas de seguran\u00e7a e atendimento \u00e0 popula\u00e7\u00e3o.<\/p>\n\n\n\n<p>De acordo com balan\u00e7o referente ao per\u00edodo de 19 a 31 de dezembro, foram realizadas 52.725 orienta\u00e7\u00f5es aos banhistas, emitidas 16.856 advert\u00eancias preventivas e desenvolvidas 4.582 a\u00e7\u00f5es de preven\u00e7\u00e3o, refor\u00e7ando o trabalho educativo nas praias.<\/p>\n\n\n\n<p>Os bombeiros tamb\u00e9m localizaram 289 crian\u00e7as e distribu\u00edram 4.060 pulseirinhas de identifica\u00e7\u00e3o, contribuindo para a seguran\u00e7a das fam\u00edlias durante a temporada.<\/p>\n\n\n\n<ul class=\"wp-block-list\">\n<li><strong><a href=\"https:\/\/www.parana.pr.gov.br\/aen\/Noticia\/Governo-inicia-atividades-dos-postos-fixos-do-Verao-Maior-Parana-20252026\" target=\"_blank\" rel=\"noreferrer noopener\">Governo inicia as atividades dos postos fixos do Ver\u00e3o Maior Paran\u00e1 2025\/2026<\/a><\/strong><\/li>\n<\/ul>\n\n\n\n<p>\u201cAfogamento n\u00e3o \u00e9 acidente, ele pode ser evitado. Por isso, o CBMPR tem investido maci\u00e7amente em campanhas de preven\u00e7\u00e3o, orienta\u00e7\u00f5es e advert\u00eancias ao banhista. A preven\u00e7\u00e3o \u00e9 a melhor solu\u00e7\u00e3o para o afogamento. Assim, a orienta\u00e7\u00e3o \u00e9 banhar-se em frente a um posto de guarda-vidas, dentro do hor\u00e1rio de funcionamento dos postos, das 8h \u00e0s 19h\u201d, ressalta a capit\u00e3 do CBMPR, Tamires Pereira.<\/p>\n\n\n\n<p>As equipes tamb\u00e9m atuaram em 269 resgates aqu\u00e1ticos. Entre as v\u00edtimas atendidas, 23 apresentaram grau 1 de afogamento; duas grau 2; tr\u00eas grau 3; e duas grau 6, com a confirma\u00e7\u00e3o de um \u00f3bito, registrado dia 21 de dezembro, em Matinhos. No caso, um homem, de 38 anos, entrou no mar acompanhado das duas filhas em uma \u00e1rea fora do alcance de atua\u00e7\u00e3o dos postos de guarda-vidas. &nbsp;<\/p>\n\n\n\n<p>As crian\u00e7as conseguiram sair da \u00e1gua pelas pedras, enquanto o homem passou a apresentar dificuldades. No atendimento, foram empregados recursos especializados, incluindo a aeronave Arcanjo 01, que realizou o transporte at\u00e9 a UPA Praia Grande, onde, apesar dos procedimentos realizados, o \u00f3bito foi constatado.<\/p>\n\n\n\n<p>Al\u00e9m dos resgates, os bombeiros atenderam 1.604 ocorr\u00eancias envolvendo \u00e1gua-viva, garantindo resposta r\u00e1pida e apoio aos banhistas sempre que necess\u00e1rio.<\/p>\n\n\n\n<p>O CBMPR refor\u00e7a que a preven\u00e7\u00e3o e o respeito \u00e0s sinaliza\u00e7\u00f5es e orienta\u00e7\u00f5es dos guarda-vidas s\u00e3o fundamentais para a seguran\u00e7a no Litoral paranaense durante a temporada de ver\u00e3o.<\/p>\n","protected":false},"excerpt":{"rendered":"<p>O Corpo de Bombeiros Militar do Paran\u00e1 (CBMPR) mant\u00e9m atua\u00e7\u00e3o permanente no Litoral do Estado durante a temporada, com foco na preven\u00e7\u00e3o de acidentes, no salvamento aqu\u00e1tico e na orienta\u00e7\u00e3o de moradores e turistas que frequentam as praias paranaenses. Desde o in\u00edcio do Ver\u00e3o Maior Paran\u00e1, as equipes est\u00e3o mobilizadas com a\u00e7\u00f5es cont\u00ednuas de seguran\u00e7a [&hellip;]<\/p>\n","protected":false},"author":2,"featured_media":75282,"comment_status":"open","ping_status":"open","sticky":false,"template":"","format":"standard","meta":{"advanced_seo_description":"","jetpack_seo_html_title":"","jetpack_seo_noindex":false,"_jetpack_memberships_contains_paid_content":false,"footnotes":""},"categories":[40,802,1545],"tags":[366,316],"class_list":{"0":"post-75281","1":"post","2":"type-post","3":"status-publish","4":"format-standard","5":"has-post-thumbnail","7":"category-destaques","8":"category-seguranca","9":"category-verao-maior","10":"tag-corpo-de-bombeiros","11":"tag-litoral"},"jetpack_featured_media_url":"https:\/\/www.paranapraia.com.br\/wp-content\/uploads\/2026\/01\/balanco_bombeiros_ricardoalmeida4.jpg","jetpack_sharing_enabled":true,"_links":{"self":[{"href":"https:\/\/www.paranapraia.com.br\/index.php\/wp-json\/wp\/v2\/posts\/75281"}],"collection":[{"href":"https:\/\/www.paranapraia.com.br\/index.php\/wp-json\/wp\/v2\/posts"}],"about":[{"href":"https:\/\/www.paranapraia.com.br\/index.php\/wp-json\/wp\/v2\/types\/post"}],"author":[{"embeddable":true,"href":"https:\/\/www.paranapraia.com.br\/index.php\/wp-json\/wp\/v2\/users\/2"}],"replies":[{"embeddable":true,"href":"https:\/\/www.paranapraia.com.br\/index.php\/wp-json\/wp\/v2\/comments?post=75281"}],"version-history":[{"count":1,"href":"https:\/\/www.paranapraia.com.br\/index.php\/wp-json\/wp\/v2\/posts\/75281\/revisions"}],"predecessor-version":[{"id":75283,"href":"https:\/\/www.paranapraia.com.br\/index.php\/wp-json\/wp\/v2\/posts\/75281\/revisions\/75283"}],"wp:featuredmedia":[{"embeddable":true,"href":"https:\/\/www.paranapraia.com.br\/index.php\/wp-json\/wp\/v2\/media\/75282"}],"wp:attachment":[{"href":"https:\/\/www.paranapraia.com.br\/index.php\/wp-json\/wp\/v2\/media?parent=75281"}],"wp:term":[{"taxonomy":"category","embeddable":true,"href":"https:\/\/www.paranapraia.com.br\/index.php\/wp-json\/wp\/v2\/categories?post=75281"},{"taxonomy":"post_tag","embeddable":true,"href":"https:\/\/www.paranapraia.com.br\/index.php\/wp-json\/wp\/v2\/tags?post=75281"}],"curies":[{"name":"wp","href":"https:\/\/api.w.org\/{rel}","templated":true}]}}