{"id":75266,"date":"2025-12-30T14:08:04","date_gmt":"2025-12-30T17:08:04","guid":{"rendered":"https:\/\/www.paranapraia.com.br\/?p=75266"},"modified":"2025-12-30T14:08:08","modified_gmt":"2025-12-30T17:08:08","slug":"noticia-boa-parana-verao-maior-impulsiona-esporte-cultura-e-turismo","status":"publish","type":"post","link":"https:\/\/www.paranapraia.com.br\/index.php\/2025\/12\/30\/noticia-boa-parana-verao-maior-impulsiona-esporte-cultura-e-turismo\/","title":{"rendered":"Not\u00edcia Boa Paran\u00e1: Ver\u00e3o Maior impulsiona esporte, cultura e turismo"},"content":{"rendered":"\n<p>O Ver\u00e3o Maior \u00e9 tema do s\u00e9timo epis\u00f3dio do podcast Not\u00edcia Boa Paran\u00e1. Desta vez, o programa recebe dois convidados: o diretor de Inova\u00e7\u00e3o e Desenvolvimento do Esporte, Tiago Campos, e a diretora-presidente do Palco Paran\u00e1, Aline Campos de Assis.<\/p>\n\n\n\n<p>Produzido pela Secretaria de Estado da Comunica\u00e7\u00e3o (Secom), o programa tem como marca registrada um bate-papo descontra\u00eddo sobre temas relevantes para o desenvolvimento do Estado. O epis\u00f3dio pode ser acompanhado em \u00e1udio e v\u00eddeo no canal oficial do Governo do Estado no&nbsp;<strong><a href=\"https:\/\/www.youtube.com\/c\/GovernoParan%C3%A1Oficial\" target=\"_blank\" rel=\"noreferrer noopener\">YouTube<\/a><\/strong>&nbsp;e no&nbsp;<strong><a href=\"https:\/\/open.spotify.com\/user\/31w6k2atiodkdwgkrs5mgj7lnf3y\" target=\"_blank\" rel=\"noreferrer noopener\">Spotify<\/a><\/strong>.&nbsp;<\/p>\n\n\n\n<p>Neste epis\u00f3dio, os interessados v\u00e3o entender como o programa do Governo do Estado consolidou o Litoral como um dos principais destinos tur\u00edsticos do Pa\u00eds e se tornou um motor de desenvolvimento regional.<\/p>\n\n\n\n<p>Na edi\u00e7\u00e3o 2025\/2026, as atividades esportivas come\u00e7am com a Corrida da Virada, em 31 de dezembro, e terminam com a Copa Litoral de Beach Tennis, em mar\u00e7o. Ao todo, ser\u00e3o mais de 100 atividades voltadas tanto para atletas quanto para as fam\u00edlias. Os eventos, mais uma vez, v\u00e3o transformar os balne\u00e1rios do Litoral e do Noroeste em palcos de competi\u00e7\u00f5es, recrea\u00e7\u00e3o e a\u00e7\u00f5es de promo\u00e7\u00e3o da sa\u00fade.<\/p>\n","protected":false},"excerpt":{"rendered":"<p>O Ver\u00e3o Maior \u00e9 tema do s\u00e9timo epis\u00f3dio do podcast Not\u00edcia Boa Paran\u00e1. Desta vez, o programa recebe dois convidados: o diretor de Inova\u00e7\u00e3o e Desenvolvimento do Esporte, Tiago Campos, e a diretora-presidente do Palco Paran\u00e1, Aline Campos de Assis. Produzido pela Secretaria de Estado da Comunica\u00e7\u00e3o (Secom), o programa tem como marca registrada um [&hellip;]<\/p>\n","protected":false},"author":2,"featured_media":75267,"comment_status":"open","ping_status":"open","sticky":false,"template":"","format":"standard","meta":{"advanced_seo_description":"","jetpack_seo_html_title":"","jetpack_seo_noindex":false,"_jetpack_memberships_contains_paid_content":false,"footnotes":""},"categories":[80,1545],"tags":[],"class_list":{"0":"post-75266","1":"post","2":"type-post","3":"status-publish","4":"format-standard","5":"has-post-thumbnail","7":"category-verao","8":"category-verao-maior"},"jetpack_featured_media_url":"https:\/\/www.paranapraia.com.br\/wp-content\/uploads\/2025\/12\/whatsapp_image_2025-12-16_at_10.43.33_1_copiar.jpg","jetpack_sharing_enabled":true,"_links":{"self":[{"href":"https:\/\/www.paranapraia.com.br\/index.php\/wp-json\/wp\/v2\/posts\/75266"}],"collection":[{"href":"https:\/\/www.paranapraia.com.br\/index.php\/wp-json\/wp\/v2\/posts"}],"about":[{"href":"https:\/\/www.paranapraia.com.br\/index.php\/wp-json\/wp\/v2\/types\/post"}],"author":[{"embeddable":true,"href":"https:\/\/www.paranapraia.com.br\/index.php\/wp-json\/wp\/v2\/users\/2"}],"replies":[{"embeddable":true,"href":"https:\/\/www.paranapraia.com.br\/index.php\/wp-json\/wp\/v2\/comments?post=75266"}],"version-history":[{"count":1,"href":"https:\/\/www.paranapraia.com.br\/index.php\/wp-json\/wp\/v2\/posts\/75266\/revisions"}],"predecessor-version":[{"id":75268,"href":"https:\/\/www.paranapraia.com.br\/index.php\/wp-json\/wp\/v2\/posts\/75266\/revisions\/75268"}],"wp:featuredmedia":[{"embeddable":true,"href":"https:\/\/www.paranapraia.com.br\/index.php\/wp-json\/wp\/v2\/media\/75267"}],"wp:attachment":[{"href":"https:\/\/www.paranapraia.com.br\/index.php\/wp-json\/wp\/v2\/media?parent=75266"}],"wp:term":[{"taxonomy":"category","embeddable":true,"href":"https:\/\/www.paranapraia.com.br\/index.php\/wp-json\/wp\/v2\/categories?post=75266"},{"taxonomy":"post_tag","embeddable":true,"href":"https:\/\/www.paranapraia.com.br\/index.php\/wp-json\/wp\/v2\/tags?post=75266"}],"curies":[{"name":"wp","href":"https:\/\/api.w.org\/{rel}","templated":true}]}}