{"id":75189,"date":"2025-12-23T20:41:46","date_gmt":"2025-12-23T23:41:46","guid":{"rendered":"https:\/\/www.paranapraia.com.br\/?p=75189"},"modified":"2025-12-23T20:41:49","modified_gmt":"2025-12-23T23:41:49","slug":"prefeitura-de-paranagua-anuncia-pagamento-antecipado-de-beneficios-a-profissionais-da-educacao","status":"publish","type":"post","link":"https:\/\/www.paranapraia.com.br\/index.php\/2025\/12\/23\/prefeitura-de-paranagua-anuncia-pagamento-antecipado-de-beneficios-a-profissionais-da-educacao\/","title":{"rendered":"Prefeitura de Paranagu\u00e1 anuncia pagamento antecipado de benef\u00edcios a profissionais da educa\u00e7\u00e3o"},"content":{"rendered":"\n<p>A Prefeitura de Paranagu\u00e1 anunciou, na segunda-feira, dia 22, um pacote de pagamentos voltado aos profissionais da educa\u00e7\u00e3o municipal, que ser\u00e1 creditado j\u00e1 nesta quarta-feira, dia 24 de dezembro. O an\u00fancio foi feito pelo prefeito Adriano Ramos, ao lado do novo secret\u00e1rio municipal de Educa\u00e7\u00e3o, Thiago Nascimento, mais conhecido como Sonho.&nbsp;<\/p>\n\n\n\n<p>Segundo o prefeito, a medida s\u00f3 foi poss\u00edvel ap\u00f3s um amplo esfor\u00e7o de reorganiza\u00e7\u00e3o financeira da Administra\u00e7\u00e3o Municipal. Adriano Ramos destacou que a Prefeitura foi recebida com um d\u00e9ficit or\u00e7ament\u00e1rio de R$ 141 milh\u00f5es, cen\u00e1rio que exigiu decis\u00f5es duras e medidas estruturais para equilibrar as contas p\u00fablicas.<\/p>\n\n\n\n<p>\u201cCom muito trabalho, dedica\u00e7\u00e3o e horas investidas aqui no gabinete, conseguimos vencer essa dificuldade. Fizemos duas reformas administrativas, reduzimos secretarias, cargos comissionados e promovemos um corte significativo em contratos\u201d, afirmou o prefeito.<\/p>\n\n\n\n<p>Entre as medidas adotadas, Adriano ressaltou a redu\u00e7\u00e3o de R$ 25 milh\u00f5es em contratos, incluindo o contrato da merenda escolar, que teve uma economia de R$ 3 milh\u00f5es, mantendo, segundo ele, a mesma quantidade e qualidade dos alimentos oferecidos aos alunos da rede municipal.<\/p>\n\n\n\n<p><strong>Pagamento do ter\u00e7o de f\u00e9rias<\/strong><\/p>\n\n\n\n<p>O primeiro an\u00fancio feito pelo prefeito diz respeito ao pagamento do ter\u00e7o de f\u00e9rias dos professores. No dia 24 de dezembro, ser\u00e1 depositado o valor total de R$ 4,2 milh\u00f5es, destinado aos profissionais do magist\u00e9rio municipal.<\/p>\n\n\n\n<p>\u201cEsse recurso \u00e9 para que o professor possa utilizar durante o per\u00edodo de descanso, junto \u00e0 sua fam\u00edlia. \u00c9 uma forma concreta de valoriza\u00e7\u00e3o\u201d, destacou Adriano Ramos.<\/p>\n\n\n\n<p><strong>Quita\u00e7\u00e3o do retroativo acordado com o sindicato<\/strong><\/p>\n\n\n\n<p>Al\u00e9m do ter\u00e7o de f\u00e9rias, a Prefeitura tamb\u00e9m anunciou a quita\u00e7\u00e3o antecipada das parcelas do pagamento retroativo acordado com o Sindicato dos Servidores do Magist\u00e9rio Municipal de Paranagu\u00e1 (SISMMAP) e aprovado em assembleia da categoria. Restavam tr\u00eas parcelas previstas para os meses de janeiro, fevereiro e mar\u00e7o, que agora ser\u00e3o pagas integralmente tamb\u00e9m no dia 24 de dezembro.<\/p>\n\n\n\n<p>O valor total desse pagamento supera R$ 2 milh\u00f5es, somando-se ao montante j\u00e1 anunciado para o ter\u00e7o de f\u00e9rias.<\/p>\n\n\n\n<p>\u201cN\u00f3s vamos quitar essas parcelas agora. Esse \u00e9 o nosso compromisso com a educa\u00e7\u00e3o, um compromisso que assumi ainda quando era vereador e que hoje, como prefeito, tenho a satisfa\u00e7\u00e3o de cumprir\u201d, afirmou.<\/p>\n\n\n\n<p><strong>Compromisso com a valoriza\u00e7\u00e3o do magist\u00e9rio<\/strong><\/p>\n\n\n\n<p>O secret\u00e1rio municipal de Educa\u00e7\u00e3o, Thiago Sonho, refor\u00e7ou que a gest\u00e3o seguir\u00e1 priorizando o reconhecimento dos profissionais da \u00e1rea. \u201cEsse \u00e9 o nosso compromisso: valorizar sempre o profissional da educa\u00e7\u00e3o. Viva o magist\u00e9rio municipal\u201d, declarou.<\/p>\n\n\n\n<p>Ao final do an\u00fancio, o prefeito Adriano Ramos deixou uma mensagem aos servidores da educa\u00e7\u00e3o. \u201cNosso respeito, nossa admira\u00e7\u00e3o e nossa valoriza\u00e7\u00e3o pelo trabalho que voc\u00eas realizam aqui no munic\u00edpio de Paranagu\u00e1. Um feliz Natal e que 2026 seja um ano cheio de b\u00ean\u00e7\u00e3os para todas as fam\u00edlias\u201d, concluiu.&nbsp;<\/p>\n\n\n\n<p>Os pagamentos refor\u00e7am a pol\u00edtica de valoriza\u00e7\u00e3o do magist\u00e9rio municipal e marcam o encerramento do ano com a regulariza\u00e7\u00e3o de compromissos financeiros assumidos com a categoria.<\/p>\n\n\n\n<p> Jornalista: Luiza Rampelotti\/Foto: Moyses Zanardo<\/p>\n","protected":false},"excerpt":{"rendered":"<p>A Prefeitura de Paranagu\u00e1 anunciou, na segunda-feira, dia 22, um pacote de pagamentos voltado aos profissionais da educa\u00e7\u00e3o municipal, que ser\u00e1 creditado j\u00e1 nesta quarta-feira, dia 24 de dezembro. O an\u00fancio foi feito pelo prefeito Adriano Ramos, ao lado do novo secret\u00e1rio municipal de Educa\u00e7\u00e3o, Thiago Nascimento, mais conhecido como Sonho.&nbsp; Segundo o prefeito, a [&hellip;]<\/p>\n","protected":false},"author":2,"featured_media":75190,"comment_status":"open","ping_status":"open","sticky":false,"template":"","format":"standard","meta":{"advanced_seo_description":"","jetpack_seo_html_title":"","jetpack_seo_noindex":false,"_jetpack_memberships_contains_paid_content":false,"footnotes":""},"categories":[77],"tags":[321],"class_list":{"0":"post-75189","1":"post","2":"type-post","3":"status-publish","4":"format-standard","5":"has-post-thumbnail","7":"category-paranagua","8":"tag-paranagua"},"jetpack_featured_media_url":"https:\/\/www.paranapraia.com.br\/wp-content\/uploads\/2025\/12\/thumb-17.jpeg","jetpack_sharing_enabled":true,"_links":{"self":[{"href":"https:\/\/www.paranapraia.com.br\/index.php\/wp-json\/wp\/v2\/posts\/75189"}],"collection":[{"href":"https:\/\/www.paranapraia.com.br\/index.php\/wp-json\/wp\/v2\/posts"}],"about":[{"href":"https:\/\/www.paranapraia.com.br\/index.php\/wp-json\/wp\/v2\/types\/post"}],"author":[{"embeddable":true,"href":"https:\/\/www.paranapraia.com.br\/index.php\/wp-json\/wp\/v2\/users\/2"}],"replies":[{"embeddable":true,"href":"https:\/\/www.paranapraia.com.br\/index.php\/wp-json\/wp\/v2\/comments?post=75189"}],"version-history":[{"count":1,"href":"https:\/\/www.paranapraia.com.br\/index.php\/wp-json\/wp\/v2\/posts\/75189\/revisions"}],"predecessor-version":[{"id":75191,"href":"https:\/\/www.paranapraia.com.br\/index.php\/wp-json\/wp\/v2\/posts\/75189\/revisions\/75191"}],"wp:featuredmedia":[{"embeddable":true,"href":"https:\/\/www.paranapraia.com.br\/index.php\/wp-json\/wp\/v2\/media\/75190"}],"wp:attachment":[{"href":"https:\/\/www.paranapraia.com.br\/index.php\/wp-json\/wp\/v2\/media?parent=75189"}],"wp:term":[{"taxonomy":"category","embeddable":true,"href":"https:\/\/www.paranapraia.com.br\/index.php\/wp-json\/wp\/v2\/categories?post=75189"},{"taxonomy":"post_tag","embeddable":true,"href":"https:\/\/www.paranapraia.com.br\/index.php\/wp-json\/wp\/v2\/tags?post=75189"}],"curies":[{"name":"wp","href":"https:\/\/api.w.org\/{rel}","templated":true}]}}