{"id":75164,"date":"2025-12-21T23:07:30","date_gmt":"2025-12-22T02:07:30","guid":{"rendered":"https:\/\/www.paranapraia.com.br\/?p=75164"},"modified":"2025-12-21T23:07:32","modified_gmt":"2025-12-22T02:07:32","slug":"bombeiros-realizam-acoes-educativas-para-criancas-no-primeiro-fim-de-semana-do-verao-maior-parana","status":"publish","type":"post","link":"https:\/\/www.paranapraia.com.br\/index.php\/2025\/12\/21\/bombeiros-realizam-acoes-educativas-para-criancas-no-primeiro-fim-de-semana-do-verao-maior-parana\/","title":{"rendered":"Bombeiros realizam a\u00e7\u00f5es educativas para crian\u00e7as no primeiro fim de semana do Ver\u00e3o Maior Paran\u00e1"},"content":{"rendered":"\n<p>O Corpo de Bombeiros Militar do Paran\u00e1 (CBMPR) desenvolveu, neste primeiro fim de semana do Ver\u00e3o Maior Paran\u00e1, a\u00e7\u00f5es educativas voltadas \u00e0s crian\u00e7as e seus familiares no Litoral. Foram fornecidas orienta\u00e7\u00f5es diretas sobre seguran\u00e7a no mar e cuidados para evitar afogamentos.<\/p>\n\n\n\n<p>No s\u00e1bado (20), a a\u00e7\u00e3o preventiva foi desenvolvida em Pontal do Paran\u00e1, onde equipes do Corpo de Bombeiros percorreram a faixa de areia orientando pais e respons\u00e1veis sobre comportamentos seguros em meio aqu\u00e1tico. Neste domingo (21), a a\u00e7\u00e3o educativa ocorreu nos munic\u00edpios de Matinhos e Guaratuba.<\/p>\n\n\n\n<p>Durante a atividade, as crian\u00e7as receberam gibis educativos com passatempos que explicam, de forma l\u00fadica, o significado das bandeiras dos guarda-vidas, como agir em casos de queimaduras por \u00e1gua-viva, al\u00e9m de outras dicas de seguran\u00e7a. Tamb\u00e9m foram distribu\u00eddos adesivos do Corpo de Bombeiros e folders com orienta\u00e7\u00f5es aos pais.<\/p>\n\n\n\n<ul class=\"wp-block-list\">\n<li><strong><a href=\"https:\/\/www.parana.pr.gov.br\/aen\/Noticia\/Com-efetivo-recorde-e-novos-equipamentos-forcas-de-seguranca-comecam-atuacao-no-Verao\" target=\"_blank\" rel=\"noreferrer noopener\">Com efetivo recorde e novos equipamentos, for\u00e7as de seguran\u00e7a come\u00e7am atua\u00e7\u00e3o no Ver\u00e3o Maior<\/a><\/strong><\/li>\n<\/ul>\n\n\n\n<p>De acordo com a 2\u00aa tenente Luana Mara Pessanha, respons\u00e1vel pelas a\u00e7\u00f5es educativas do CBMPR no Ver\u00e3o Maior Paran\u00e1, a proposta \u00e9 aproximar as fam\u00edlias do trabalho preventivo desenvolvido pelos bombeiros.<\/p>\n\n\n\n<p>\u201cEssas a\u00e7\u00f5es permitem que os pais recebam orienta\u00e7\u00f5es importantes, enquanto as crian\u00e7as aprendem brincando. A preven\u00e7\u00e3o come\u00e7a com a informa\u00e7\u00e3o, e quanto mais cedo ela chega, maior \u00e9 a chance de evitarmos acidentes\u201d, destaca a oficial.<\/p>\n\n\n\n<p>A partir da pr\u00f3xima semana, o Corpo de Bombeiros dar\u00e1 in\u00edcio \u00e0s atividades em um posto de comando m\u00f3vel, voltado exclusivamente \u00e0 orienta\u00e7\u00e3o \u00e0s crian\u00e7as. O espa\u00e7o contar\u00e1 com diversas atra\u00e7\u00f5es, como caminh\u00e3o de bombeiro em madeira para fotos, pintura facial, desenhos para colorir, totens fotogr\u00e1ficos, exposi\u00e7\u00e3o de fardamentos e bandeiras de guarda-vidas, al\u00e9m da entrega de materiais educativos.<\/p>\n\n\n\n<p>\u201cO posto de comando ser\u00e1 itinerante e vai circular por Guaratuba, Matinhos, Pontal do Paran\u00e1, Morretes, Antonina, Ilha do Mel e outros pontos do Litoral. Os locais e hor\u00e1rios das a\u00e7\u00f5es ser\u00e3o divulgados nas redes sociais, especialmente no Instagram @litoral_bombeirosparana\u201d, explica a tenente Pessanha.<\/p>\n\n\n\n<ul class=\"wp-block-list\">\n<li><strong><a href=\"https:\/\/www.parana.pr.gov.br\/aen\/Noticia\/Verao-Maior-Parana-tera-669-bombeiros-e-362-guarda-vidas-maior-contingente-da-historia\" target=\"_blank\" rel=\"noreferrer noopener\">Ver\u00e3o Maior Paran\u00e1 ter\u00e1 669 bombeiros e 362 guarda-vidas, maior contingente da hist\u00f3ria<\/a><\/strong><\/li>\n<\/ul>\n\n\n\n<p>A oficial refor\u00e7a que a principal mensagem da educa\u00e7\u00e3o preventiva \u00e9 clara e deve ser seguida por todos. \u201cExiste um local certo para entrar no mar, que \u00e9 sempre o local protegido por guarda-vidas, sinalizado entre as bandeiras vermelha sobre amarela. Nunca se deve entrar no mar em locais n\u00e3o protegidos, indicados pela bandeira preta\u201d, enfatiza.<\/p>\n\n\n\n<p>A educa\u00e7\u00e3o preventiva \u00e9 uma das principais ferramentas do CBMPR para garantir um ver\u00e3o mais seguro para moradores e veranistas em todo o Paran\u00e1.<\/p>\n\n\n\n<p><strong>ORIENTA\u00c7\u00d5ES PARA CRIAN\u00c7AS E PAIS<\/strong><\/p>\n\n\n\n<p>O Corpo de Bombeiros Militar do Paran\u00e1 refor\u00e7a algumas orienta\u00e7\u00f5es importantes durante as a\u00e7\u00f5es educativas:<\/p>\n\n\n\n<p>&nbsp; &nbsp; \u2022 Entre no mar somente em \u00e1reas protegidas por guarda-vidas, sinalizadas com bandeiras vermelha e amarela;<\/p>\n\n\n\n<p>&nbsp; &nbsp; \u2022 Nunca entre na \u00e1gua em locais sinalizados com bandeira preta;<\/p>\n\n\n\n<p>&nbsp; &nbsp; \u2022 Crian\u00e7as devem permanecer sempre sob supervis\u00e3o constante de um adulto;<\/p>\n\n\n\n<p>&nbsp; &nbsp; \u2022 Ensine as crian\u00e7as a reconhecerem as cores das bandeiras e o que cada uma significa;<\/p>\n\n\n\n<p>&nbsp; &nbsp; \u2022 Em caso de queimadura por \u00e1gua-viva, procure imediatamente um guarda-vidas;<\/p>\n\n\n\n<p>&nbsp; &nbsp; \u2022 Siga sempre as orienta\u00e7\u00f5es repassadas<\/p>\n\n\n\n<p>AEN<\/p>\n","protected":false},"excerpt":{"rendered":"<p>O Corpo de Bombeiros Militar do Paran\u00e1 (CBMPR) desenvolveu, neste primeiro fim de semana do Ver\u00e3o Maior Paran\u00e1, a\u00e7\u00f5es educativas voltadas \u00e0s crian\u00e7as e seus familiares no Litoral. Foram fornecidas orienta\u00e7\u00f5es diretas sobre seguran\u00e7a no mar e cuidados para evitar afogamentos. No s\u00e1bado (20), a a\u00e7\u00e3o preventiva foi desenvolvida em Pontal do Paran\u00e1, onde equipes [&hellip;]<\/p>\n","protected":false},"author":2,"featured_media":75165,"comment_status":"open","ping_status":"open","sticky":false,"template":"","format":"standard","meta":{"advanced_seo_description":"","jetpack_seo_html_title":"","jetpack_seo_noindex":false,"_jetpack_memberships_contains_paid_content":false,"footnotes":""},"categories":[40,91],"tags":[316],"class_list":{"0":"post-75164","1":"post","2":"type-post","3":"status-publish","4":"format-standard","5":"has-post-thumbnail","7":"category-destaques","8":"category-litoral","9":"tag-litoral"},"jetpack_featured_media_url":"https:\/\/www.paranapraia.com.br\/wp-content\/uploads\/2025\/12\/whatsapp_image_2025-12-21_at_17.41.55.jpg","jetpack_sharing_enabled":true,"_links":{"self":[{"href":"https:\/\/www.paranapraia.com.br\/index.php\/wp-json\/wp\/v2\/posts\/75164"}],"collection":[{"href":"https:\/\/www.paranapraia.com.br\/index.php\/wp-json\/wp\/v2\/posts"}],"about":[{"href":"https:\/\/www.paranapraia.com.br\/index.php\/wp-json\/wp\/v2\/types\/post"}],"author":[{"embeddable":true,"href":"https:\/\/www.paranapraia.com.br\/index.php\/wp-json\/wp\/v2\/users\/2"}],"replies":[{"embeddable":true,"href":"https:\/\/www.paranapraia.com.br\/index.php\/wp-json\/wp\/v2\/comments?post=75164"}],"version-history":[{"count":1,"href":"https:\/\/www.paranapraia.com.br\/index.php\/wp-json\/wp\/v2\/posts\/75164\/revisions"}],"predecessor-version":[{"id":75166,"href":"https:\/\/www.paranapraia.com.br\/index.php\/wp-json\/wp\/v2\/posts\/75164\/revisions\/75166"}],"wp:featuredmedia":[{"embeddable":true,"href":"https:\/\/www.paranapraia.com.br\/index.php\/wp-json\/wp\/v2\/media\/75165"}],"wp:attachment":[{"href":"https:\/\/www.paranapraia.com.br\/index.php\/wp-json\/wp\/v2\/media?parent=75164"}],"wp:term":[{"taxonomy":"category","embeddable":true,"href":"https:\/\/www.paranapraia.com.br\/index.php\/wp-json\/wp\/v2\/categories?post=75164"},{"taxonomy":"post_tag","embeddable":true,"href":"https:\/\/www.paranapraia.com.br\/index.php\/wp-json\/wp\/v2\/tags?post=75164"}],"curies":[{"name":"wp","href":"https:\/\/api.w.org\/{rel}","templated":true}]}}