{"id":75161,"date":"2025-12-21T22:59:51","date_gmt":"2025-12-22T01:59:51","guid":{"rendered":"https:\/\/www.paranapraia.com.br\/?p=75161"},"modified":"2025-12-21T22:59:53","modified_gmt":"2025-12-22T01:59:53","slug":"festival-de-cervejas-artesanais-movimenta-paranagua-e-atrai-turistas-de-todo-o-litoral","status":"publish","type":"post","link":"https:\/\/www.paranapraia.com.br\/index.php\/2025\/12\/21\/festival-de-cervejas-artesanais-movimenta-paranagua-e-atrai-turistas-de-todo-o-litoral\/","title":{"rendered":"Festival de cervejas artesanais movimenta Paranagu\u00e1 e atrai turistas de todo o Litoral"},"content":{"rendered":"\n<p>A Prefeitura de Paranagu\u00e1 celebrou mais uma edi\u00e7\u00e3o de um evento voltado \u00e0 valoriza\u00e7\u00e3o da cerveja artesanal. Realizado na Pra\u00e7a de Eventos, o festival reuniu representantes de diversas marcas do Litoral do Paran\u00e1, garantindo um p\u00fablico fiel de apreciadores da bebida, especialmente consumida durante o ver\u00e3o.<br>A iniciativa atraiu visitantes de v\u00e1rias cidades da regi\u00e3o, movimentando a economia local, gerando renda e fortalecendo o turismo.<\/p>\n\n\n\n<p>O secret\u00e1rio municipal de Cultura e Turismo destacou o impacto positivo dos eventos promovidos no munic\u00edpio e ressaltou o festival como um dos principais atrativos do calend\u00e1rio local.<\/p>\n\n\n\n<p>\u201cS\u00e3o sete estandes de cerveja, apresentando o melhor da cerveja do Litoral. Esse \u00e9 um evento que vai entrar no calend\u00e1rio municipal, atraindo um excelente p\u00fablico, gerando renda para a cidade e movimentando hot\u00e9is e o com\u00e9rcio em geral\u201d, afirmou o secret\u00e1rio.<\/p>\n\n\n\n<p>Comerciantes enaltecem evento e o impulsiona mento da economia<\/p>\n\n\n\n<p>Representando a Cerveja Brux, Luiz Fernando Ribeiro Kater avaliou de forma positiva a estrutura e o ambiente do evento.<\/p>\n\n\n\n<p>\u201cO ambiente da Pra\u00e7a de Eventos \u00e9 muito conhecido pelo p\u00fablico. Est\u00e1 sendo \u00f3timo, e espero que aconte\u00e7a mais vezes. As comidas, as m\u00fasicas e toda a programa\u00e7\u00e3o atraem muita gente. Um evento como esse aproxima a popula\u00e7\u00e3o, fortalece o com\u00e9rcio e atrai turistas\u201d, destacou.<\/p>\n\n\n\n<p>Leonardo Kossatz Lopes, da Cerveja Ozean, ressaltou a evolu\u00e7\u00e3o da cultura cervejeira e o crescimento da produ\u00e7\u00e3o artesanal no Litoral do Paran\u00e1.<\/p>\n\n\n\n<p>\u201cA cultura cervejeira saiu da cerveja industrial, que nossos pais consumiam, para uma nova era que come\u00e7ou h\u00e1 cerca de 15 ou 20 anos. N\u00f3s abra\u00e7amos esse movimento desde o in\u00edcio e fomos pioneiros na produ\u00e7\u00e3o artesanal no Litoral, junto com grandes \u00edcones de Curitiba e de outras cidades do Brasil\u201d, explicou.<\/p>\n\n\n\n<p>Leonardo tamb\u00e9m convidou o p\u00fablico a participar do festival e experimentar novos sabores.<br>\u201cHoje temos sete chopes diferentes, cada um com sua caracter\u00edstica, origem e sabor \u00fanico. \u00c9 uma grande oportunidade de experimentar receitas especiais durante as festividades natalinas. Al\u00e9m dos chopes, tamb\u00e9m contamos com drinques elaborados com cerveja artesanal. Ser\u00e1 um prazer receber todos aqui\u201d, finalizou.<\/p>\n\n\n\n<p>J\u00e1 L\u00edvia Gura Jorge, da Colina Chopp, destacou a import\u00e2ncia do festival tanto para o p\u00fablico quanto para os comerciantes.<\/p>\n\n\n\n<p>\u201c\u00c9 uma \u00f3tima oportunidade para quem gosta de um bom chopp e tamb\u00e9m para os comerciantes divulgarem seus produtos. O festival \u00e9 muito proveitoso para o turismo e para o com\u00e9rcio da cidade. Tivemos a chance de conhecer sabores diferentes, como chopp de vinho branco e chopp de frutas, que muitas pessoas nunca haviam experimentado. Isso movimenta a cidade e valoriza o turismo local\u201d, concluiu.<\/p>\n\n\n\n<p>Assessoria<\/p>\n","protected":false},"excerpt":{"rendered":"<p>A Prefeitura de Paranagu\u00e1 celebrou mais uma edi\u00e7\u00e3o de um evento voltado \u00e0 valoriza\u00e7\u00e3o da cerveja artesanal. Realizado na Pra\u00e7a de Eventos, o festival reuniu representantes de diversas marcas do Litoral do Paran\u00e1, garantindo um p\u00fablico fiel de apreciadores da bebida, especialmente consumida durante o ver\u00e3o.A iniciativa atraiu visitantes de v\u00e1rias cidades da regi\u00e3o, movimentando [&hellip;]<\/p>\n","protected":false},"author":2,"featured_media":75162,"comment_status":"open","ping_status":"open","sticky":false,"template":"","format":"standard","meta":{"advanced_seo_description":"","jetpack_seo_html_title":"","jetpack_seo_noindex":false,"_jetpack_memberships_contains_paid_content":false,"footnotes":""},"categories":[40,77],"tags":[321],"class_list":{"0":"post-75161","1":"post","2":"type-post","3":"status-publish","4":"format-standard","5":"has-post-thumbnail","7":"category-destaques","8":"category-paranagua","9":"tag-paranagua"},"jetpack_featured_media_url":"https:\/\/www.paranapraia.com.br\/wp-content\/uploads\/2025\/12\/thumb-6.jpeg","jetpack_sharing_enabled":true,"_links":{"self":[{"href":"https:\/\/www.paranapraia.com.br\/index.php\/wp-json\/wp\/v2\/posts\/75161"}],"collection":[{"href":"https:\/\/www.paranapraia.com.br\/index.php\/wp-json\/wp\/v2\/posts"}],"about":[{"href":"https:\/\/www.paranapraia.com.br\/index.php\/wp-json\/wp\/v2\/types\/post"}],"author":[{"embeddable":true,"href":"https:\/\/www.paranapraia.com.br\/index.php\/wp-json\/wp\/v2\/users\/2"}],"replies":[{"embeddable":true,"href":"https:\/\/www.paranapraia.com.br\/index.php\/wp-json\/wp\/v2\/comments?post=75161"}],"version-history":[{"count":1,"href":"https:\/\/www.paranapraia.com.br\/index.php\/wp-json\/wp\/v2\/posts\/75161\/revisions"}],"predecessor-version":[{"id":75163,"href":"https:\/\/www.paranapraia.com.br\/index.php\/wp-json\/wp\/v2\/posts\/75161\/revisions\/75163"}],"wp:featuredmedia":[{"embeddable":true,"href":"https:\/\/www.paranapraia.com.br\/index.php\/wp-json\/wp\/v2\/media\/75162"}],"wp:attachment":[{"href":"https:\/\/www.paranapraia.com.br\/index.php\/wp-json\/wp\/v2\/media?parent=75161"}],"wp:term":[{"taxonomy":"category","embeddable":true,"href":"https:\/\/www.paranapraia.com.br\/index.php\/wp-json\/wp\/v2\/categories?post=75161"},{"taxonomy":"post_tag","embeddable":true,"href":"https:\/\/www.paranapraia.com.br\/index.php\/wp-json\/wp\/v2\/tags?post=75161"}],"curies":[{"name":"wp","href":"https:\/\/api.w.org\/{rel}","templated":true}]}}