{"id":75158,"date":"2025-12-21T22:26:00","date_gmt":"2025-12-22T01:26:00","guid":{"rendered":"https:\/\/www.paranapraia.com.br\/?p=75158"},"modified":"2025-12-21T22:26:02","modified_gmt":"2025-12-22T01:26:02","slug":"com-chafariz-em-funcionamento-praca-de-eventos-reune-familias-e-anima-criancas-neste-fim-de-ano","status":"publish","type":"post","link":"https:\/\/www.paranapraia.com.br\/index.php\/2025\/12\/21\/com-chafariz-em-funcionamento-praca-de-eventos-reune-familias-e-anima-criancas-neste-fim-de-ano\/","title":{"rendered":"Com chafariz em funcionamento, Pra\u00e7a de Eventos re\u00fane fam\u00edlias e anima crian\u00e7as neste fim de ano"},"content":{"rendered":"\n<p>Neste fim de ano, a Pra\u00e7a de Eventos do Centro Hist\u00f3rico se transformou em um espa\u00e7o de encontro para fam\u00edlias e visitantes em Paranagu\u00e1. Al\u00e9m da programa\u00e7\u00e3o do Natal para Todos, que segue at\u00e9 a pr\u00f3xima ter\u00e7a-feira (23), o retorno do chafariz ao funcionamento tem garantido al\u00edvio do calor e alegria para as crian\u00e7as.<\/p>\n\n\n\n<p>Neste domingo (21), com temperatura em torno de 28\u00baC, o espa\u00e7o ficou cheio. Crian\u00e7as se refrescavam no chafariz enquanto fam\u00edlias acompanhavam as atividades e aproveitavam a estrutura montada para o per\u00edodo natalino, transformando a pra\u00e7a em um ambiente de conviv\u00eancia e lazer ao ar livre.<\/p>\n\n\n\n<p>Entre as pessoas que aproveitaram a tarde estava Naiara Gaia Ramos, moradora de Missal (PR), que veio a Paranagu\u00e1 para passar o fim de ano com a fam\u00edlia. \u201cMinha m\u00e3e mora aqui em Paranagu\u00e1 h\u00e1 pouco tempo e meu padrasto trabalha no porto. Vim passar o final de ano com eles e estou gostando bastante. \u00c9 uma cidade bem legal\u201d, contou.<\/p>\n\n\n\n<p>Acompanhada da filha de um ano e quatro meses, Naiara destacou a import\u00e2ncia de espa\u00e7os p\u00fablicos preparados para o lazer das fam\u00edlias. \u201cEst\u00e1 dando para se refrescar e curtir. \u00c9 maravilhoso, incr\u00edvel. Muito bom mesmo\u201d, afirmou.<\/p>\n\n\n\n<p>A av\u00f3 da crian\u00e7a, Vanilda Morais, que vive h\u00e1 cerca de cinco meses em Paranagu\u00e1, tamb\u00e9m aprovou o ambiente. \u201cEu gostei muito da cidade. Tanto que convidei minha filha para passar o Natal comigo aqui. Ainda mais agora, com tantas apresenta\u00e7\u00f5es legais e coisas boas acontecendo\u201d, disse.<\/p>\n\n\n\n<p><strong>Programa\u00e7\u00e3o do Natal para Todos<\/strong><\/p>\n\n\n\n<p>A programa\u00e7\u00e3o do Natal para Todos segue movimentando a Pra\u00e7a de Eventos do Centro Hist\u00f3rico at\u00e9 o dia 23 de dezembro, com apresenta\u00e7\u00f5es culturais, musicais e atividades voltadas para toda a fam\u00edlia.<\/p>\n\n\n\n<p><strong>22\/12 (segunda-feira)<\/strong><\/p>\n\n\n\n<p>&nbsp;\u2022 18h \u00e0s 19h \u2013 DanSer Ballet<\/p>\n\n\n\n<p>&nbsp;\u2022 19h30 \u2013 Cantata de Natal \u2013 Igreja do Nosso Senhor Jesus Cristo (Orquestra Yanni + Coral)<\/p>\n\n\n\n<p>&nbsp;\u2022 21h30 \u2013 Coral Grupo UNATI<\/p>\n\n\n\n<p>&nbsp;\u2022 19h \u00e0s 22h \u2013 Fotos na Casa do Papai Noel<\/p>\n\n\n\n<p><strong>23\/12 (ter\u00e7a-feira)<\/strong><\/p>\n\n\n\n<p>&nbsp;\u2022 19h30 \u2013 Banda Estilo Livre<\/p>\n\n\n\n<p>&nbsp;\u2022 20h30 \u2013 Trio Prog<\/p>\n\n\n\n<p>&nbsp;\u2022 21h \u00e0s 23h \u2013 Fotos na Casa do Papai Noel<\/p>\n\n\n\n<p><strong>Festival da Cerveja do Litoral<\/strong><\/p>\n\n\n\n<p>Al\u00e9m das atra\u00e7\u00f5es natalinas, a pra\u00e7a tamb\u00e9m recebe o Festival da Cerveja do Litoral, que acontece nos dias 22 e 23 de dezembro, sempre das 18h \u00e0 meia-noite, ampliando as op\u00e7\u00f5es de lazer, gastronomia e conviv\u00eancia para moradores e visitantes durante o per\u00edodo de fim de ano.<\/p>\n\n\n\n<p>Com atra\u00e7\u00f5es culturais, espa\u00e7o revitalizado e op\u00e7\u00f5es de lazer para todas as idades, a Pra\u00e7a de Eventos do Centro Hist\u00f3rico \u00e9 um dos principais pontos de encontro das fam\u00edlias neste fim de ano em Paranagu\u00e1.<\/p>\n\n\n\n<p>Assessoria <\/p>\n","protected":false},"excerpt":{"rendered":"<p>Neste fim de ano, a Pra\u00e7a de Eventos do Centro Hist\u00f3rico se transformou em um espa\u00e7o de encontro para fam\u00edlias e visitantes em Paranagu\u00e1. Al\u00e9m da programa\u00e7\u00e3o do Natal para Todos, que segue at\u00e9 a pr\u00f3xima ter\u00e7a-feira (23), o retorno do chafariz ao funcionamento tem garantido al\u00edvio do calor e alegria para as crian\u00e7as. Neste [&hellip;]<\/p>\n","protected":false},"author":2,"featured_media":75159,"comment_status":"open","ping_status":"open","sticky":false,"template":"","format":"standard","meta":{"advanced_seo_description":"","jetpack_seo_html_title":"","jetpack_seo_noindex":false,"_jetpack_memberships_contains_paid_content":false,"footnotes":""},"categories":[40,77],"tags":[1538,321],"class_list":{"0":"post-75158","1":"post","2":"type-post","3":"status-publish","4":"format-standard","5":"has-post-thumbnail","7":"category-destaques","8":"category-paranagua","9":"tag-chafariz","10":"tag-paranagua"},"jetpack_featured_media_url":"https:\/\/www.paranapraia.com.br\/wp-content\/uploads\/2025\/12\/thumb-1.jpeg","jetpack_sharing_enabled":true,"_links":{"self":[{"href":"https:\/\/www.paranapraia.com.br\/index.php\/wp-json\/wp\/v2\/posts\/75158"}],"collection":[{"href":"https:\/\/www.paranapraia.com.br\/index.php\/wp-json\/wp\/v2\/posts"}],"about":[{"href":"https:\/\/www.paranapraia.com.br\/index.php\/wp-json\/wp\/v2\/types\/post"}],"author":[{"embeddable":true,"href":"https:\/\/www.paranapraia.com.br\/index.php\/wp-json\/wp\/v2\/users\/2"}],"replies":[{"embeddable":true,"href":"https:\/\/www.paranapraia.com.br\/index.php\/wp-json\/wp\/v2\/comments?post=75158"}],"version-history":[{"count":1,"href":"https:\/\/www.paranapraia.com.br\/index.php\/wp-json\/wp\/v2\/posts\/75158\/revisions"}],"predecessor-version":[{"id":75160,"href":"https:\/\/www.paranapraia.com.br\/index.php\/wp-json\/wp\/v2\/posts\/75158\/revisions\/75160"}],"wp:featuredmedia":[{"embeddable":true,"href":"https:\/\/www.paranapraia.com.br\/index.php\/wp-json\/wp\/v2\/media\/75159"}],"wp:attachment":[{"href":"https:\/\/www.paranapraia.com.br\/index.php\/wp-json\/wp\/v2\/media?parent=75158"}],"wp:term":[{"taxonomy":"category","embeddable":true,"href":"https:\/\/www.paranapraia.com.br\/index.php\/wp-json\/wp\/v2\/categories?post=75158"},{"taxonomy":"post_tag","embeddable":true,"href":"https:\/\/www.paranapraia.com.br\/index.php\/wp-json\/wp\/v2\/tags?post=75158"}],"curies":[{"name":"wp","href":"https:\/\/api.w.org\/{rel}","templated":true}]}}