{"id":75155,"date":"2025-12-20T15:26:22","date_gmt":"2025-12-20T18:26:22","guid":{"rendered":"https:\/\/www.paranapraia.com.br\/?p=75155"},"modified":"2025-12-20T15:26:24","modified_gmt":"2025-12-20T18:26:24","slug":"veiculos-de-grande-porte-reforcam-atuacao-da-patrulha-costeira-da-pmpr-no-litoral","status":"publish","type":"post","link":"https:\/\/www.paranapraia.com.br\/index.php\/2025\/12\/20\/veiculos-de-grande-porte-reforcam-atuacao-da-patrulha-costeira-da-pmpr-no-litoral\/","title":{"rendered":"Ve\u00edculos de grande porte refor\u00e7am atua\u00e7\u00e3o da Patrulha Costeira da PMPR no Litoral"},"content":{"rendered":"\n<p>A Pol\u00edcia Militar do Paran\u00e1 (PMPR) passa a contar, nesta temporada, com novos ve\u00edculos para refor\u00e7ar o patrulhamento costeiro durante o Ver\u00e3o Maior Paran\u00e1 2026. Duas caminhonetes de grande porte, modelo Chevrolet Silverado, foram incorporadas \u00e0 frota da Patrulha Costeira, ampliando a capacidade de resposta da corpora\u00e7\u00e3o em a\u00e7\u00f5es de seguran\u00e7a, fiscaliza\u00e7\u00e3o e apoio a ocorr\u00eancias mar\u00edtimas e ambientais no Litoral.<\/p>\n\n\n\n<p>Os ve\u00edculos foram projetados para atuarem em terrenos de dif\u00edcil acesso, como faixas de areia, \u00e1reas alagadas e vias pr\u00f3ximas \u00e0 orla, onde viaturas convencionais enfrentam limita\u00e7\u00f5es. Embora qualquer ve\u00edculo possa atolar em determinadas condi\u00e7\u00f5es, o modelo apresenta maior resist\u00eancia e desempenho na areia, garantindo mais mobilidade e seguran\u00e7a \u00e0s equipes durante o patrulhamento.<\/p>\n\n\n\n<p><strong>BLINDADO<\/strong>&nbsp;&#8211; Entre os principais diferenciais dos novos ve\u00edculos, est\u00e1 a prote\u00e7\u00e3o bal\u00edstica integral n\u00edvel 3A, capaz de resistir a disparos de armas de calibres 5,56 mm e 7,62 mm, refor\u00e7ando a seguran\u00e7a dos policiais em um cen\u00e1rio em que o crime transnacional, muitas vezes, atua com elevado grau de viol\u00eancia.<\/p>\n\n\n\n<p>A Silverado tamb\u00e9m se destaca pela capacidade log\u00edstica, podendo transportar grande volume de equipamentos e materiais apreendidos, com carga pr\u00f3xima de uma tonelada na ca\u00e7amba, al\u00e9m de realizar o reboque de embarca\u00e7\u00f5es, jet skis e at\u00e9 ve\u00edculos utilizados por grupos criminosos. A caracter\u00edstica permite que uma \u00fanica equipe atue em ocorr\u00eancias de maior complexidade sem a necessidade de mobilizar outras viaturas para apoio.<\/p>\n\n\n\n<p>Outro ponto relevante \u00e9 o espa\u00e7o interno e o conforto, que possibilitam o transporte de policiais e equipamentos mesmo em longos per\u00edodos de opera\u00e7\u00e3o. O ve\u00edculo conta com motor de aproximadamente 387 cavalos de pot\u00eancia, oferecendo for\u00e7a e torque adequados para deslocamentos r\u00e1pidos e atua\u00e7\u00e3o em terrenos adversos.<\/p>\n\n\n\n<p>Durante o Ver\u00e3o Maior Paran\u00e1 2026, a Silverado ser\u00e1 utilizada de forma integrada \u00e0s demais a\u00e7\u00f5es da PMPR no litoral, funcionando como plataforma terrestre de apoio \u00e0s opera\u00e7\u00f5es costeiras, em conjunto com embarca\u00e7\u00f5es, motos aqu\u00e1ticas e outros meios, contribuindo para a seguran\u00e7a de moradores e veranistas.<\/p>\n\n\n\n<p>A Patrulha Costeira far\u00e1, tamb\u00e9m, o policiamento aqu\u00e1tico com barcos em atua\u00e7\u00e3o integrada com outras for\u00e7as de seguran\u00e7a.<\/p>\n\n\n\n<p><strong>EFETIVO<\/strong>&nbsp;&#8211; Durante a temporada, ser\u00e3o mais de 700 policiais no contingente para refor\u00e7ar a seguran\u00e7a da popula\u00e7\u00e3o. A PMPR tamb\u00e9m conta com os UTVs, ve\u00edculos utilizados na orla mar\u00edtima para maior seguran\u00e7a das pessoas, quadriciclos e motocicletas do Cirocam (Companhia Independente de Rondas Ostensivas com Aplica\u00e7\u00e3o de Motocicletas). Al\u00e9m disso, a opera\u00e7\u00e3o ter\u00e1 o emprego de m\u00f3dulos m\u00f3veis para recep\u00e7\u00e3o e atendimento direto \u00e0 popula\u00e7\u00e3o.<\/p>\n","protected":false},"excerpt":{"rendered":"<p>A Pol\u00edcia Militar do Paran\u00e1 (PMPR) passa a contar, nesta temporada, com novos ve\u00edculos para refor\u00e7ar o patrulhamento costeiro durante o Ver\u00e3o Maior Paran\u00e1 2026. Duas caminhonetes de grande porte, modelo Chevrolet Silverado, foram incorporadas \u00e0 frota da Patrulha Costeira, ampliando a capacidade de resposta da corpora\u00e7\u00e3o em a\u00e7\u00f5es de seguran\u00e7a, fiscaliza\u00e7\u00e3o e apoio a [&hellip;]<\/p>\n","protected":false},"author":2,"featured_media":75156,"comment_status":"open","ping_status":"open","sticky":false,"template":"","format":"standard","meta":{"advanced_seo_description":"","jetpack_seo_html_title":"","jetpack_seo_noindex":false,"_jetpack_memberships_contains_paid_content":false,"footnotes":""},"categories":[91,802],"tags":[317,318],"class_list":{"0":"post-75155","1":"post","2":"type-post","3":"status-publish","4":"format-standard","5":"has-post-thumbnail","7":"category-litoral","8":"category-seguranca","9":"tag-matinhos","10":"tag-pontal-do-parana"},"jetpack_featured_media_url":"https:\/\/www.paranapraia.com.br\/wp-content\/uploads\/2025\/12\/whatsapp_image_2025-12-20_at_11.47.37_1.jpg","jetpack_sharing_enabled":true,"_links":{"self":[{"href":"https:\/\/www.paranapraia.com.br\/index.php\/wp-json\/wp\/v2\/posts\/75155"}],"collection":[{"href":"https:\/\/www.paranapraia.com.br\/index.php\/wp-json\/wp\/v2\/posts"}],"about":[{"href":"https:\/\/www.paranapraia.com.br\/index.php\/wp-json\/wp\/v2\/types\/post"}],"author":[{"embeddable":true,"href":"https:\/\/www.paranapraia.com.br\/index.php\/wp-json\/wp\/v2\/users\/2"}],"replies":[{"embeddable":true,"href":"https:\/\/www.paranapraia.com.br\/index.php\/wp-json\/wp\/v2\/comments?post=75155"}],"version-history":[{"count":1,"href":"https:\/\/www.paranapraia.com.br\/index.php\/wp-json\/wp\/v2\/posts\/75155\/revisions"}],"predecessor-version":[{"id":75157,"href":"https:\/\/www.paranapraia.com.br\/index.php\/wp-json\/wp\/v2\/posts\/75155\/revisions\/75157"}],"wp:featuredmedia":[{"embeddable":true,"href":"https:\/\/www.paranapraia.com.br\/index.php\/wp-json\/wp\/v2\/media\/75156"}],"wp:attachment":[{"href":"https:\/\/www.paranapraia.com.br\/index.php\/wp-json\/wp\/v2\/media?parent=75155"}],"wp:term":[{"taxonomy":"category","embeddable":true,"href":"https:\/\/www.paranapraia.com.br\/index.php\/wp-json\/wp\/v2\/categories?post=75155"},{"taxonomy":"post_tag","embeddable":true,"href":"https:\/\/www.paranapraia.com.br\/index.php\/wp-json\/wp\/v2\/tags?post=75155"}],"curies":[{"name":"wp","href":"https:\/\/api.w.org\/{rel}","templated":true}]}}