{"id":75064,"date":"2025-12-17T10:20:52","date_gmt":"2025-12-17T13:20:52","guid":{"rendered":"https:\/\/www.paranapraia.com.br\/?p=75064"},"modified":"2025-12-17T10:20:54","modified_gmt":"2025-12-17T13:20:54","slug":"prefeitura-de-paranagua-entrega-onibus-para-fortalecer-o-transporte-hospitalar","status":"publish","type":"post","link":"https:\/\/www.paranapraia.com.br\/index.php\/2025\/12\/17\/prefeitura-de-paranagua-entrega-onibus-para-fortalecer-o-transporte-hospitalar\/","title":{"rendered":"Prefeitura de Paranagu\u00e1 entrega \u00f4nibus para fortalecer o transporte hospitalar"},"content":{"rendered":"\n<p>No final da tarde de ter\u00e7a-feira, dia 16, a Prefeitura de Paranagu\u00e1 realizou a entrega oficial de um \u00f4nibus de 46 lugares, que passa a integrar a frota da sa\u00fade do munic\u00edpio. O ve\u00edculo ser\u00e1 utilizado no transporte de pacientes, que necessitam de atendimento m\u00e9dico em hospitais da capital e da Regi\u00e3o Metropolitana de Curitiba.<\/p>\n\n\n\n<p>A iniciativa representa um refor\u00e7o importante para garantir deslocamentos mais seguros e confort\u00e1veis \u00e0 popula\u00e7\u00e3o. O ato de entrega reuniu autoridades municipais e equipes da \u00e1rea da sa\u00fade. A a\u00e7\u00e3o refor\u00e7a o compromisso da administra\u00e7\u00e3o com servi\u00e7os p\u00fablicos mais eficientes.<\/p>\n\n\n\n<p>O novo \u00f4nibus foi adquirido para atender uma demanda constante do sistema municipal de sa\u00fade. Diariamente, dezenas de moradores precisam se deslocar para consultas especializadas, exames e tratamentos fora do munic\u00edpio. Com o novo ve\u00edculo, a Prefeitura de Paranagu\u00e1 amplia a capacidade de atendimento e melhora a log\u00edstica do transporte hospitalar.<\/p>\n\n\n\n<p>Durante a entrega, o prefeito Adriano Ramos destacou o impacto social da iniciativa.<\/p>\n\n\n\n<p>\u201cTivemos um ano bastante dif\u00edcil, com um d\u00e9ficit financeiro de 141 milh\u00f5es de reais em caixa. N\u00e3o havia recursos suficientes para pagar professores ao longo do ano, nem para garantir a merenda dos alunos ou o vale-refei\u00e7\u00e3o dos profissionais da educa\u00e7\u00e3o. Herdamos uma frota sucateada, tanto na educa\u00e7\u00e3o quanto na sa\u00fade, com \u00f4nibus sem condi\u00e7\u00f5es m\u00ednimas de transportar passageiros com seguran\u00e7a. Mesmo assim, conseguimos economizar cerca de 25 milh\u00f5es de reais em contratos e realizamos duas reformas administrativas para reduzir a folha de pagamento. Hoje, posso afirmar com tranquilidade que vamos encerrar 2025 com dinheiro em caixa. Na sa\u00fade, herdamos um problema cr\u00f4nico: filas de tr\u00eas, quatro e at\u00e9 cinco meses de espera por atendimento. Criamos o programa Puxa Fila e reduzimos esse tempo de espera, lan\u00e7amos o Rem\u00e9dio em Casa e avan\u00e7amos com novas unidades , como o posto de sa\u00fade de Nova Bras\u00edlia, na Ilha do Mel, o da Serraria do Rocha e o CAPSiJ, que ser\u00e1 constru\u00eddo na Santa Rita\u201d, destacou.<\/p>\n\n\n\n<p>\u201cFizemos o que foi poss\u00edvel neste primeiro momento, mas 2026 ser\u00e1 um ano diferente, um ano de muitas entregas para a nossa cidade. Este foi o ano de semear, de subir a serra v\u00e1rias vezes por semana em busca de parcerias, e hoje temos aqui um dos resultados desse esfor\u00e7o: um \u00f4nibus que vai transportar 46 passageiros por viagem at\u00e9 a capital e a Regi\u00e3o Metropolitana de Curitiba. Ser\u00e3o cerca de 300 pessoas atendidas por m\u00eas, marcando o in\u00edcio da transforma\u00e7\u00e3o da frota da sa\u00fade. Aproveito para agradecer aos deputados Hussein Bakri, l\u00edder do governo na Assembleia Legislativa, e Beto Preto, secret\u00e1rio de Estado da Sa\u00fade, que t\u00eam contribu\u00eddo com Paranagu\u00e1 e aos demais deputados. No pr\u00f3ximo ano, assim que tivermos o terreno, vamos anunciar oficialmente o novo Pronto Atendimento da regi\u00e3o sul, para que a popula\u00e7\u00e3o possa ser atendida mais perto de onde mora\u201d, afirmou o prefeito.<\/p>\n\n\n\n<p>A vice-prefeita Fabiana Parro tamb\u00e9m ressaltou a import\u00e2ncia do investimento para a popula\u00e7\u00e3o. \u201cQuando damos dignidade \u00e0 pessoa que est\u00e1 enferma, o transporte adequado tamb\u00e9m contribui para o tratamento e para a recupera\u00e7\u00e3o. Estamos trabalhando junto com o prefeito Adriano Ramos e com toda a equipe da Prefeitura para fazer a diferen\u00e7a na vida da nossa popula\u00e7\u00e3o. Esse ve\u00edculo representa mais qualidade no atendimento e mais tranquilidade para os pacientes e suas fam\u00edlias. Muitas pessoas dependem exclusivamente desse transporte para cuidar da pr\u00f3pria sa\u00fade\u201d, declarou. Ela destacou que a gest\u00e3o municipal tem buscado solu\u00e7\u00f5es pr\u00e1ticas para problemas reais do dia a dia. \u201c\u00c9 assim que a administra\u00e7\u00e3o p\u00fablica deve atuar: ouvindo a popula\u00e7\u00e3o e entregando resultados\u201d, afirmou.<\/p>\n\n\n\n<p>O secret\u00e1rio municipal de Sa\u00fade, Daniel Fangueiro, explicou que o \u00f4nibus vai contribuir diretamente para a organiza\u00e7\u00e3o do servi\u00e7o. \u201cCom esse novo ve\u00edculo, conseguimos ampliar o n\u00famero de vagas, melhorar o planejamento das rotas e atender mais pacientes com efici\u00eancia\u201d, disse.<\/p>\n\n\n\n<p>Segundo ele, a demanda por transporte intermunicipal \u00e9 constante e exige estrutura adequada. \u201cEsse investimento fortalece a rede de sa\u00fade e melhora o fluxo de atendimento, proporcionando mais comodidade e seguran\u00e7a aos pacientes. Estamos seguindo uma diretriz estabelecida pelo prefeito Adriano Ramos\u201d, ressaltou.<\/p>\n\n\n\n<p>A entrega do ve\u00edculo refor\u00e7a a pol\u00edtica de transpar\u00eancia e investimento em a\u00e7\u00f5es que geram benef\u00edcios concretos \u00e0 popula\u00e7\u00e3o. A Prefeitura de Paranagu\u00e1 segue investindo na melhoria dos servi\u00e7os p\u00fablicos, especialmente em \u00e1reas essenciais como a sa\u00fade.<\/p>\n\n\n\n<p>O novo \u00f4nibus representa mais acesso, mais cuidado e mais respeito aos cidad\u00e3os. A iniciativa demonstra o compromisso da administra\u00e7\u00e3o municipal com uma sa\u00fade p\u00fablica mais eficiente e humana.<\/p>\n\n\n\n<p>Assessoria <\/p>\n","protected":false},"excerpt":{"rendered":"<p>No final da tarde de ter\u00e7a-feira, dia 16, a Prefeitura de Paranagu\u00e1 realizou a entrega oficial de um \u00f4nibus de 46 lugares, que passa a integrar a frota da sa\u00fade do munic\u00edpio. O ve\u00edculo ser\u00e1 utilizado no transporte de pacientes, que necessitam de atendimento m\u00e9dico em hospitais da capital e da Regi\u00e3o Metropolitana de Curitiba. [&hellip;]<\/p>\n","protected":false},"author":2,"featured_media":75065,"comment_status":"open","ping_status":"open","sticky":false,"template":"","format":"standard","meta":{"advanced_seo_description":"","jetpack_seo_html_title":"","jetpack_seo_noindex":false,"_jetpack_memberships_contains_paid_content":false,"footnotes":""},"categories":[40,77],"tags":[321],"class_list":{"0":"post-75064","1":"post","2":"type-post","3":"status-publish","4":"format-standard","5":"has-post-thumbnail","7":"category-destaques","8":"category-paranagua","9":"tag-paranagua"},"jetpack_featured_media_url":"https:\/\/www.paranapraia.com.br\/wp-content\/uploads\/2025\/12\/thumb-36.jpeg","jetpack_sharing_enabled":true,"_links":{"self":[{"href":"https:\/\/www.paranapraia.com.br\/index.php\/wp-json\/wp\/v2\/posts\/75064"}],"collection":[{"href":"https:\/\/www.paranapraia.com.br\/index.php\/wp-json\/wp\/v2\/posts"}],"about":[{"href":"https:\/\/www.paranapraia.com.br\/index.php\/wp-json\/wp\/v2\/types\/post"}],"author":[{"embeddable":true,"href":"https:\/\/www.paranapraia.com.br\/index.php\/wp-json\/wp\/v2\/users\/2"}],"replies":[{"embeddable":true,"href":"https:\/\/www.paranapraia.com.br\/index.php\/wp-json\/wp\/v2\/comments?post=75064"}],"version-history":[{"count":1,"href":"https:\/\/www.paranapraia.com.br\/index.php\/wp-json\/wp\/v2\/posts\/75064\/revisions"}],"predecessor-version":[{"id":75066,"href":"https:\/\/www.paranapraia.com.br\/index.php\/wp-json\/wp\/v2\/posts\/75064\/revisions\/75066"}],"wp:featuredmedia":[{"embeddable":true,"href":"https:\/\/www.paranapraia.com.br\/index.php\/wp-json\/wp\/v2\/media\/75065"}],"wp:attachment":[{"href":"https:\/\/www.paranapraia.com.br\/index.php\/wp-json\/wp\/v2\/media?parent=75064"}],"wp:term":[{"taxonomy":"category","embeddable":true,"href":"https:\/\/www.paranapraia.com.br\/index.php\/wp-json\/wp\/v2\/categories?post=75064"},{"taxonomy":"post_tag","embeddable":true,"href":"https:\/\/www.paranapraia.com.br\/index.php\/wp-json\/wp\/v2\/tags?post=75064"}],"curies":[{"name":"wp","href":"https:\/\/api.w.org\/{rel}","templated":true}]}}