{"id":75061,"date":"2025-12-16T14:31:50","date_gmt":"2025-12-16T17:31:50","guid":{"rendered":"https:\/\/www.paranapraia.com.br\/?p=75061"},"modified":"2025-12-16T14:31:52","modified_gmt":"2025-12-16T17:31:52","slug":"com-vacinas-disponiveis-no-sus-estado-reforca-imunizantes-essenciais-as-gestantes","status":"publish","type":"post","link":"https:\/\/www.paranapraia.com.br\/index.php\/2025\/12\/16\/com-vacinas-disponiveis-no-sus-estado-reforca-imunizantes-essenciais-as-gestantes\/","title":{"rendered":"Com vacinas dispon\u00edveis no SUS, Estado refor\u00e7a imunizantes essenciais \u00e0s gestantes"},"content":{"rendered":"\n<p>O Paran\u00e1 j\u00e1 aplicou 9.329 doses da vacina contra o V\u00edrus Sincicial Respirat\u00f3rio (VSR) para mulheres gestantes a partir da 28\u00aa semana. Essa vacina foi incorporada neste ano no Calend\u00e1rio Nacional de Vacina\u00e7\u00e3o, chegou ao Estado no dia 3 de dezembro e no dia 5, os munic\u00edpios iniciaram a aplica\u00e7\u00e3o do imunizante. Na rede privada, o imunizante pode custar at\u00e9 R$ 1.600.<\/p>\n\n\n\n<p>Diante da procura por esse imunizante, a Secretaria de Estado da Sa\u00fade (Sesa) faz um alerta para a necessidade das gestantes manterem a caderneta de vacina\u00e7\u00e3o atualizada e receber outros imunizantes essenciais durante o per\u00edodo gestacional, como forma de cuidado com a sa\u00fade dela e do beb\u00ea.<\/p>\n\n\n\n<p>Durante a gesta\u00e7\u00e3o, as mulheres precisam tomar vacinas que protegem contra doen\u00e7as imunopreven\u00edveis, como a hepatite B, influenza, Covid-19, difteria, t\u00e9tano e coqueluche, assim como a VSR. O Paran\u00e1 tem mais de 1.850 salas de vacinas distribu\u00eddas em diversas Unidades B\u00e1sicas de Sa\u00fade (UBS) nos 399 munic\u00edpios.<\/p>\n\n\n\n<p>\u201cManter a caderneta atualizada \u00e9 essencial como forma de prevenir doen\u00e7as. Por isso, a Sesa refor\u00e7a a import\u00e2ncia das gestantes se protegerem contra essas outras doen\u00e7as que tem vacina dispon\u00edveis pelo SUS. Quando forem fazer a aplica\u00e7\u00e3o contra o VSR, podem aproveitar e fazer a para as demais. Pedimos ainda que os profissionais de sa\u00fade aproveitem a oportunidade da vacina\u00e7\u00e3o contra o VSR para verificar a situa\u00e7\u00e3o vacinal das gestantes em rela\u00e7\u00e3o a todas as demais vacinas do Calend\u00e1rio\u201d, orientou o secret\u00e1rio de Estado da Sa\u00fade, Beto Preto.<\/p>\n\n\n\n<p>O alerta da Sesa \u00e9 em raz\u00e3o dos imunizantes estarem com baixos \u00edndices de cobertura entre as gestantes. A vacina\u00e7\u00e3o contra a influenza, cuja meta \u00e9 vacinar 90% das gestantes, o \u00edndice no Paran\u00e1 \u00e9 de 68,82%, com 67.614 doses aplicadas.<\/p>\n\n\n\n<p>J\u00e1 a vacina dTpa, contra difteria, t\u00e9tano e coqueluche, o Estado apresenta um \u00edndice de 58,3% de cobertura vacinal entre as gestantes cadastradas acima de 20 semanas. E contra a covid, apenas 3.191 doses foram aplicadas em gestantes no ano de 2025.<\/p>\n\n\n\n<p>\u201cS\u00e3o \u00edndices que nos preocupam, pois as vacinas est\u00e3o dispon\u00edveis nas salas de vacina\u00e7\u00e3o, s\u00e3o seguras e eficazes, milhares de pessoas j\u00e1 receberam e n\u00e3o existe nenhum problema para a gravides, muito pelo contr\u00e1rio, garantem uma gesta\u00e7\u00e3o mais segura para as futuras mam\u00e3es e tamb\u00e9m para os beb\u00eas. Refor\u00e7o o alerta para que as gestantes se atentem \u00e0 vacina\u00e7\u00e3o contra essas doen\u00e7as\u201d, completou o secret\u00e1rio.<\/p>\n\n\n\n<p>AEN\/PR<\/p>\n","protected":false},"excerpt":{"rendered":"<p>O Paran\u00e1 j\u00e1 aplicou 9.329 doses da vacina contra o V\u00edrus Sincicial Respirat\u00f3rio (VSR) para mulheres gestantes a partir da 28\u00aa semana. Essa vacina foi incorporada neste ano no Calend\u00e1rio Nacional de Vacina\u00e7\u00e3o, chegou ao Estado no dia 3 de dezembro e no dia 5, os munic\u00edpios iniciaram a aplica\u00e7\u00e3o do imunizante. Na rede privada, [&hellip;]<\/p>\n","protected":false},"author":2,"featured_media":75062,"comment_status":"open","ping_status":"open","sticky":false,"template":"","format":"standard","meta":{"advanced_seo_description":"","jetpack_seo_html_title":"","jetpack_seo_noindex":false,"_jetpack_memberships_contains_paid_content":false,"footnotes":""},"categories":[40],"tags":[],"class_list":{"0":"post-75061","1":"post","2":"type-post","3":"status-publish","4":"format-standard","5":"has-post-thumbnail","7":"category-destaques"},"jetpack_featured_media_url":"https:\/\/www.paranapraia.com.br\/wp-content\/uploads\/2025\/12\/vacina8_0.jpg","jetpack_sharing_enabled":true,"_links":{"self":[{"href":"https:\/\/www.paranapraia.com.br\/index.php\/wp-json\/wp\/v2\/posts\/75061"}],"collection":[{"href":"https:\/\/www.paranapraia.com.br\/index.php\/wp-json\/wp\/v2\/posts"}],"about":[{"href":"https:\/\/www.paranapraia.com.br\/index.php\/wp-json\/wp\/v2\/types\/post"}],"author":[{"embeddable":true,"href":"https:\/\/www.paranapraia.com.br\/index.php\/wp-json\/wp\/v2\/users\/2"}],"replies":[{"embeddable":true,"href":"https:\/\/www.paranapraia.com.br\/index.php\/wp-json\/wp\/v2\/comments?post=75061"}],"version-history":[{"count":1,"href":"https:\/\/www.paranapraia.com.br\/index.php\/wp-json\/wp\/v2\/posts\/75061\/revisions"}],"predecessor-version":[{"id":75063,"href":"https:\/\/www.paranapraia.com.br\/index.php\/wp-json\/wp\/v2\/posts\/75061\/revisions\/75063"}],"wp:featuredmedia":[{"embeddable":true,"href":"https:\/\/www.paranapraia.com.br\/index.php\/wp-json\/wp\/v2\/media\/75062"}],"wp:attachment":[{"href":"https:\/\/www.paranapraia.com.br\/index.php\/wp-json\/wp\/v2\/media?parent=75061"}],"wp:term":[{"taxonomy":"category","embeddable":true,"href":"https:\/\/www.paranapraia.com.br\/index.php\/wp-json\/wp\/v2\/categories?post=75061"},{"taxonomy":"post_tag","embeddable":true,"href":"https:\/\/www.paranapraia.com.br\/index.php\/wp-json\/wp\/v2\/tags?post=75061"}],"curies":[{"name":"wp","href":"https:\/\/api.w.org\/{rel}","templated":true}]}}