{"id":75027,"date":"2025-12-15T12:42:10","date_gmt":"2025-12-15T15:42:10","guid":{"rendered":"https:\/\/www.paranapraia.com.br\/?p=75027"},"modified":"2025-12-15T12:42:13","modified_gmt":"2025-12-15T15:42:13","slug":"com-nova-obra-em-reta-final-sanepar-melhora-capacidade-de-distribuicao-de-agua-no-litoral","status":"publish","type":"post","link":"https:\/\/www.paranapraia.com.br\/index.php\/2025\/12\/15\/com-nova-obra-em-reta-final-sanepar-melhora-capacidade-de-distribuicao-de-agua-no-litoral\/","title":{"rendered":"Com nova obra em reta final, Sanepar melhora capacidade de distribui\u00e7\u00e3o de \u00e1gua no Litoral"},"content":{"rendered":"\n<p>Com investimento de R$ 6,1 milh\u00f5es, a Companhia de Saneamento do Paran\u00e1 (Sanepar) est\u00e1 na fase final da obra de implanta\u00e7\u00e3o de um sistema de tratamento de \u00e1gua chamado floco-decantador. Ele vai melhorar a efici\u00eancia da Esta\u00e7\u00e3o de Tratamento de \u00c1gua de Matinhos (ETA Matinhos), principalmente em dias de fortes chuvas, quando h\u00e1 o arrasto de terra, folhas e mat\u00e9ria org\u00e2nica, aumentando a turbidez da \u00e1gua.<\/p>\n\n\n\n<p>A nova estrutura est\u00e1 sendo constru\u00edda na capta\u00e7\u00e3o do Rio Cambar\u00e1, principal manancial de abastecimento da ETA Matinhos. \u201cEssa \u00e9 mais uma das estrat\u00e9gias da Sanepar para garantir que n\u00e3o haja desabastecimento de \u00e1gua por conta do clima chuvoso, que pode prejudicar a capta\u00e7\u00e3o e o tratamento da \u00e1gua. O novo sistema contribui para otimizar a produ\u00e7\u00e3o de \u00e1gua no Litoral\u201d, afirma o diretor-presidente da Sanepar, Wilson Bley.<\/p>\n\n\n\n<p>O processo utiliza produtos qu\u00edmicos que aglutinam as part\u00edculas de terra e mat\u00e9ria org\u00e2nica formando flocos (flocula\u00e7\u00e3o). Estes flocos s\u00e3o depositados no fundo de tanques, em um processo chamado decanta\u00e7\u00e3o. A \u00e1gua mais limpa segue para etapa de filtragem, onde o tratamento \u00e9 finalizado. Esse pr\u00e9-tratamento, d\u00e1 mais agilidade e aumenta a efici\u00eancia na etapa de filtragem da \u00e1gua.&nbsp;<\/p>\n\n\n\n<p>Joilson dos Passos, coordenador industrial da Ger\u00eancia Regional Litoral da Sanepar, explica que a \u00e1gua do Rio Cambar\u00e1 vem direto da Serra do Mar, com qualidade excelente e praticamente sem sedimentos. Por isso, a ETA Matinhos foi constru\u00edda com um sistema de filtragem direta da \u00e1gua. Por\u00e9m, quando ocorrem chuvas mais fortes e volumosas, o excesso de terra, folhas e mat\u00e9ria org\u00e2nica alteram os n\u00edveis de turbidez da \u00e1gua, o que reduz a capacidade da filtragem da esta\u00e7\u00e3o de tratamento.<\/p>\n\n\n\n<p>&#8220;Com o aumento da popula\u00e7\u00e3o que visita o Litoral no ver\u00e3o e do regime de chuvas, foi necess\u00e1rio implantar esse novo processo para aumentar a efici\u00eancia da unidade&#8221;, diz.<\/p>\n\n\n\n<p>As altera\u00e7\u00f5es na \u00e1gua s\u00e3o identificadas em tempo real por instrumentos que fazem o monitoramento 24 horas por dia e enviam as informa\u00e7\u00f5es diretamente para o Centro de Controle da Sanepar. Agora, ao identificar essas mudan\u00e7as, o floco-decantador ser\u00e1 acionado para fazer o pr\u00e9-tratamento da \u00e1gua, agilizando o processo. \u201cJ\u00e1 montamos uma equipe de apoio para deslocamento imediato quando necess\u00e1rio para operar o sistema. Ele ter\u00e1 capacidade para tratar 120 litros de \u00e1gua por segundo\u201d, conta Joilson.<\/p>\n\n\n\n<p>Al\u00e9m de promover seguran\u00e7a operacional, evitando a diminui\u00e7\u00e3o na produ\u00e7\u00e3o e tratamento de \u00e1gua e oscila\u00e7\u00f5es na press\u00e3o, o floco-decantador vem refor\u00e7ar a garantia da qualidade da \u00e1gua tratada. A previs\u00e3o \u00e9 que o sistema comece a operar ainda na temporada 2025\/2026.<\/p>\n\n\n\n<p><strong>INVESTIMENTOS NO LITORAL<\/strong>&nbsp;\u2013&nbsp;Com investimento de R$ 22 milh\u00f5es, a Sanepar vai refor\u00e7ar as suas opera\u00e7\u00f5es no Litoral durante o Ver\u00e3o Maior com a amplia\u00e7\u00e3o da frota de caminh\u00f5es-pipa, contrata\u00e7\u00e3o de 31 geradores de energia, aquisi\u00e7\u00e3o de 15 novos cont\u00eaineres reservat\u00f3rios e 130 novos pontos de telemetria nas redes de \u00e1gua e esgoto. Al\u00e9m de melhorias operacionais nas redes de distribui\u00e7\u00e3o, capta\u00e7\u00f5es e esta\u00e7\u00f5es de tratamento.<\/p>\n\n\n\n<p>Os moradores e veranistas tamb\u00e9m poder\u00e3o contar com postos avan\u00e7ados de atendimento em Guaratuba, Matinhos e Pontal do Paran\u00e1. A Companhia ainda dar\u00e1 continuidade a a\u00e7\u00f5es socioambientais, como os estandes do projeto Esta\u00e7\u00e3o Sanepar de educa\u00e7\u00e3o ambiental, o projeto Praia Acess\u00edvel &#8211; com passarelas e cadeiras anf\u00edbias destinadas a pessoas com defici\u00eancia ou mobilidade reduzida, distribui\u00e7\u00e3o de copos de \u00e1gua e limpeza di\u00e1ria das praias.&nbsp;<\/p>\n\n\n\n<p>AEN<\/p>\n","protected":false},"excerpt":{"rendered":"<p>Com investimento de R$ 6,1 milh\u00f5es, a Companhia de Saneamento do Paran\u00e1 (Sanepar) est\u00e1 na fase final da obra de implanta\u00e7\u00e3o de um sistema de tratamento de \u00e1gua chamado floco-decantador. Ele vai melhorar a efici\u00eancia da Esta\u00e7\u00e3o de Tratamento de \u00c1gua de Matinhos (ETA Matinhos), principalmente em dias de fortes chuvas, quando h\u00e1 o arrasto [&hellip;]<\/p>\n","protected":false},"author":2,"featured_media":75028,"comment_status":"open","ping_status":"open","sticky":false,"template":"","format":"standard","meta":{"advanced_seo_description":"","jetpack_seo_html_title":"","jetpack_seo_noindex":false,"_jetpack_memberships_contains_paid_content":false,"footnotes":""},"categories":[40,778],"tags":[316],"class_list":{"0":"post-75027","1":"post","2":"type-post","3":"status-publish","4":"format-standard","5":"has-post-thumbnail","7":"category-destaques","8":"category-saneamento","9":"tag-litoral"},"jetpack_featured_media_url":"https:\/\/www.paranapraia.com.br\/wp-content\/uploads\/2025\/12\/902bf9bd-0933-4553-8357-369bf634c372.jpg","jetpack_sharing_enabled":true,"_links":{"self":[{"href":"https:\/\/www.paranapraia.com.br\/index.php\/wp-json\/wp\/v2\/posts\/75027"}],"collection":[{"href":"https:\/\/www.paranapraia.com.br\/index.php\/wp-json\/wp\/v2\/posts"}],"about":[{"href":"https:\/\/www.paranapraia.com.br\/index.php\/wp-json\/wp\/v2\/types\/post"}],"author":[{"embeddable":true,"href":"https:\/\/www.paranapraia.com.br\/index.php\/wp-json\/wp\/v2\/users\/2"}],"replies":[{"embeddable":true,"href":"https:\/\/www.paranapraia.com.br\/index.php\/wp-json\/wp\/v2\/comments?post=75027"}],"version-history":[{"count":1,"href":"https:\/\/www.paranapraia.com.br\/index.php\/wp-json\/wp\/v2\/posts\/75027\/revisions"}],"predecessor-version":[{"id":75029,"href":"https:\/\/www.paranapraia.com.br\/index.php\/wp-json\/wp\/v2\/posts\/75027\/revisions\/75029"}],"wp:featuredmedia":[{"embeddable":true,"href":"https:\/\/www.paranapraia.com.br\/index.php\/wp-json\/wp\/v2\/media\/75028"}],"wp:attachment":[{"href":"https:\/\/www.paranapraia.com.br\/index.php\/wp-json\/wp\/v2\/media?parent=75027"}],"wp:term":[{"taxonomy":"category","embeddable":true,"href":"https:\/\/www.paranapraia.com.br\/index.php\/wp-json\/wp\/v2\/categories?post=75027"},{"taxonomy":"post_tag","embeddable":true,"href":"https:\/\/www.paranapraia.com.br\/index.php\/wp-json\/wp\/v2\/tags?post=75027"}],"curies":[{"name":"wp","href":"https:\/\/api.w.org\/{rel}","templated":true}]}}