{"id":75023,"date":"2025-12-15T11:22:06","date_gmt":"2025-12-15T14:22:06","guid":{"rendered":"https:\/\/www.paranapraia.com.br\/?p=75023"},"modified":"2025-12-15T11:22:08","modified_gmt":"2025-12-15T14:22:08","slug":"prefeitura-promove-feira-de-adocao-de-animais-com-tematica-natalina-e-reforca-combate-ao-abandono","status":"publish","type":"post","link":"https:\/\/www.paranapraia.com.br\/index.php\/2025\/12\/15\/prefeitura-promove-feira-de-adocao-de-animais-com-tematica-natalina-e-reforca-combate-ao-abandono\/","title":{"rendered":"Prefeitura promove Feira de Ado\u00e7\u00e3o de Animais com tem\u00e1tica natalina e refor\u00e7a combate ao abandono"},"content":{"rendered":"\n<p>Com o objetivo de conscientizar a popula\u00e7\u00e3o sobre o abandono de animais, que tende a aumentar no fim do ano, a Prefeitura de Paranagu\u00e1 realizou, no \u00faltimo s\u00e1bado (13), mais uma Feira de Ado\u00e7\u00e3o de Animais, desta vez com tem\u00e1tica natalina. A a\u00e7\u00e3o ocorreu no Aeroparque e reuniu moradores interessados em oferecer um novo lar a c\u00e3es e gatos resgatados.<\/p>\n\n\n\n<p>\u201cDurante a feira, cerca de 20 filhotes de c\u00e3es e 12 filhotes de gatos estiveram dispon\u00edveis para ado\u00e7\u00e3o, todos resgatados recentemente. Ao todo, foram realizadas oito ado\u00e7\u00f5es, sendo cinco gatos e tr\u00eas c\u00e3es. Al\u00e9m disso, nossa equipe aplicou 32 doses de vacinas, ampliando o cuidado com a sa\u00fade animal\u201d, explicou a secret\u00e1ria de Servi\u00e7os Urbanos, Chris Rosa.<\/p>\n\n\n\n<figure class=\"wp-block-image size-full\"><img loading=\"lazy\" decoding=\"async\" width=\"850\" height=\"530\" src=\"https:\/\/www.paranapraia.com.br\/wp-content\/uploads\/2025\/12\/thumb-12.jpeg\" alt=\"\" class=\"wp-image-75025\" srcset=\"https:\/\/www.paranapraia.com.br\/wp-content\/uploads\/2025\/12\/thumb-12.jpeg 850w, https:\/\/www.paranapraia.com.br\/wp-content\/uploads\/2025\/12\/thumb-12-300x187.jpeg 300w, https:\/\/www.paranapraia.com.br\/wp-content\/uploads\/2025\/12\/thumb-12-768x479.jpeg 768w, https:\/\/www.paranapraia.com.br\/wp-content\/uploads\/2025\/12\/thumb-12-696x434.jpeg 696w\" sizes=\"(max-width: 850px) 100vw, 850px\" \/><\/figure>\n\n\n\n<p>Todos os animais adotados foram entregues vacinados, testados e vermifugados, garantindo mais seguran\u00e7a e tranquilidade \u00e0s fam\u00edlias adotantes.<\/p>\n\n\n\n<p>A veterin\u00e1ria da Semsu, Marcela Budant Franco, destacou que a feira funciona como um mutir\u00e3o para facilitar o acesso da popula\u00e7\u00e3o \u00e0 ado\u00e7\u00e3o respons\u00e1vel, mas ressaltou que o servi\u00e7o \u00e9 permanente. \u201cAl\u00e9m dos filhotes, a Secretaria tamb\u00e9m disponibiliza animais adultos para ado\u00e7\u00e3o. As feiras ajudam a ampliar a conscientiza\u00e7\u00e3o, mas a ado\u00e7\u00e3o pode ser feita todos os dias. Qualquer pessoa interessada pode comparecer ao Canil Municipal, no Aeroparque, em hor\u00e1rio de atendimento regular. Os eventos especiais, geralmente realizados aos s\u00e1bados, tamb\u00e9m incluem a\u00e7\u00f5es como vacina\u00e7\u00e3o e atividades educativas, especialmente voltadas para as crian\u00e7as\u201d, explicou.<\/p>\n\n\n\n<p>Segundo a equipe t\u00e9cnica, a conviv\u00eancia com animais traz diversos benef\u00edcios, especialmente para as crian\u00e7as, contribuindo para o desenvolvimento do senso de responsabilidade, empatia e cuidado. Em casos de crian\u00e7as com transtorno do espectro autista, o v\u00ednculo com o animal pode ter impacto ainda mais positivo no bem-estar emocional. A orienta\u00e7\u00e3o da Semsu \u00e9 clara: adotar um animal \u00e9 assumir um compromisso de longo prazo, que envolve alimenta\u00e7\u00e3o, higiene, passeios, aten\u00e7\u00e3o e carinho. O animal sente fome, frio, dor e precisa de cuidados cont\u00ednuos.<\/p>\n\n\n\n<p>A Secretaria tamb\u00e9m refor\u00e7a que a popula\u00e7\u00e3o pode e deve denunciar casos de maus-tratos a animais. As den\u00fancias podem ser feitas pelo telefone da Secretaria:<strong>&nbsp;3721-1780 (op\u00e7\u00e3o 3)<\/strong>, de segunda a sexta-feira, das 8h \u00e0s 17h. Todas as ocorr\u00eancias s\u00e3o apuradas por meio de fiscaliza\u00e7\u00e3o e, quando confirmados os maus-tratos, s\u00e3o adotadas as medidas cab\u00edveis, incluindo o resgate dos animais, registro de boletim de ocorr\u00eancia e a\u00e7\u00f5es com respaldo judicial.<\/p>\n\n\n\n<p><strong>Ado\u00e7\u00e3o que transforma vidas<\/strong><\/p>\n\n\n\n<p>Entre os participantes da feira esteve a moradora do bairro Jardim Samambaia, Jana\u00edna Gra\u00e7a da Silva Freixo, que saiu do evento com um novo integrante para a fam\u00edlia. Ela adotou um filhote de cachorro para presentear o filho, Pietro, como presente de Natal.<\/p>\n\n\n\n<p>A decis\u00e3o, segundo Jana\u00edna, veio ap\u00f3s a fam\u00edlia perder o antigo animal de estima\u00e7\u00e3o. \u201cMeu filho ficou muito triste, porque o nosso cachorro saiu e nunca mais voltou. Ent\u00e3o decidimos vir at\u00e9 aqui para escolher um novo companheiro para ele\u201d, contou.<\/p>\n\n\n\n<p>Jana\u00edna soube da a\u00e7\u00e3o pelas redes sociais e decidiu ir ao local assim que tomou conhecimento do hor\u00e1rio. \u201cVi no Facebook e resolvemos vir na hora. Trouxemos o Pietro para ele mesmo escolher o presente de Natal\u201d, relatou.<\/p>\n\n\n\n<p>Ela tamb\u00e9m elogiou o atendimento recebido durante a feira. \u201cNota 10, muito bacana. Gostei muito do atendimento\u201d, afirmou. A experi\u00eancia positiva despertou ainda mais interesse pela ado\u00e7\u00e3o. \u201cFiquei com vontade de levar outro e, quem sabe, na pr\u00f3xima semana eu volte para adotar mais um, dessa vez para mim\u201d, disse.<\/p>\n\n\n\n<p>O novo filhote j\u00e1 tem nome: Bob. A ado\u00e7\u00e3o, segundo Jana\u00edna, trouxe alegria para toda a fam\u00edlia e refor\u00e7a a import\u00e2ncia das feiras de ado\u00e7\u00e3o e do compromisso com o cuidado respons\u00e1vel dos animais.<\/p>\n\n\n\n<p>Assessoria<\/p>\n","protected":false},"excerpt":{"rendered":"<p>Com o objetivo de conscientizar a popula\u00e7\u00e3o sobre o abandono de animais, que tende a aumentar no fim do ano, a Prefeitura de Paranagu\u00e1 realizou, no \u00faltimo s\u00e1bado (13), mais uma Feira de Ado\u00e7\u00e3o de Animais, desta vez com tem\u00e1tica natalina. A a\u00e7\u00e3o ocorreu no Aeroparque e reuniu moradores interessados em oferecer um novo lar [&hellip;]<\/p>\n","protected":false},"author":2,"featured_media":75024,"comment_status":"open","ping_status":"open","sticky":false,"template":"","format":"standard","meta":{"advanced_seo_description":"","jetpack_seo_html_title":"","jetpack_seo_noindex":false,"_jetpack_memberships_contains_paid_content":false,"footnotes":""},"categories":[40,77],"tags":[1533,321],"class_list":{"0":"post-75023","1":"post","2":"type-post","3":"status-publish","4":"format-standard","5":"has-post-thumbnail","7":"category-destaques","8":"category-paranagua","9":"tag-feira-de-adocao-de-animais","10":"tag-paranagua"},"jetpack_featured_media_url":"https:\/\/www.paranapraia.com.br\/wp-content\/uploads\/2025\/12\/thumb-13.jpeg","jetpack_sharing_enabled":true,"_links":{"self":[{"href":"https:\/\/www.paranapraia.com.br\/index.php\/wp-json\/wp\/v2\/posts\/75023"}],"collection":[{"href":"https:\/\/www.paranapraia.com.br\/index.php\/wp-json\/wp\/v2\/posts"}],"about":[{"href":"https:\/\/www.paranapraia.com.br\/index.php\/wp-json\/wp\/v2\/types\/post"}],"author":[{"embeddable":true,"href":"https:\/\/www.paranapraia.com.br\/index.php\/wp-json\/wp\/v2\/users\/2"}],"replies":[{"embeddable":true,"href":"https:\/\/www.paranapraia.com.br\/index.php\/wp-json\/wp\/v2\/comments?post=75023"}],"version-history":[{"count":1,"href":"https:\/\/www.paranapraia.com.br\/index.php\/wp-json\/wp\/v2\/posts\/75023\/revisions"}],"predecessor-version":[{"id":75026,"href":"https:\/\/www.paranapraia.com.br\/index.php\/wp-json\/wp\/v2\/posts\/75023\/revisions\/75026"}],"wp:featuredmedia":[{"embeddable":true,"href":"https:\/\/www.paranapraia.com.br\/index.php\/wp-json\/wp\/v2\/media\/75024"}],"wp:attachment":[{"href":"https:\/\/www.paranapraia.com.br\/index.php\/wp-json\/wp\/v2\/media?parent=75023"}],"wp:term":[{"taxonomy":"category","embeddable":true,"href":"https:\/\/www.paranapraia.com.br\/index.php\/wp-json\/wp\/v2\/categories?post=75023"},{"taxonomy":"post_tag","embeddable":true,"href":"https:\/\/www.paranapraia.com.br\/index.php\/wp-json\/wp\/v2\/tags?post=75023"}],"curies":[{"name":"wp","href":"https:\/\/api.w.org\/{rel}","templated":true}]}}