{"id":75017,"date":"2025-12-15T10:48:12","date_gmt":"2025-12-15T13:48:12","guid":{"rendered":"https:\/\/www.paranapraia.com.br\/?p=75017"},"modified":"2025-12-15T10:48:15","modified_gmt":"2025-12-15T13:48:15","slug":"refis-de-paranagua-e-prorrogado-ate-18-de-dezembro-contribuintes-ganham-mais-tempo-para-regularizar-debitos","status":"publish","type":"post","link":"https:\/\/www.paranapraia.com.br\/index.php\/2025\/12\/15\/refis-de-paranagua-e-prorrogado-ate-18-de-dezembro-contribuintes-ganham-mais-tempo-para-regularizar-debitos\/","title":{"rendered":"Refis de Paranagu\u00e1 \u00e9 prorrogado at\u00e9 18 de dezembro; contribuintes ganham mais tempo para regularizar d\u00e9bitos"},"content":{"rendered":"\n<p>A Prefeitura de Paranagu\u00e1 prorrogou para 18 de dezembro o prazo de ades\u00e3o ao Programa Especial de Recupera\u00e7\u00e3o Fiscal (Refis), ampliando o per\u00edodo para que contribuintes regularizem d\u00edvidas tribut\u00e1rias e n\u00e3o tribut\u00e1rias com condi\u00e7\u00f5es diferenciadas. A altera\u00e7\u00e3o foi oficializada por meio do Decreto 1.422, publicado nesta segunda-feira, dia 15.<\/p>\n\n\n\n<p>O programa abrange d\u00e9bitos vencidos at\u00e9 31 de dezembro de 2024, incluindo IPTU, ISSQN, taxas e multas diversas. Para quem optar pelo pagamento \u00e0 vista, os descontos podem chegar a 100% sobre juros e multas. H\u00e1 ainda op\u00e7\u00f5es de parcelamento que estendem o pagamento em at\u00e9 120 meses.<\/p>\n\n\n\n<p>De acordo com a secret\u00e1ria municipal da Fazenda, Ver\u00f4nica Marodim, o objetivo \u00e9 garantir que mais contribuintes consigam reorganizar suas finan\u00e7as e evitar a judicializa\u00e7\u00e3o dos d\u00e9bitos. Ela refor\u00e7a que pessoas f\u00edsicas e jur\u00eddicas contam com regras espec\u00edficas e condi\u00e7\u00f5es acess\u00edveis.<\/p>\n\n\n\n<p>\u201cAs parcelas m\u00ednimas s\u00e3o de R$ 150 para pessoas f\u00edsicas e R$ 350 para pessoas jur\u00eddicas. E quem participou de edi\u00e7\u00f5es anteriores do Refis e n\u00e3o concluiu o pagamento ter\u00e1 uma nova oportunidade, desde que realize uma entrada de 50% do valor atualizado da d\u00edvida\u201d, afirmou a secret\u00e1ria.<\/p>\n\n\n\n<p><strong>Documentos necess\u00e1rios<\/strong><\/p>\n\n\n\n<p>Para formalizar a ades\u00e3o, os contribuintes devem apresentar:<\/p>\n\n\n\n<p><strong>&#8211; Pessoas f\u00edsicas:&nbsp;<\/strong>documento oficial de identifica\u00e7\u00e3o e comprovante de resid\u00eancia.<br><strong>&#8211; Pessoas jur\u00eddicas:&nbsp;<\/strong>atos constitutivos da empresa, procura\u00e7\u00e3o e, quando houver a\u00e7\u00e3o judicial, o termo de desist\u00eancia.<br>Locais de atendimento<\/p>\n\n\n\n<p>O atendimento ao p\u00fablico \u00e9 realizado de segunda a sexta-feira, das 8h \u00e0s 18h, na Prefeitura de Paranagu\u00e1, na Rua J\u00falia da Costa, 322, Centro Hist\u00f3rico, no setor de atendimento ao p\u00fablico do Pal\u00e1cio Joaquim Teixeira de Magalh\u00e3es. A Subprefeitura Waldir Salmon, localizada na Avenida Bento Munhoz da Rocha Neto, no bairro Nilson Neves, tamb\u00e9m presta atendimento no mesmo hor\u00e1rio.<\/p>\n\n\n\n<p>Para mais informa\u00e7\u00f5es, a popula\u00e7\u00e3o pode entrar em contato pelo telefone (41) 3211-1255.<\/p>\n\n\n\n<p>Com a nova prorroga\u00e7\u00e3o, o Munic\u00edpio refor\u00e7a seu compromisso em facilitar a regulariza\u00e7\u00e3o fiscal e oferecer alternativas para que os contribuintes quitem suas pend\u00eancias sem novos encargos no futuro.<\/p>\n\n\n\n<p>Assessoria<\/p>\n","protected":false},"excerpt":{"rendered":"<p>A Prefeitura de Paranagu\u00e1 prorrogou para 18 de dezembro o prazo de ades\u00e3o ao Programa Especial de Recupera\u00e7\u00e3o Fiscal (Refis), ampliando o per\u00edodo para que contribuintes regularizem d\u00edvidas tribut\u00e1rias e n\u00e3o tribut\u00e1rias com condi\u00e7\u00f5es diferenciadas. A altera\u00e7\u00e3o foi oficializada por meio do Decreto 1.422, publicado nesta segunda-feira, dia 15. O programa abrange d\u00e9bitos vencidos at\u00e9 [&hellip;]<\/p>\n","protected":false},"author":2,"featured_media":75018,"comment_status":"open","ping_status":"open","sticky":false,"template":"","format":"standard","meta":{"advanced_seo_description":"","jetpack_seo_html_title":"","jetpack_seo_noindex":false,"_jetpack_memberships_contains_paid_content":false,"footnotes":""},"categories":[40,77],"tags":[321],"class_list":{"0":"post-75017","1":"post","2":"type-post","3":"status-publish","4":"format-standard","5":"has-post-thumbnail","7":"category-destaques","8":"category-paranagua","9":"tag-paranagua"},"jetpack_featured_media_url":"https:\/\/www.paranapraia.com.br\/wp-content\/uploads\/2025\/12\/thumb-11.jpeg","jetpack_sharing_enabled":true,"_links":{"self":[{"href":"https:\/\/www.paranapraia.com.br\/index.php\/wp-json\/wp\/v2\/posts\/75017"}],"collection":[{"href":"https:\/\/www.paranapraia.com.br\/index.php\/wp-json\/wp\/v2\/posts"}],"about":[{"href":"https:\/\/www.paranapraia.com.br\/index.php\/wp-json\/wp\/v2\/types\/post"}],"author":[{"embeddable":true,"href":"https:\/\/www.paranapraia.com.br\/index.php\/wp-json\/wp\/v2\/users\/2"}],"replies":[{"embeddable":true,"href":"https:\/\/www.paranapraia.com.br\/index.php\/wp-json\/wp\/v2\/comments?post=75017"}],"version-history":[{"count":1,"href":"https:\/\/www.paranapraia.com.br\/index.php\/wp-json\/wp\/v2\/posts\/75017\/revisions"}],"predecessor-version":[{"id":75019,"href":"https:\/\/www.paranapraia.com.br\/index.php\/wp-json\/wp\/v2\/posts\/75017\/revisions\/75019"}],"wp:featuredmedia":[{"embeddable":true,"href":"https:\/\/www.paranapraia.com.br\/index.php\/wp-json\/wp\/v2\/media\/75018"}],"wp:attachment":[{"href":"https:\/\/www.paranapraia.com.br\/index.php\/wp-json\/wp\/v2\/media?parent=75017"}],"wp:term":[{"taxonomy":"category","embeddable":true,"href":"https:\/\/www.paranapraia.com.br\/index.php\/wp-json\/wp\/v2\/categories?post=75017"},{"taxonomy":"post_tag","embeddable":true,"href":"https:\/\/www.paranapraia.com.br\/index.php\/wp-json\/wp\/v2\/tags?post=75017"}],"curies":[{"name":"wp","href":"https:\/\/api.w.org\/{rel}","templated":true}]}}