{"id":75008,"date":"2025-12-15T10:15:00","date_gmt":"2025-12-15T13:15:00","guid":{"rendered":"https:\/\/www.paranapraia.com.br\/?p=75008"},"modified":"2025-12-15T10:15:02","modified_gmt":"2025-12-15T13:15:02","slug":"iat-abre-selecao-e-estabelece-parametros-para-atuacao-de-ambulantes-na-ilha-do-mel","status":"publish","type":"post","link":"https:\/\/www.paranapraia.com.br\/index.php\/2025\/12\/15\/iat-abre-selecao-e-estabelece-parametros-para-atuacao-de-ambulantes-na-ilha-do-mel\/","title":{"rendered":"IAT abre sele\u00e7\u00e3o e estabelece par\u00e2metros para atua\u00e7\u00e3o de ambulantes na Ilha do Mel"},"content":{"rendered":"\n<p>O Instituto \u00c1gua e Terra (IAT) publicou no Di\u00e1rio Oficial do Estado a abertura do processo de cadastramento de pessoas f\u00edsicas e jur\u00eddicas interessadas em prestar servi\u00e7os de com\u00e9rcio ambulante em locais pr\u00e9-determinados na Ilha do Mel, em Paranagu\u00e1. Poder\u00e3o participar da sele\u00e7\u00e3o pessoas f\u00edsicas maiores de 18 anos e pessoas jur\u00eddicas regulares, inclusive Microempreendedores Individuais (MEI), com v\u00ednculo comprovado com a localidade. O trabalho \u00e9 coordenado pela Unidade Administrativa da Ilha do Mel (UNADIM), vinculado ao IAT, em parceria com o Poder P\u00fablico municipal.<\/p>\n\n\n\n<p>De acordo com o texto da\u00a0Portaria IAT 737\/2025, para o exerc\u00edcio da atividade de ambulante fixo provis\u00f3rio, o interessado dever\u00e1 requerer o Relat\u00f3rio de Inspe\u00e7\u00e3o Ambiental (RIA) espec\u00edfico para instala\u00e7\u00e3o tempor\u00e1ria, por meio do Sistema Integrado de Documentos do Estado do Paran\u00e1 \u2013 eProtocolo\u00a0ou presencialmente nos escrit\u00f3rios da UNADIM\/IAT. Al\u00e9m disso, \u00e9 necess\u00e1rio o alvar\u00e1 municipal de funcionamento emitido pela Prefeitura de Paranagu\u00e1.<\/p>\n\n\n\n<p>O RIA tem como finalidade verificar a compatibilidade da atividade com a \u00e1rea de uso autorizada, o tipo de estrutura, o manejo de res\u00edduos e a capacidade de suporte ambiental. O documento ter\u00e1 validade m\u00e1xima de seis meses, correspondendo ao per\u00edodo de 05 de dezembro de 2025 a 31 de maio de 2026, podendo ser renovado mediante nova an\u00e1lise t\u00e9cnica. A autoriza\u00e7\u00e3o \u00e9 pessoal e intransfer\u00edvel, vedada a cess\u00e3o, transfer\u00eancia ou subloca\u00e7\u00e3o do ponto concedido. Ser\u00e3o estabelecidas zonas permitidas para o trabalho.<\/p>\n\n\n\n<p>J\u00e1 para o exerc\u00edcio de atividade comercial fixa de car\u00e1ter permanente, o interessado dever\u00e1 requerer a Licen\u00e7a Ambiental Simplificada (LAS) por meio do\u00a0Sistema de Gest\u00e3o Ambiental \u2013 SGA. A LAS \u00e9 o instrumento de licenciamento ambiental obrigat\u00f3rio para empreendimentos ou atividades de pequeno porte e baixo potencial poluidor.<\/p>\n\n\n\n<p><strong>ATIVIDADES&nbsp;<\/strong>\u2013 As atividades foram divididas em quatro grupos distintos:<\/p>\n\n\n\n<p>&#8211; Grupo 1 \u2013 Alimentos: lanches, salgados, bolos, doces, sorvetes, a\u00e7a\u00ed, saladas de frutas e similares;<\/p>\n\n\n\n<p>&#8211; Grupo 2 \u2013 Bebidas: refrigerantes, sucos, cervejas, \u00e1guas, chopes, batidas e bebidas naturais;<\/p>\n\n\n\n<p>&#8211; Grupo 3 \u2013 coco verde e milho verde, priorizando o uso de utens\u00edlios reutiliz\u00e1veis ou biodegrad\u00e1veis;<\/p>\n\n\n\n<p>&#8211; Grupo 4 \u2013 Produtos n\u00e3o aliment\u00edcios: chap\u00e9us, cangas, biqu\u00ednis, artesanato local, brinquedos de praia, cadeiras, guarda-s\u00f3is e bilhetes tur\u00edsticos.<\/p>\n\n\n\n<p>A Portaria estabelece ainda veda\u00e7\u00f5es importantes como prestar servi\u00e7os fora das \u00e1reas ou per\u00edodos autorizados; instalar estruturas fixas ou cobrir sinaliza\u00e7\u00e3o e trilhas; alimentar, manipular ou causar dano \u00e0 fauna silvestre; comercializar produtos sem proced\u00eancia, vencidos ou sem inspe\u00e7\u00e3o; utilizar recipientes de vidro ou porcelana; expor propagandas ou materiais promocionais sem autoriza\u00e7\u00e3o; abandonar res\u00edduos nas trilhas, praias ou \u00e1reas p\u00fablicas; obstruir vias, passagens ou \u00e1reas de visita\u00e7\u00e3o; e a abordagem de clientes em \u00e1reas p\u00fablicas.<\/p>\n\n\n\n<p>O descumprimento poder\u00e1 acarretar na suspens\u00e3o, cassa\u00e7\u00e3o da autoriza\u00e7\u00e3o e aplica\u00e7\u00e3o das penalidades ambientais cab\u00edveis, conforme legisla\u00e7\u00e3o vigente. O infrator dever\u00e1 ainda reparar eventuais danos ambientais e poder\u00e1 ser impedido de participar de novos processos de cadastramento.<\/p>\n\n\n\n<p>AEN<\/p>\n","protected":false},"excerpt":{"rendered":"<p>O Instituto \u00c1gua e Terra (IAT) publicou no Di\u00e1rio Oficial do Estado a abertura do processo de cadastramento de pessoas f\u00edsicas e jur\u00eddicas interessadas em prestar servi\u00e7os de com\u00e9rcio ambulante em locais pr\u00e9-determinados na Ilha do Mel, em Paranagu\u00e1. Poder\u00e3o participar da sele\u00e7\u00e3o pessoas f\u00edsicas maiores de 18 anos e pessoas jur\u00eddicas regulares, inclusive Microempreendedores [&hellip;]<\/p>\n","protected":false},"author":2,"featured_media":75009,"comment_status":"open","ping_status":"open","sticky":false,"template":"","format":"standard","meta":{"advanced_seo_description":"","jetpack_seo_html_title":"","jetpack_seo_noindex":false,"_jetpack_memberships_contains_paid_content":false,"footnotes":""},"categories":[40,76],"tags":[316],"class_list":{"0":"post-75008","1":"post","2":"type-post","3":"status-publish","4":"format-standard","5":"has-post-thumbnail","7":"category-destaques","8":"category-ilha-do-mel","9":"tag-litoral"},"jetpack_featured_media_url":"https:\/\/www.paranapraia.com.br\/wp-content\/uploads\/2025\/12\/aereas_litoral_0841-scaled.jpg","jetpack_sharing_enabled":true,"_links":{"self":[{"href":"https:\/\/www.paranapraia.com.br\/index.php\/wp-json\/wp\/v2\/posts\/75008"}],"collection":[{"href":"https:\/\/www.paranapraia.com.br\/index.php\/wp-json\/wp\/v2\/posts"}],"about":[{"href":"https:\/\/www.paranapraia.com.br\/index.php\/wp-json\/wp\/v2\/types\/post"}],"author":[{"embeddable":true,"href":"https:\/\/www.paranapraia.com.br\/index.php\/wp-json\/wp\/v2\/users\/2"}],"replies":[{"embeddable":true,"href":"https:\/\/www.paranapraia.com.br\/index.php\/wp-json\/wp\/v2\/comments?post=75008"}],"version-history":[{"count":1,"href":"https:\/\/www.paranapraia.com.br\/index.php\/wp-json\/wp\/v2\/posts\/75008\/revisions"}],"predecessor-version":[{"id":75010,"href":"https:\/\/www.paranapraia.com.br\/index.php\/wp-json\/wp\/v2\/posts\/75008\/revisions\/75010"}],"wp:featuredmedia":[{"embeddable":true,"href":"https:\/\/www.paranapraia.com.br\/index.php\/wp-json\/wp\/v2\/media\/75009"}],"wp:attachment":[{"href":"https:\/\/www.paranapraia.com.br\/index.php\/wp-json\/wp\/v2\/media?parent=75008"}],"wp:term":[{"taxonomy":"category","embeddable":true,"href":"https:\/\/www.paranapraia.com.br\/index.php\/wp-json\/wp\/v2\/categories?post=75008"},{"taxonomy":"post_tag","embeddable":true,"href":"https:\/\/www.paranapraia.com.br\/index.php\/wp-json\/wp\/v2\/tags?post=75008"}],"curies":[{"name":"wp","href":"https:\/\/api.w.org\/{rel}","templated":true}]}}