{"id":74932,"date":"2025-12-11T17:33:20","date_gmt":"2025-12-11T20:33:20","guid":{"rendered":"https:\/\/www.paranapraia.com.br\/?p=74932"},"modified":"2025-12-11T17:33:26","modified_gmt":"2025-12-11T20:33:26","slug":"o-papai-noel-do-natal-para-todos-tem-horario-especial-para-fotos-na-praca-de-eventos","status":"publish","type":"post","link":"https:\/\/www.paranapraia.com.br\/index.php\/2025\/12\/11\/o-papai-noel-do-natal-para-todos-tem-horario-especial-para-fotos-na-praca-de-eventos\/","title":{"rendered":"O Papai Noel do \u201cNatal Para Todos\u201d tem hor\u00e1rio especial para fotos na Pra\u00e7a de Eventos"},"content":{"rendered":"\n<p>O \u201cNatal Para Todos\u201d conta com a presen\u00e7a do bom velhinho com hor\u00e1rios espec\u00edficos para fazer fotos. A casa do Papai Noel fica na Pra\u00e7a de Eventos.<\/p>\n\n\n\n<p>Fique atento tamb\u00e9m \u00e0s datas do Show Encantada, com os personagens de Natal, como os \u201cnataletes\u201d e o Papai Noel.<\/p>\n\n\n\n<p><strong>Programa\u00e7\u00e3o<\/strong><\/p>\n\n\n\n<p><strong>Dia 10\/dez (quarta-feira)<\/strong><\/p>\n\n\n\n<p>Das &nbsp;19h \u00e0s 22h<\/p>\n\n\n\n<p><strong>Dia 11\/dez (quinta-feira)<\/strong><\/p>\n\n\n\n<p>Das 21h15 \u00e0s 23h15<\/p>\n\n\n\n<p>12\/dez (sexta-feira)<\/p>\n\n\n\n<p>Das 19h15 \u00e0s 23h15<\/p>\n\n\n\n<p><strong>Dia 13\/dez (s\u00e1bado)<\/strong><\/p>\n\n\n\n<p>Das 19h15 \u00e0s 23h15<\/p>\n\n\n\n<p><strong>Dia 14\/dez (domingo)<\/strong><\/p>\n\n\n\n<p>Das 19h \u00e0s 23h<\/p>\n\n\n\n<p>Show Encantada com personagens natalinos + fotos com Papai Noel<\/p>\n\n\n\n<p><strong>Dia 15\/dez (segunda-feira)<\/strong><\/p>\n\n\n\n<p>Das 19h \u00e0s 22h<\/p>\n\n\n\n<p>16\/dez (ter\u00e7a-feira)<\/p>\n\n\n\n<p>Das &nbsp;19h \u00e0s 22h<\/p>\n\n\n\n<p><strong>Dia 17\/dez (quarta-feira)<\/strong><\/p>\n\n\n\n<p>Das 19h \u00e0s 22h<\/p>\n\n\n\n<p><strong>Dia 18\/dez (quinta-feira)<\/strong><\/p>\n\n\n\n<p>Das 20h \u00e0s 23h<\/p>\n\n\n\n<p><strong>Dia 19\/dez (sexta-feira)<\/strong><\/p>\n\n\n\n<p>Das 19h \u00e0s 23h<\/p>\n\n\n\n<p>Show Encantada com personagens natalinos + fotos com Papai Noel<\/p>\n\n\n\n<p><strong>Dia 20\/dez (s\u00e1bado)<\/strong><\/p>\n\n\n\n<p>Das 19h \u00e0s 23h + Show Encantada com personagens natalinos<\/p>\n\n\n\n<p><strong>Dia 21\/dez (domingo)<\/strong><\/p>\n\n\n\n<p>Das 19h \u00e0s 23h + Show Encantada com personagens natalinos<\/p>\n\n\n\n<p><strong>Dia 22\/dez (segunda-feira)<\/strong><\/p>\n\n\n\n<p>Das 19h \u00e0s 22h<\/p>\n\n\n\n<p><strong>Dia 23\/dez (ter\u00e7a-feira)<\/strong><\/p>\n\n\n\n<p>Das 21h \u00e0s 23h<\/p>\n\n\n\n<p>Assessoria<\/p>\n","protected":false},"excerpt":{"rendered":"<p>O \u201cNatal Para Todos\u201d conta com a presen\u00e7a do bom velhinho com hor\u00e1rios espec\u00edficos para fazer fotos. A casa do Papai Noel fica na Pra\u00e7a de Eventos. Fique atento tamb\u00e9m \u00e0s datas do Show Encantada, com os personagens de Natal, como os \u201cnataletes\u201d e o Papai Noel. Programa\u00e7\u00e3o Dia 10\/dez (quarta-feira) Das &nbsp;19h \u00e0s 22h [&hellip;]<\/p>\n","protected":false},"author":2,"featured_media":74933,"comment_status":"open","ping_status":"open","sticky":false,"template":"","format":"standard","meta":{"advanced_seo_description":"","jetpack_seo_html_title":"","jetpack_seo_noindex":false,"_jetpack_memberships_contains_paid_content":false,"footnotes":""},"categories":[40,77],"tags":[],"class_list":{"0":"post-74932","1":"post","2":"type-post","3":"status-publish","4":"format-standard","5":"has-post-thumbnail","7":"category-destaques","8":"category-paranagua"},"jetpack_featured_media_url":"https:\/\/www.paranapraia.com.br\/wp-content\/uploads\/2025\/12\/thumb-31.jpeg","jetpack_sharing_enabled":true,"_links":{"self":[{"href":"https:\/\/www.paranapraia.com.br\/index.php\/wp-json\/wp\/v2\/posts\/74932"}],"collection":[{"href":"https:\/\/www.paranapraia.com.br\/index.php\/wp-json\/wp\/v2\/posts"}],"about":[{"href":"https:\/\/www.paranapraia.com.br\/index.php\/wp-json\/wp\/v2\/types\/post"}],"author":[{"embeddable":true,"href":"https:\/\/www.paranapraia.com.br\/index.php\/wp-json\/wp\/v2\/users\/2"}],"replies":[{"embeddable":true,"href":"https:\/\/www.paranapraia.com.br\/index.php\/wp-json\/wp\/v2\/comments?post=74932"}],"version-history":[{"count":1,"href":"https:\/\/www.paranapraia.com.br\/index.php\/wp-json\/wp\/v2\/posts\/74932\/revisions"}],"predecessor-version":[{"id":74934,"href":"https:\/\/www.paranapraia.com.br\/index.php\/wp-json\/wp\/v2\/posts\/74932\/revisions\/74934"}],"wp:featuredmedia":[{"embeddable":true,"href":"https:\/\/www.paranapraia.com.br\/index.php\/wp-json\/wp\/v2\/media\/74933"}],"wp:attachment":[{"href":"https:\/\/www.paranapraia.com.br\/index.php\/wp-json\/wp\/v2\/media?parent=74932"}],"wp:term":[{"taxonomy":"category","embeddable":true,"href":"https:\/\/www.paranapraia.com.br\/index.php\/wp-json\/wp\/v2\/categories?post=74932"},{"taxonomy":"post_tag","embeddable":true,"href":"https:\/\/www.paranapraia.com.br\/index.php\/wp-json\/wp\/v2\/tags?post=74932"}],"curies":[{"name":"wp","href":"https:\/\/api.w.org\/{rel}","templated":true}]}}