{"id":74929,"date":"2025-12-11T15:10:08","date_gmt":"2025-12-11T18:10:08","guid":{"rendered":"https:\/\/www.paranapraia.com.br\/?p=74929"},"modified":"2025-12-11T15:10:10","modified_gmt":"2025-12-11T18:10:10","slug":"sucesso-total-matinhos-recebe-mais-de-150-atletas-na-6a-copa-taeru-kan-de-karate-do-tradicional","status":"publish","type":"post","link":"https:\/\/www.paranapraia.com.br\/index.php\/2025\/12\/11\/sucesso-total-matinhos-recebe-mais-de-150-atletas-na-6a-copa-taeru-kan-de-karate-do-tradicional\/","title":{"rendered":"Sucesso total: Matinhos recebe mais de 150 atletas na 6\u00aa Copa Taeru-Kan de Karate-Do tradicional"},"content":{"rendered":"\n<p>vibrante e de alto n\u00edvel t\u00e9cnico no \u00faltimo s\u00e1bado, dia 06 de dezembro de 2025. A<strong>&nbsp;6\u00aa Copa Taeru-Kan de Karate-Do Tradicional<\/strong>&nbsp;reuniu mais de 150 atletas de diversos munic\u00edpios do Paran\u00e1, consolidando-se como um dos torneios mais importantes do calend\u00e1rio estadual do karat\u00ea.<\/p>\n\n\n\n<p>Com o apoio da Prefeitura Municipal de Matinhos, o evento teve in\u00edcio pontualmente \u00e0s 8h30 e se estendeu durante todo o dia, com competi\u00e7\u00f5es acirradas nas modalidades de<strong>&nbsp;Kata (formas), Shiai Kumite (luta) e Kihon Ippon Kumite.<\/strong>&nbsp;Atletas de diferentes idades e gradua\u00e7\u00f5es, desde as categorias de base at\u00e9 faixas pretas, participaram representando academias de todo o estado.<\/p>\n\n\n\n<p><img decoding=\"async\" src=\"https:\/\/matinhos.atende.net\/cidadao\/load-image\/id\/49EB4434AF48C627B271D9750D77EAB3A9F1C9AF\" alt=\"WhatsApp Image 2025-12-11 at 10_29_00 (3)\">&nbsp;<br><strong>Disciplina, T\u00e9cnica e Esp\u00edrito Esportivo em Destaque<\/strong><\/p>\n\n\n\n<p>A Copa, organizada pela Associa\u00e7\u00e3o Taeru-Kan, foi um verdadeiro marco para o karat\u00ea paranaense. Sob a lideran\u00e7a do presidente Diogo Tonet, o evento reafirmou os valores fundamentais do Karate-Do Tradicional: disciplina, respeito e esp\u00edrito esportivo.<\/p>\n\n\n\n<p><strong>Entre as presen\u00e7as ilustres que engrandeceram ainda mais esta edi\u00e7\u00e3o estiveram:<\/strong><\/p>\n\n\n\n<ul class=\"wp-block-list\">\n<li>Mestre Nelson Santi, fundador da Taerukan, vice-campe\u00e3o mundial e ex-t\u00e9cnico da Sele\u00e7\u00e3o Brasileira;<\/li>\n\n\n\n<li>Jean Edoardo, presidente da FKTPR, refor\u00e7ando o compromisso com o fortalecimento do karat\u00ea tradicional no Paran\u00e1;<\/li>\n\n\n\n<li>Alecsandro Nonato, faixa marrom, instrutor da GMIM e representante oficial da Taerukan em Matinhos.<\/li>\n<\/ul>\n\n\n\n<p>O p\u00fablico presente p\u00f4de acompanhar apresenta\u00e7\u00f5es impressionantes de Kata, onde a precis\u00e3o e a for\u00e7a se destacaram, al\u00e9m de lutas din\u00e2micas no Kumite, repletas de estrat\u00e9gia e velocidade.<\/p>\n\n\n\n<p><img decoding=\"async\" src=\"https:\/\/matinhos.atende.net\/cidadao\/load-image\/id\/491683D6C06E4124F12AA127513C50CB8AABCE0E\" alt=\"WhatsApp Image 2025-12-11 at 10_29_00 (2)\">&nbsp;<br><strong>Homenagem Especial<\/strong><\/p>\n\n\n\n<p>Um dos momentos mais marcantes do evento foi a brilhante apresenta\u00e7\u00e3o do Sensei Nelson Cesaelly, de 85 anos, faixa preta, que emocionou o p\u00fablico ao apresentar o kata Gojushiho-Sho com maestria, t\u00e9cnica refinada e esp\u00edrito marcial inspirador. Um verdadeiro exemplo de longevidade, dedica\u00e7\u00e3o e amor pelo karat\u00ea.&nbsp;<\/p>\n\n\n\n<p><strong>Apoio e Reconhecimento<\/strong><\/p>\n\n\n\n<p>A realiza\u00e7\u00e3o da Copa refor\u00e7a o papel de Matinhos no fomento ao esporte e no incentivo aos atletas locais, al\u00e9m de impulsionar o turismo esportivo no litoral.<\/p>\n\n\n\n<p>A organiza\u00e7\u00e3o agradece o apoio fundamental da Prefeitura Municipal de Matinhos, por meio da Secretaria de Educa\u00e7\u00e3o, Esporte e Cultura, cuja contribui\u00e7\u00e3o foi decisiva para o sucesso do evento.<\/p>\n\n\n\n<p><strong>Tamb\u00e9m estiveram presentes:<\/strong><\/p>\n\n\n\n<ul class=\"wp-block-list\">\n<li>L\u00e9cio Pereira, Diretor Administrativo da Secretaria Municipal de Educa\u00e7\u00e3o, representando a secret\u00e1ria C\u00e9lia Amaral;<\/li>\n\n\n\n<li>O Secret\u00e1rio de Esportes e Lazer de Piraquara, Joselei Vilas Boas.<\/li>\n\n\n\n<li>A todos os atletas, instrutores, mestres, pais e apoiadores, o nosso sincero agradecimento por tornarem esta edi\u00e7\u00e3o t\u00e3o especial.<\/li>\n\n\n\n<li>A Taeru-Kan segue firme no prop\u00f3sito de formar cidad\u00e3os, fortalecer o esporte e construir um legado que inspira gera\u00e7\u00f5es.\u00a0<\/li>\n<\/ul>\n\n\n\n<figure class=\"wp-block-image\"><img decoding=\"async\" src=\"https:\/\/matinhos.atende.net\/cidadao\/load-image\/id\/9F12F74B91B54AD16A72DB938AE6E5F0EE030358\" alt=\"WhatsApp Image 2025-12-11 at 10_29_00\"\/><\/figure>\n","protected":false},"excerpt":{"rendered":"<p>vibrante e de alto n\u00edvel t\u00e9cnico no \u00faltimo s\u00e1bado, dia 06 de dezembro de 2025. A&nbsp;6\u00aa Copa Taeru-Kan de Karate-Do Tradicional&nbsp;reuniu mais de 150 atletas de diversos munic\u00edpios do Paran\u00e1, consolidando-se como um dos torneios mais importantes do calend\u00e1rio estadual do karat\u00ea. Com o apoio da Prefeitura Municipal de Matinhos, o evento teve in\u00edcio pontualmente [&hellip;]<\/p>\n","protected":false},"author":2,"featured_media":74930,"comment_status":"open","ping_status":"open","sticky":false,"template":"","format":"standard","meta":{"advanced_seo_description":"","jetpack_seo_html_title":"","jetpack_seo_noindex":false,"_jetpack_memberships_contains_paid_content":false,"footnotes":""},"categories":[40,88],"tags":[317],"class_list":{"0":"post-74929","1":"post","2":"type-post","3":"status-publish","4":"format-standard","5":"has-post-thumbnail","7":"category-destaques","8":"category-matinhos","9":"tag-matinhos"},"jetpack_featured_media_url":"https:\/\/www.paranapraia.com.br\/wp-content\/uploads\/2025\/12\/img_9F12F74B91B54AD16A72DB938AE6E5F0EE030358_607x1120.png","jetpack_sharing_enabled":true,"_links":{"self":[{"href":"https:\/\/www.paranapraia.com.br\/index.php\/wp-json\/wp\/v2\/posts\/74929"}],"collection":[{"href":"https:\/\/www.paranapraia.com.br\/index.php\/wp-json\/wp\/v2\/posts"}],"about":[{"href":"https:\/\/www.paranapraia.com.br\/index.php\/wp-json\/wp\/v2\/types\/post"}],"author":[{"embeddable":true,"href":"https:\/\/www.paranapraia.com.br\/index.php\/wp-json\/wp\/v2\/users\/2"}],"replies":[{"embeddable":true,"href":"https:\/\/www.paranapraia.com.br\/index.php\/wp-json\/wp\/v2\/comments?post=74929"}],"version-history":[{"count":1,"href":"https:\/\/www.paranapraia.com.br\/index.php\/wp-json\/wp\/v2\/posts\/74929\/revisions"}],"predecessor-version":[{"id":74931,"href":"https:\/\/www.paranapraia.com.br\/index.php\/wp-json\/wp\/v2\/posts\/74929\/revisions\/74931"}],"wp:featuredmedia":[{"embeddable":true,"href":"https:\/\/www.paranapraia.com.br\/index.php\/wp-json\/wp\/v2\/media\/74930"}],"wp:attachment":[{"href":"https:\/\/www.paranapraia.com.br\/index.php\/wp-json\/wp\/v2\/media?parent=74929"}],"wp:term":[{"taxonomy":"category","embeddable":true,"href":"https:\/\/www.paranapraia.com.br\/index.php\/wp-json\/wp\/v2\/categories?post=74929"},{"taxonomy":"post_tag","embeddable":true,"href":"https:\/\/www.paranapraia.com.br\/index.php\/wp-json\/wp\/v2\/tags?post=74929"}],"curies":[{"name":"wp","href":"https:\/\/api.w.org\/{rel}","templated":true}]}}