{"id":74919,"date":"2025-12-11T14:32:11","date_gmt":"2025-12-11T17:32:11","guid":{"rendered":"https:\/\/www.paranapraia.com.br\/?p=74919"},"modified":"2025-12-11T14:32:13","modified_gmt":"2025-12-11T17:32:13","slug":"divulgado-o-resultado-provisorio-do-edital-para-os-palcos-sunset-do-verao-maior-parana-2","status":"publish","type":"post","link":"https:\/\/www.paranapraia.com.br\/index.php\/2025\/12\/11\/divulgado-o-resultado-provisorio-do-edital-para-os-palcos-sunset-do-verao-maior-parana-2\/","title":{"rendered":"Divulgado o resultado provis\u00f3rio do edital para os Palcos Sunset do Ver\u00e3o Maior Paran\u00e1"},"content":{"rendered":"\n<p>O Governo do Estado, por meio da Secretaria da Cultura e do PalcoParan\u00e1, divulgou nesta quarta-feira (10) o&nbsp;<a href=\"https:\/\/www.parana.pr.gov.br\/sites\/default\/arquivos_restritos\/files\/documento\/2025-12\/resultado_provisorio_de_analise_de_merito_10.12.2025.pdf\" target=\"_blank\" rel=\"noreferrer noopener\">resultado provis\u00f3rio da etapa de An\u00e1lise de M\u00e9rito<\/a>&nbsp;do&nbsp;<a href=\"https:\/\/www.palcoparana.pr.gov.br\/Pagina\/Editais\" target=\"_blank\" rel=\"noreferrer noopener\">edital<\/a>&nbsp;que vai selecionar artistas paranaenses para os Palcos Sunset do Ver\u00e3o Maior Paran\u00e1 2026.&nbsp;A publica\u00e7\u00e3o marca uma nova etapa do processo, que agora entra no per\u00edodo de recursos, aberto at\u00e9 12 de dezembro. As contesta\u00e7\u00f5es ser\u00e3o analisadas os dias 17 e 19 e o resultado final, com os selecionados, ser\u00e1 publicado no Di\u00e1rio Oficial em 22 de dezembro.<\/p>\n\n\n\n<p>Nesta temporada, os Palcos Sunset apresentar\u00e3o gratuitamente 52 shows de artistas paranaenses de diversos g\u00eaneros musicais. As estruturas ser\u00e3o instaladas em Caiob\u00e1, Guaratuba e Shangri-l\u00e1, no Litoral, al\u00e9m de Porto Rico e Porto S\u00e3o Jos\u00e9, em S\u00e3o Pedro do Paran\u00e1, no Noroeste. Os shows acontecer\u00e3o entre 2 e 31 de janeiro de 2026, per\u00edodo em que milhares de veranistas circulam pelas praias e balne\u00e1rios. Na \u00faltima temporada, as 49 apresenta\u00e7\u00f5es realizadas nesses espa\u00e7os reuniram mais de 43 mil pessoas.<\/p>\n\n\n\n<p>\u201cOs Palcos Sunset do Ver\u00e3o Maior s\u00e3o verdadeiras vitrines para os nossos artistas paranaenses, e funcionam como pontos de encontro entre p\u00fablico e a cena cultural do Estado\u201d, afirma a secret\u00e1ria estadual da Cultura, Luciana Casagrande Pereira.&nbsp;<\/p>\n\n\n\n<p>Os artistas selecionados pelo edital dos Palcos Sunset receber\u00e3o cach\u00eas divididos em cinco categorias. A Categoria 1, no valor de R$ 6 mil, destina-se a artistas solo nascidos ou radicados nos munic\u00edpios que receber\u00e3o os palcos. As Categorias 2, 3, 4 e 5, com valores entre R$ 12 mil e R$ 45 mil, contemplam grupos musicais e bandas de qualquer parte do Paran\u00e1.<\/p>\n\n\n\n<p>Al\u00e9m da programa\u00e7\u00e3o distribu\u00edda pelo Litoral e Noroeste, o Ver\u00e3o Maior Paran\u00e1 2025\/26 tamb\u00e9m contar\u00e1 com grandes shows em Matinhos e Pontal do Paran\u00e1. Entre as atra\u00e7\u00f5es confirmadas est\u00e3o Alok, Ana Castela, Belo, Z\u00e9 Neto e Cristiano, Luan Pereira, Atitude 67, Roupa Nova, Paralamas do Sucesso, Jeito Moleque, Ra\u00e7a Negra, Hugo &amp; Guilherme e Zez\u00e9 di Camargo &amp; Luciano, al\u00e9m das bandas internacionais Gipsy Kings by Andre Reyes (Fran\u00e7a) e Inner Circle (Jamaica).&nbsp;<\/p>\n\n\n\n<p>O Governo do Estado j\u00e1 anunciou uma das atra\u00e7\u00f5es surpresas da temporada: Gusttavo Lima far\u00e1 show em Matinhos no dia 25 de janeiro. A segunda atra\u00e7\u00e3o surpresa ser\u00e1 divulgada nos pr\u00f3ximos dias.<\/p>\n\n\n\n<p>AEN<\/p>\n","protected":false},"excerpt":{"rendered":"<p>O Governo do Estado, por meio da Secretaria da Cultura e do PalcoParan\u00e1, divulgou nesta quarta-feira (10) o&nbsp;resultado provis\u00f3rio da etapa de An\u00e1lise de M\u00e9rito&nbsp;do&nbsp;edital&nbsp;que vai selecionar artistas paranaenses para os Palcos Sunset do Ver\u00e3o Maior Paran\u00e1 2026.&nbsp;A publica\u00e7\u00e3o marca uma nova etapa do processo, que agora entra no per\u00edodo de recursos, aberto at\u00e9 12 [&hellip;]<\/p>\n","protected":false},"author":2,"featured_media":74920,"comment_status":"open","ping_status":"open","sticky":false,"template":"","format":"standard","meta":{"advanced_seo_description":"","jetpack_seo_html_title":"","jetpack_seo_noindex":false,"_jetpack_memberships_contains_paid_content":false,"footnotes":""},"categories":[40],"tags":[316],"class_list":{"0":"post-74919","1":"post","2":"type-post","3":"status-publish","4":"format-standard","5":"has-post-thumbnail","7":"category-destaques","8":"tag-litoral"},"jetpack_featured_media_url":"https:\/\/www.paranapraia.com.br\/wp-content\/uploads\/2025\/12\/sanfonicaatividades-17-1-scaled.jpg","jetpack_sharing_enabled":true,"_links":{"self":[{"href":"https:\/\/www.paranapraia.com.br\/index.php\/wp-json\/wp\/v2\/posts\/74919"}],"collection":[{"href":"https:\/\/www.paranapraia.com.br\/index.php\/wp-json\/wp\/v2\/posts"}],"about":[{"href":"https:\/\/www.paranapraia.com.br\/index.php\/wp-json\/wp\/v2\/types\/post"}],"author":[{"embeddable":true,"href":"https:\/\/www.paranapraia.com.br\/index.php\/wp-json\/wp\/v2\/users\/2"}],"replies":[{"embeddable":true,"href":"https:\/\/www.paranapraia.com.br\/index.php\/wp-json\/wp\/v2\/comments?post=74919"}],"version-history":[{"count":1,"href":"https:\/\/www.paranapraia.com.br\/index.php\/wp-json\/wp\/v2\/posts\/74919\/revisions"}],"predecessor-version":[{"id":74921,"href":"https:\/\/www.paranapraia.com.br\/index.php\/wp-json\/wp\/v2\/posts\/74919\/revisions\/74921"}],"wp:featuredmedia":[{"embeddable":true,"href":"https:\/\/www.paranapraia.com.br\/index.php\/wp-json\/wp\/v2\/media\/74920"}],"wp:attachment":[{"href":"https:\/\/www.paranapraia.com.br\/index.php\/wp-json\/wp\/v2\/media?parent=74919"}],"wp:term":[{"taxonomy":"category","embeddable":true,"href":"https:\/\/www.paranapraia.com.br\/index.php\/wp-json\/wp\/v2\/categories?post=74919"},{"taxonomy":"post_tag","embeddable":true,"href":"https:\/\/www.paranapraia.com.br\/index.php\/wp-json\/wp\/v2\/tags?post=74919"}],"curies":[{"name":"wp","href":"https:\/\/api.w.org\/{rel}","templated":true}]}}