{"id":74916,"date":"2025-12-11T11:00:02","date_gmt":"2025-12-11T14:00:02","guid":{"rendered":"https:\/\/www.paranapraia.com.br\/?p=74916"},"modified":"2025-12-11T11:00:04","modified_gmt":"2025-12-11T14:00:04","slug":"transito-de-matinhos-mais-organizado-guarda-municipal-comeca-a-aplicar-multas","status":"publish","type":"post","link":"https:\/\/www.paranapraia.com.br\/index.php\/2025\/12\/11\/transito-de-matinhos-mais-organizado-guarda-municipal-comeca-a-aplicar-multas\/","title":{"rendered":"Tr\u00e2nsito de Matinhos mais organizado: Guarda Municipal come\u00e7a a aplicar multas"},"content":{"rendered":"\n<p>A seguran\u00e7a e a organiza\u00e7\u00e3o do tr\u00e2nsito de Matinhos ganharam um novo refor\u00e7o. Desde o dia 8 de dezembro, a Guarda Municipal (GM), sob a coordena\u00e7\u00e3o da Secretaria Municipal de Seguran\u00e7a e Tr\u00e2nsito (SMST), est\u00e1 oficialmente autorizada a realizar fiscaliza\u00e7\u00f5es e aplicar autua\u00e7\u00f5es em toda a cidade, ap\u00f3s a efetiva\u00e7\u00e3o da municipaliza\u00e7\u00e3o do tr\u00e2nsito.<\/p>\n\n\n\n<p>O Secret\u00e1rio de Seguran\u00e7a e Tr\u00e2nsito, Coronel Durval Tavares Junior explicou que a medida \u00e9 resultado de um longo processo que tramitava h\u00e1 anos e que foi impulsionado pela atual gest\u00e3o.<em>&nbsp;&#8220;Houve v\u00e1rios tr\u00e2mites, v\u00e1rias conversas, v\u00e1rios documentos que eles solicitam&#8221;<\/em>, detalhou o Coronel, referindo-se aos procedimentos junto ao Conselho Estadual de Tr\u00e2nsito e \u00e0 Secretaria Nacional de Tr\u00e2nsito (SENATRAN) em Bras\u00edlia, que finalmente emitiu a resolu\u00e7\u00e3o permitindo que Matinhos municipalize o tr\u00e2nsito.<\/p>\n\n\n\n<p><strong>Foco na Organiza\u00e7\u00e3o e na Seguran\u00e7a<\/strong><\/p>\n\n\n\n<p>O objetivo da nova fiscaliza\u00e7\u00e3o n\u00e3o \u00e9 apenas punir, mas principalmente organizar o fluxo de ve\u00edculos e garantir o cumprimento das leis de tr\u00e2nsito.<\/p>\n\n\n\n<p><em>&#8220;Aqueles que andam corretamente, que estacionam corretamente, n\u00e3o v\u00e3o ter nenhum problema,&#8221; afirmou o Secret\u00e1rio.<\/em><\/p>\n\n\n\n<p>No entanto, o Secret\u00e1rio refor\u00e7ou que a Guarda Municipal estar\u00e1 atenta a infra\u00e7\u00f5es que comprometem a seguran\u00e7a e a fluidez, como:<\/p>\n\n\n\n<ul class=\"wp-block-list\">\n<li>Transitar pela contram\u00e3o.\u00a0<\/li>\n\n\n\n<li>Estacionar em local proibido.\u00a0<\/li>\n\n\n\n<li>Dirigir sem cinto de seguran\u00e7a.<\/li>\n\n\n\n<li>Desobedecer a sinaliza\u00e7\u00e3o existente (como placas de\u00a0<em>&#8220;pare&#8221;<\/em>, preferenciais e limites de velocidade).\u00a0<\/li>\n<\/ul>\n\n\n\n<p>A SMST tamb\u00e9m informou que est\u00e1 em processo de aquisi\u00e7\u00e3o de placas e sinaliza\u00e7\u00e3o junto ao Detran, mas ressaltou que as sinaliza\u00e7\u00f5es de tr\u00e2nsito j\u00e1 existentes, como as proibi\u00e7\u00f5es de virar \u00e0 esquerda ou \u00e0 direita, e o respeito \u00e0 faixa de pedestre, continuam v\u00e1lidas e devem ser respeitadas.&nbsp;<\/p>\n\n\n\n<p>A expectativa da prefeitura \u00e9 que a Guarda Municipal exer\u00e7a seu papel para que Matinhos seja uma cidade mais organizada, com um tr\u00e2nsito que flua, e mais segura para todos.&nbsp;<\/p>\n\n\n\n<p>Assessoria<\/p>\n","protected":false},"excerpt":{"rendered":"<p>A seguran\u00e7a e a organiza\u00e7\u00e3o do tr\u00e2nsito de Matinhos ganharam um novo refor\u00e7o. Desde o dia 8 de dezembro, a Guarda Municipal (GM), sob a coordena\u00e7\u00e3o da Secretaria Municipal de Seguran\u00e7a e Tr\u00e2nsito (SMST), est\u00e1 oficialmente autorizada a realizar fiscaliza\u00e7\u00f5es e aplicar autua\u00e7\u00f5es em toda a cidade, ap\u00f3s a efetiva\u00e7\u00e3o da municipaliza\u00e7\u00e3o do tr\u00e2nsito. O [&hellip;]<\/p>\n","protected":false},"author":2,"featured_media":74917,"comment_status":"open","ping_status":"open","sticky":false,"template":"","format":"standard","meta":{"advanced_seo_description":"","jetpack_seo_html_title":"","jetpack_seo_noindex":false,"_jetpack_memberships_contains_paid_content":false,"footnotes":""},"categories":[88],"tags":[317],"class_list":{"0":"post-74916","1":"post","2":"type-post","3":"status-publish","4":"format-standard","5":"has-post-thumbnail","7":"category-matinhos","8":"tag-matinhos"},"jetpack_featured_media_url":"https:\/\/www.paranapraia.com.br\/wp-content\/uploads\/2025\/12\/img_F81E50EDA3B885C8441FEDB89AB9BA336F74E21D_607x1120.png","jetpack_sharing_enabled":true,"_links":{"self":[{"href":"https:\/\/www.paranapraia.com.br\/index.php\/wp-json\/wp\/v2\/posts\/74916"}],"collection":[{"href":"https:\/\/www.paranapraia.com.br\/index.php\/wp-json\/wp\/v2\/posts"}],"about":[{"href":"https:\/\/www.paranapraia.com.br\/index.php\/wp-json\/wp\/v2\/types\/post"}],"author":[{"embeddable":true,"href":"https:\/\/www.paranapraia.com.br\/index.php\/wp-json\/wp\/v2\/users\/2"}],"replies":[{"embeddable":true,"href":"https:\/\/www.paranapraia.com.br\/index.php\/wp-json\/wp\/v2\/comments?post=74916"}],"version-history":[{"count":1,"href":"https:\/\/www.paranapraia.com.br\/index.php\/wp-json\/wp\/v2\/posts\/74916\/revisions"}],"predecessor-version":[{"id":74918,"href":"https:\/\/www.paranapraia.com.br\/index.php\/wp-json\/wp\/v2\/posts\/74916\/revisions\/74918"}],"wp:featuredmedia":[{"embeddable":true,"href":"https:\/\/www.paranapraia.com.br\/index.php\/wp-json\/wp\/v2\/media\/74917"}],"wp:attachment":[{"href":"https:\/\/www.paranapraia.com.br\/index.php\/wp-json\/wp\/v2\/media?parent=74916"}],"wp:term":[{"taxonomy":"category","embeddable":true,"href":"https:\/\/www.paranapraia.com.br\/index.php\/wp-json\/wp\/v2\/categories?post=74916"},{"taxonomy":"post_tag","embeddable":true,"href":"https:\/\/www.paranapraia.com.br\/index.php\/wp-json\/wp\/v2\/tags?post=74916"}],"curies":[{"name":"wp","href":"https:\/\/api.w.org\/{rel}","templated":true}]}}